{"id":242389,"date":"2019-10-04T08:59:14","date_gmt":"2019-10-04T08:59:14","guid":{"rendered":"https:\/\/stage.fincasolmark.com\/?p=242389"},"modified":"2026-08-13T13:30:46","modified_gmt":"2026-08-13T11:30:46","slug":"medioambiente-ecologia-y-turismo-sostenible-ejes-de-las-i-jornadas-de-puertas-abiertas-de-la-finca-solmark","status":"publish","type":"post","link":"https:\/\/stage.fincasolmark.com\/es\/medioambiente-ecologia-y-turismo-sostenible-ejes-de-las-i-jornadas-de-puertas-abiertas-de-la-finca-solmark\/","title":{"rendered":"Medioambiente, ecolog\u00eda y turismo sostenible, ejes de las I Jornadas de Puertas Abiertas de la Finca Solmark"},"content":{"rendered":"\n<div class=\"et_pb_section_0 et_pb_section et_section_regular et_block_section\"><\/div><div class=\"et_pb_section_1 et_pb_section et_section_regular et_block_section\"><div class=\"et_pb_row_0 et_pb_row et_block_row\"><div class=\"et_pb_column_0 et_pb_column et_pb_column_1_3 et_block_column et_pb_css_mix_blend_mode_passthrough\"><div class=\"et_pb_text_0 et_pb_text et_pb_bg_layout_light et_pb_module et_block_module\"><div class=\"et_pb_text_inner\"><p>4<\/p>\n<\/div><\/div><div class=\"et_pb_divider_0 et_pb_divider et_pb_space et_pb_divider_position_top et_pb_module\"><div class=\"et_pb_divider_internal\"><\/div><\/div><div class=\"et_pb_text_1 et_pb_text et_pb_bg_layout_light et_pb_module et_block_module\"><div class=\"et_pb_text_inner\"><p>Octubre, 2019<\/p>\n<\/div><\/div><\/div><div class=\"et_pb_column_1 et_pb_column et_pb_column_2_3 et-last-child et_block_column et_pb_css_mix_blend_mode_passthrough\"><div class=\"et_pb_text_2 et_pb_text et_pb_bg_layout_light et_pb_module et_block_module\"><div class=\"et_pb_text_inner\"><h1><strong>Medioambiente, ecolog\u00eda y turismo sostenible, ejes de las I Jornadas de Puertas Abiertas de la Finca Solmark<\/strong><\/h1>\n<\/div><\/div><div class=\"et_pb_divider_1 et_pb_divider et_pb_space et_pb_divider_position_top et_pb_module\"><div class=\"et_pb_divider_internal\"><\/div><\/div><div class=\"et_pb_text_3 et_pb_text et_pb_bg_layout_light et_pb_module et_block_module\"><div class=\"et_pb_text_inner\"><p><strong><em>Se celebrar\u00e1n el 5 de Octubre a las 11:30h en sus instalaciones de Carratraca, M\u00e1laga y contar\u00e1n con la asistencia del Presidente de la diputaci\u00f3n de M\u00e1laga, D.J. Francisco Salado<\/em><\/strong><\/p>\n<\/div><\/div><div class=\"et_pb_text_4 et_pb_text et_pb_bg_layout_light et_pb_module et_block_module\"><div class=\"et_pb_text_inner\"><p><a href=\"https:\/\/stage.fincasolmark.com\/es\/\"><strong>Finca Solmark<\/strong><\/a>, ecoturismo rural de origen hispano-sueco, que apuesta por la ecolog\u00eda, el cuid<span>ado del medioambiente y el disfrute de la naturaleza, celebra sus <strong>I Jornadas de Puertas Abiertas<\/strong> el <\/span>pr\u00f3ximo <strong>5 de Octubre a las 11:30h<\/strong> en sus instalaciones de <strong>Carratraca, M\u00e1laga.<\/strong><\/p>\n<p><strong><br \/> <\/strong>El objetivo principal de la celebraci\u00f3n de este acto es que todas las personas que quieran conocer la Finca puedan disfrutar de un d\u00eda en la naturaleza con sus familias y amigos, participar en las actividades que tendr\u00e1n lugar, degustar productos de la zona y, sobre todo, descubrir de primera mano su esencia.<\/p>\n<\/div><\/div><div class=\"et_pb_image_0 et_pb_image et_pb_module et_block_module\"><span class=\"et_pb_image_wrap\"><img loading=\"lazy\" decoding=\"async\" src=\"https:\/\/stage.fincasolmark.com\/wp-content\/uploads\/2019\/10\/finca_solmark_i_jornada_puertas_abiertas_olivo.jpg\" width=\"800\" height=\"800\" srcset=\"https:\/\/stage.fincasolmark.com\/wp-content\/uploads\/2019\/10\/finca_solmark_i_jornada_puertas_abiertas_olivo.jpg 800w, https:\/\/stage.fincasolmark.com\/wp-content\/uploads\/2019\/10\/finca_solmark_i_jornada_puertas_abiertas_olivo-480x480.jpg 480w\" sizes=\"(min-width: 0px) and (max-width: 480px) 480px, (min-width: 481px) 800px, 100vw\" class=\"wp-image-242396\" \/><\/span><\/div><\/div><\/div><div class=\"et_pb_row_1 et_pb_row et_block_row\"><div class=\"et_pb_column_2 et_pb_column et_pb_column_3_5 et_block_column et_pb_css_mix_blend_mode_passthrough\"><div class=\"et_pb_image_1 et_pb_image et_pb_image_sticky et_animated et_pb_module et_block_module\"><span class=\"et_pb_image_wrap\"><img loading=\"lazy\" decoding=\"async\" src=\"https:\/\/stage.fincasolmark.com\/wp-content\/uploads\/2019\/05\/finca_solmark_de_empresario_a_emprendedor_rural.jpg\" width=\"800\" height=\"1024\" srcset=\"https:\/\/stage.fincasolmark.com\/wp-content\/uploads\/2019\/05\/finca_solmark_de_empresario_a_emprendedor_rural.jpg 800w, https:\/\/stage.fincasolmark.com\/wp-content\/uploads\/2019\/05\/finca_solmark_de_empresario_a_emprendedor_rural-600x768.jpg 600w, https:\/\/stage.fincasolmark.com\/wp-content\/uploads\/2019\/05\/finca_solmark_de_empresario_a_emprendedor_rural-234x300.jpg 234w, https:\/\/stage.fincasolmark.com\/wp-content\/uploads\/2019\/05\/finca_solmark_de_empresario_a_emprendedor_rural-768x983.jpg 768w, https:\/\/stage.fincasolmark.com\/wp-content\/uploads\/2019\/05\/finca_solmark_de_empresario_a_emprendedor_rural-610x781.jpg 610w\" sizes=\"(max-width: 800px) 100vw, 800px\" class=\"wp-image-238527\" \/><\/span><\/div><\/div><div class=\"et_pb_column_3 et_pb_column et_pb_column_2_5 et-last-child et_block_column et_pb_css_mix_blend_mode_passthrough\"><div class=\"et_pb_text_5 et_pb_text et_pb_bg_layout_light et_pb_module et_block_module\"><div class=\"et_pb_text_inner\"><p><span><strong><em>\u201cEn nuestro ADN est\u00e1 el ser una empresa\u00a0<\/em><\/strong><\/span><strong><em><span>socialmente responsable y convertirnos en un agente de cambio, ya que nuestro proyecto tiene un impacto social y medioambiental importante\u201d,<\/span><\/em> <\/strong><span>apunta su due\u00f1o y fundador<strong>,<\/strong> el sueco <strong>Pelle Lundborg. <\/strong><\/span><\/p>\n<\/div><\/div><\/div><\/div><div class=\"et_pb_row_2 et_pb_row et_block_row\"><div class=\"et_pb_column_4 et_pb_column et_pb_column_1_3 et_block_column et_pb_column_empty et_pb_css_mix_blend_mode_passthrough\"><\/div><div class=\"et_pb_column_5 et_pb_column et_pb_column_2_3 et-last-child et_block_column et_pb_css_mix_blend_mode_passthrough\"><div class=\"et_pb_text_6 et_pb_text et_pb_bg_layout_light et_pb_module et_block_module\"><div class=\"et_pb_text_inner\"><p>Estas Jornadas de Puertas Abiertas, que contar\u00e1n con la <strong>asistencia del Presidente de la Diputaci\u00f3n de M\u00e1laga, D.J. Francisco Salado<\/strong>, son adem\u00e1s, una excelente oportunidad para que los negocios locales de la zona puedan tener visibilidad y que los asistentes puedan apreciar, de primera mano, los productos, servicios y tendencias en el sector rural. Ya han confirmado su participaci\u00f3n empresas del \u00e1mbito del <strong>turismo rural sostenible<\/strong> (<a href=\"https:\/\/www.galeotatourism.com\/\">Galeota Turism<\/a>, Carratraca Rural), <strong>bioconstrucciones<\/strong> (Gronkode), <strong>educaci\u00f3n medioambiental<\/strong> (UMA), <strong>maquinaria agr\u00edcola<\/strong> (Agr\u00edcola Nevada), <strong>energ\u00edas renovables<\/strong> (Campohelios), A<strong>rte bons\u00e1is<\/strong> (<a href=\"https:\/\/universobonsai.com\">Universo Bonsai<\/a>), <strong>pan artesanal<\/strong> (Piquitos Rubio) y <strong>de bienestar y crecimiento personal<\/strong> (Book for Wellness), entre otras.<\/p>\n<\/div><\/div><div class=\"et_pb_text_7 et_pb_text et_pb_bg_layout_light et_pb_module et_block_module\"><div class=\"et_pb_text_inner\"><p>Durante ese d\u00eda, se realizar\u00e1n diferentes actividades pr\u00e1cticas que van desde un \u201cTaller de Gusaparos\u201d para ense\u00f1ar a los m\u00e1s peque\u00f1os el ciclo de la vida de los insectos, a la cata de sus <a href=\"https:\/\/stage.fincasolmark.com\/es\/tienda\/\">aceites de oliva virgen extra<\/a> o la visita a una muestra de la Exposici\u00f3n de Minerales organizada por el profesor titular de Gen\u00e9tica en la Universidad de M\u00e1laga Dr. Enrique Viguera y cedida por \u00a0<a href=\"https:\/\/www.encuentrosconlaciencia.es\/\"><strong>\u201cEncuentros con la Ciencia\u201d<\/strong><\/a> para el acto.<\/p>\n<\/div><\/div><div class=\"et_pb_text_8 et_pb_text et_pb_bg_layout_light et_pb_module et_block_module\"><div class=\"et_pb_text_inner\"><p>M\u00e1s all\u00e1 de ser un alojamiento rural con encanto, Solmark pretende favorecer el cambio <a href=\"https:\/\/stage.fincasolmark.com\/es\/de-una-agricultura-convencional-a-una-agricultura-ecologica-y-sostenible\/\"><strong>de una agricultura convencional a una agricultura ecol\u00f3gica y sostenible<\/strong><\/a><strong>,<\/strong> as\u00ed como fomentar el turismo ecol\u00f3gico en Andaluc\u00eda. Para ello, aporta soluciones a la despoblaci\u00f3n rural de la zona (actividades, talleres, eventos y charlas) y ense\u00f1a nuevas ideas progresistas para cuidar <strong>y respetar el medioambiente.<\/strong> Durante el evento, se mostrar\u00e1n algunas de las pr\u00f3ximas iniciativas que est\u00e1n organizando, como <a href=\"https:\/\/stage.fincasolmark.com\/es\/apadrina-un-olivo\/\"><strong>la \u201cFiesta de la Cosecha para el Apadrinamiento de Olivos\u201d<\/strong><\/a> que se celebrar\u00e1 el pr\u00f3ximo 23 de noviembre.<\/p>\n<\/div><\/div><div class=\"et_pb_text_9 et_pb_text et_pb_bg_layout_light et_pb_module et_block_module\"><div class=\"et_pb_text_inner\"><p>Estas primeras Jornadas de Puertas Abiertas coinciden con la incorporaci\u00f3n de Finca Solmark a <a href=\"https:\/\/foretica.org\/\"><strong>For\u00e9tica,<\/strong><\/a> organizaci\u00f3n referente en sostenibilidad y responsabilidad social empresarial, cuya misi\u00f3n es integrar los aspectos sociales, ambientales y de buen gobierno en la estrategia y gesti\u00f3n de empresas y organizaciones.<\/p>\n<\/div><\/div><div class=\"et_pb_text_10 et_pb_text et_pb_bg_layout_light et_pb_module et_block_module\"><div class=\"et_pb_text_inner\"><p>En palabras de Lundborg, <strong><em>\u201cno es f\u00e1cil expresar con palabras lo que es la Finca, en la que puedes relajarte en plena naturaleza, apadrinar un olivo, plantar un aguacate, recoger fruta ecol\u00f3gica del huerto, visitar hoteles para insectos, perderte en uno de sus preciosos rincones para meditar, disfrutar del aceite de oliva virgen extra que fabricamos o apuntarte a algunas de las <\/em><\/strong><a href=\"https:\/\/stage.fincasolmark.com\/es\/world-cleanup-day-2019\/\"><strong><em>actividades de limpieza y reciclaje<\/em><\/strong><\/a><strong><em> que organizamos, por citar tan s\u00f3lo unos ejemplos. Lo m\u00e1s importante, es sembrar conciencia medioambiental y que la gente entienda que todos somos responsables de cuidar el planeta, empezando por nosotros mismos. Mucha gente habla y mira pero realmente no act\u00faa, no pasa a la acci\u00f3n\u201d.<\/em><\/strong><\/p>\n<\/div><\/div><div class=\"et_pb_text_11 et_pb_text et_pb_bg_layout_light et_pb_module et_block_module\"><div class=\"et_pb_text_inner\"><p>As\u00ed mismo, al final de las Jornadas, se realizar\u00e1, entre todos los profesionales asistentes al evento el <strong>sorteo de unas entradas para visitar el Caminito del Rey<\/strong> , candidato a ser <a href=\"http:\/\/www.malaga.es\/es\/turismo\/3313\/com1_md3_cd-39351\/\"><strong>Patrimonio de la Humanidad<\/strong><\/a> y se plantar\u00e1 un olivo como homenaje a<strong> Candela Arroyo, <\/strong>una de las deportistas que han sido premiadas este a\u00f1o junto con su equipo como<strong> \u201cCampeonas de Espa\u00f1a de Balonmano Playa en categor\u00eda juvenil femenina\u201d.<\/strong><\/p>\n<\/div><\/div><\/div><\/div><div class=\"et_pb_row_3 et_pb_row et_block_row\"><div class=\"et_pb_column_6 et_pb_column et_pb_column_1_2 et_block_column et_pb_css_mix_blend_mode_passthrough\"><div class=\"et_pb_image_2 et_pb_image et_pb_module et_block_module\"><span class=\"et_pb_image_wrap\"><img loading=\"lazy\" decoding=\"async\" src=\"https:\/\/stage.fincasolmark.com\/wp-content\/uploads\/2019\/10\/finca_solmark_i_jornada_puertas_abiertas_casita_rural.jpg\" width=\"800\" height=\"643\" srcset=\"https:\/\/stage.fincasolmark.com\/wp-content\/uploads\/2019\/10\/finca_solmark_i_jornada_puertas_abiertas_casita_rural.jpg 800w, https:\/\/stage.fincasolmark.com\/wp-content\/uploads\/2019\/10\/finca_solmark_i_jornada_puertas_abiertas_casita_rural-480x386.jpg 480w\" sizes=\"(min-width: 0px) and (max-width: 480px) 480px, (min-width: 481px) 800px, 100vw\" class=\"wp-image-242400\" \/><\/span><\/div><\/div><div class=\"et_pb_column_7 et_pb_column et_pb_column_1_2 et-last-child et_block_column et_pb_css_mix_blend_mode_passthrough\"><div class=\"et_pb_text_12 et_pb_text et_pb_bg_layout_light et_pb_module et_block_module\"><div class=\"et_pb_text_inner\"><p><strong>SOBRE FINCA SOLMARK<\/strong><\/p>\n<p><strong><em>Finca Solmark<\/em><\/strong><em><span>\u00a0<\/span>es un<strong><span>\u00a0<\/span>EcoTurismo Rural<\/strong> de origen hispano-sueco que se dedica a la fabricaci\u00f3n, comercializaci\u00f3n y exportaci\u00f3n\u00a0de aceite de oliva, aguacate y otros productos ecol\u00f3gicos a Europa.\u00a0Dispone de un alojamiento rural con encanto y de varios proyectos de concienciaci\u00f3n, divulgaci\u00f3n y educaci\u00f3n medioambiental.<\/em><\/p>\n<p>&nbsp;<\/p>\n<p><strong>Web:<\/strong> <a href=\"https:\/\/stage.fincasolmark.com\/\">https:\/\/stage.fincasolmark.com\/<\/a><\/p>\n<p><strong>E-mail:<\/strong> <a href=\"mailto:hi@fincasolmark.com\">hi@fincasolmark.com<\/a><\/p>\n<\/div><\/div><\/div><\/div><\/div><div class=\"et_pb_section_2 et_pb_section et_section_regular et_block_section\"><div class=\"et_pb_row_4 et_pb_row et_pb_equal_columns et_pb_gutters1 et_block_row\"><div class=\"et_pb_column_8 et_pb_column et_pb_column_4_4 et-last-child et_block_column et_pb_css_mix_blend_mode_passthrough\"><div class=\"et_pb_gallery_0 et_pb_gallery et_pb_bg_layout_light et_pb_text_align_center et_pb_gallery_grid et_pb_module galeria-carratraca\" data-auto-rotate=\"off\" data-auto-rotate-speed=\"\"><div class=\"et_pb_gallery_items et_post_gallery clearfix et_grid_module\" data-per_page=\"100\"><div class=\"et_pb_gallery_item et_pb_grid_item et_pb_gallery_item_0_0\"><div class=\"et_pb_gallery_image landscape\" data-per_page=\"100\"><a href=\"https:\/\/stage.fincasolmark.com\/wp-content\/uploads\/2019\/10\/finca_solmark_i_jornada_puertas_abiertas_cesta_de_frutas.jpg\" title=\"finca_solmark_i_jornada_puertas_abiertas_cesta_de_frutas\"><img loading=\"lazy\" decoding=\"async\" width=\"400\" height=\"284\" src=\"https:\/\/stage.fincasolmark.com\/wp-content\/uploads\/2019\/10\/finca_solmark_i_jornada_puertas_abiertas_cesta_de_frutas-400x284.jpg\" alt=\"\" class=\"wp-image-242407\" srcset=\"https:\/\/stage.fincasolmark.com\/wp-content\/uploads\/2019\/10\/finca_solmark_i_jornada_puertas_abiertas_cesta_de_frutas.jpg 479w, https:\/\/stage.fincasolmark.com\/wp-content\/uploads\/2019\/10\/finca_solmark_i_jornada_puertas_abiertas_cesta_de_frutas-400x284.jpg 480w\" sizes=\"(max-width:479px) 479px, 100vw\" \/><span class=\"et_overlay\" data-icon=\"\" data-icon-tablet=\"\" data-icon-phone=\"\"><\/span><\/a><\/div><\/div><div class=\"et_pb_gallery_item et_pb_grid_item et_pb_gallery_item_0_1\"><div class=\"et_pb_gallery_image landscape\" data-per_page=\"100\"><a href=\"https:\/\/stage.fincasolmark.com\/wp-content\/uploads\/2019\/10\/finca_solmark_i_jornada_puertas_abiertas_cesta_de_frutas_01.jpg\" title=\"finca_solmark_i_jornada_puertas_abiertas_cesta_de_frutas_01\"><img loading=\"lazy\" decoding=\"async\" width=\"400\" height=\"284\" src=\"https:\/\/stage.fincasolmark.com\/wp-content\/uploads\/2019\/10\/finca_solmark_i_jornada_puertas_abiertas_cesta_de_frutas_01-400x284.jpg\" alt=\"\" class=\"wp-image-242410\" srcset=\"https:\/\/stage.fincasolmark.com\/wp-content\/uploads\/2019\/10\/finca_solmark_i_jornada_puertas_abiertas_cesta_de_frutas_01.jpg 479w, https:\/\/stage.fincasolmark.com\/wp-content\/uploads\/2019\/10\/finca_solmark_i_jornada_puertas_abiertas_cesta_de_frutas_01-400x284.jpg 480w\" sizes=\"(max-width:479px) 479px, 100vw\" \/><span class=\"et_overlay\" data-icon=\"\" data-icon-tablet=\"\" data-icon-phone=\"\"><\/span><\/a><\/div><\/div><div class=\"et_pb_gallery_item et_pb_grid_item et_pb_gallery_item_0_2\"><div class=\"et_pb_gallery_image landscape\" data-per_page=\"100\"><a href=\"https:\/\/stage.fincasolmark.com\/wp-content\/uploads\/2019\/10\/finca_solmark_i_jornada_puertas_abiertas_cesta_de_frutas_02.jpg\" title=\"finca_solmark_i_jornada_puertas_abiertas_cesta_de_frutas_02\"><img loading=\"lazy\" decoding=\"async\" width=\"400\" height=\"284\" src=\"https:\/\/stage.fincasolmark.com\/wp-content\/uploads\/2019\/10\/finca_solmark_i_jornada_puertas_abiertas_cesta_de_frutas_02-400x284.jpg\" alt=\"\" class=\"wp-image-242413\" srcset=\"https:\/\/stage.fincasolmark.com\/wp-content\/uploads\/2019\/10\/finca_solmark_i_jornada_puertas_abiertas_cesta_de_frutas_02.jpg 479w, https:\/\/stage.fincasolmark.com\/wp-content\/uploads\/2019\/10\/finca_solmark_i_jornada_puertas_abiertas_cesta_de_frutas_02-400x284.jpg 480w\" sizes=\"(max-width:479px) 479px, 100vw\" \/><span class=\"et_overlay\" data-icon=\"\" data-icon-tablet=\"\" data-icon-phone=\"\"><\/span><\/a><\/div><\/div><div class=\"et_pb_gallery_item et_pb_grid_item et_pb_gallery_item_0_3\"><div class=\"et_pb_gallery_image landscape\" data-per_page=\"100\"><a href=\"https:\/\/stage.fincasolmark.com\/wp-content\/uploads\/2019\/10\/finca_solmark_i_jornada_puertas_abiertas_olivo_centenario_01.jpg\" title=\"finca_solmark_i_jornada_puertas_abiertas_olivo_centenario_01\"><img loading=\"lazy\" decoding=\"async\" width=\"400\" height=\"284\" src=\"https:\/\/stage.fincasolmark.com\/wp-content\/uploads\/2019\/10\/finca_solmark_i_jornada_puertas_abiertas_olivo_centenario_01-400x284.jpg\" alt=\"\" class=\"wp-image-242422\" srcset=\"https:\/\/stage.fincasolmark.com\/wp-content\/uploads\/2019\/10\/finca_solmark_i_jornada_puertas_abiertas_olivo_centenario_01.jpg 479w, https:\/\/stage.fincasolmark.com\/wp-content\/uploads\/2019\/10\/finca_solmark_i_jornada_puertas_abiertas_olivo_centenario_01-400x284.jpg 480w\" sizes=\"(max-width:479px) 479px, 100vw\" \/><span class=\"et_overlay\" data-icon=\"\" data-icon-tablet=\"\" data-icon-phone=\"\"><\/span><\/a><\/div><\/div><div class=\"et_pb_gallery_item et_pb_grid_item et_pb_gallery_item_0_4\"><div class=\"et_pb_gallery_image landscape\" data-per_page=\"100\"><a href=\"https:\/\/stage.fincasolmark.com\/wp-content\/uploads\/2019\/10\/finca_solmark_i_jornada_puertas_abiertas_olivo_centenario_02.jpg\" title=\"finca_solmark_i_jornada_puertas_abiertas_olivo_centenario_02\"><img loading=\"lazy\" decoding=\"async\" width=\"400\" height=\"284\" src=\"https:\/\/stage.fincasolmark.com\/wp-content\/uploads\/2019\/10\/finca_solmark_i_jornada_puertas_abiertas_olivo_centenario_02-400x284.jpg\" alt=\"\" class=\"wp-image-242425\" srcset=\"https:\/\/stage.fincasolmark.com\/wp-content\/uploads\/2019\/10\/finca_solmark_i_jornada_puertas_abiertas_olivo_centenario_02.jpg 479w, https:\/\/stage.fincasolmark.com\/wp-content\/uploads\/2019\/10\/finca_solmark_i_jornada_puertas_abiertas_olivo_centenario_02-400x284.jpg 480w\" sizes=\"(max-width:479px) 479px, 100vw\" \/><span class=\"et_overlay\" data-icon=\"\" data-icon-tablet=\"\" data-icon-phone=\"\"><\/span><\/a><\/div><\/div><div class=\"et_pb_gallery_item et_pb_grid_item et_pb_gallery_item_0_5\"><div class=\"et_pb_gallery_image landscape\" data-per_page=\"100\"><a href=\"https:\/\/stage.fincasolmark.com\/wp-content\/uploads\/2019\/10\/finca_solmark_i_jornada_puertas_abiertas_olivo_centenario_03.jpg\" title=\"finca_solmark_i_jornada_puertas_abiertas_olivo_centenario_03\"><img loading=\"lazy\" decoding=\"async\" width=\"400\" height=\"284\" src=\"https:\/\/stage.fincasolmark.com\/wp-content\/uploads\/2019\/10\/finca_solmark_i_jornada_puertas_abiertas_olivo_centenario_03-400x284.jpg\" alt=\"Apadrina un olivo Finca Solmark\" class=\"wp-image-242428\" srcset=\"https:\/\/stage.fincasolmark.com\/wp-content\/uploads\/2019\/10\/finca_solmark_i_jornada_puertas_abiertas_olivo_centenario_03.jpg 479w, https:\/\/stage.fincasolmark.com\/wp-content\/uploads\/2019\/10\/finca_solmark_i_jornada_puertas_abiertas_olivo_centenario_03-400x284.jpg 480w\" sizes=\"(max-width:479px) 479px, 100vw\" \/><span class=\"et_overlay\" data-icon=\"\" data-icon-tablet=\"\" data-icon-phone=\"\"><\/span><\/a><\/div><\/div><\/div><div class=\"et_pb_gallery_pagination\"><\/div><\/div><\/div><\/div><\/div>\n","protected":false},"excerpt":{"rendered":"<p>Se celebrar\u00e1n el 5 de Octubre a las 11:30h en sus instalaciones de Carratraca, M\u00e1laga y contar\u00e1n con la asistencia del Presidente de la diputaci\u00f3n de M\u00e1laga, D.J. Francisco Salado<\/p>\n","protected":false},"author":1,"featured_media":242393,"comment_status":"closed","ping_status":"closed","sticky":false,"template":"","format":"standard","meta":{"footnotes":""},"categories":[91,92,96,1,95],"tags":[],"class_list":["post-242389","post","type-post","status-publish","format-standard","has-post-thumbnail","hentry","category-eventos","category-medioambiente","category-naturaleza","category-sin-categorizar","category-turismo-rural"],"_links":{"self":[{"href":"https:\/\/stage.fincasolmark.com\/es\/wp-json\/wp\/v2\/posts\/242389","targetHints":{"allow":["GET"]}}],"collection":[{"href":"https:\/\/stage.fincasolmark.com\/es\/wp-json\/wp\/v2\/posts"}],"about":[{"href":"https:\/\/stage.fincasolmark.com\/es\/wp-json\/wp\/v2\/types\/post"}],"author":[{"embeddable":true,"href":"https:\/\/stage.fincasolmark.com\/es\/wp-json\/wp\/v2\/users\/1"}],"replies":[{"embeddable":true,"href":"https:\/\/stage.fincasolmark.com\/es\/wp-json\/wp\/v2\/comments?post=242389"}],"version-history":[{"count":2,"href":"https:\/\/stage.fincasolmark.com\/es\/wp-json\/wp\/v2\/posts\/242389\/revisions"}],"predecessor-version":[{"id":380607,"href":"https:\/\/stage.fincasolmark.com\/es\/wp-json\/wp\/v2\/posts\/242389\/revisions\/380607"}],"wp:featuredmedia":[{"embeddable":true,"href":"https:\/\/stage.fincasolmark.com\/es\/wp-json\/wp\/v2\/media\/242393"}],"wp:attachment":[{"href":"https:\/\/stage.fincasolmark.com\/es\/wp-json\/wp\/v2\/media?parent=242389"}],"wp:term":[{"taxonomy":"category","embeddable":true,"href":"https:\/\/stage.fincasolmark.com\/es\/wp-json\/wp\/v2\/categories?post=242389"},{"taxonomy":"post_tag","embeddable":true,"href":"https:\/\/stage.fincasolmark.com\/es\/wp-json\/wp\/v2\/tags?post=242389"}],"curies":[{"name":"wp","href":"https:\/\/api.w.org\/{rel}","templated":true}]}}