{"id":242817,"date":"2019-10-14T07:34:43","date_gmt":"2019-10-14T07:34:43","guid":{"rendered":"https:\/\/stage.fincasolmark.com\/?p=242817"},"modified":"2026-08-13T13:30:50","modified_gmt":"2026-08-13T11:30:50","slug":"mas-de-400-personas-se-dan-cita-en-las-i-jornadas-de-puertas-abiertas-de-finca-solmark-sobre-medioambiente-ecologia-y-turismo-sostenible","status":"publish","type":"post","link":"https:\/\/stage.fincasolmark.com\/es\/mas-de-400-personas-se-dan-cita-en-las-i-jornadas-de-puertas-abiertas-de-finca-solmark-sobre-medioambiente-ecologia-y-turismo-sostenible\/","title":{"rendered":"M\u00e1s de 400 personas se dan cita en las I Jornadas de Puertas Abiertas de Finca Solmark sobre Medioambiente, ecolog\u00eda y turismo sostenible"},"content":{"rendered":"\n<div class=\"et_pb_section_0 et_pb_section et_section_regular et_block_section et_pb_section_parallax\"><span class=\"et-pb-parallax-wrapper\"><span class=\"et-pb-parallax-background et-pb-parallax-background-module--divi-section-0\" style=\"background-image:url(https:\/\/stage.fincasolmark.com\/wp-content\/uploads\/2019\/10\/finca_solmark_i_jornada_puertas_abiertas_medioambiente_ecologia_turismo_cab.jpg)\"><\/span><\/span><\/div><div class=\"et_pb_section_1 et_pb_section et_section_regular et_block_section\"><div class=\"et_pb_row_0 et_pb_row et_block_row\"><div class=\"et_pb_column_0 et_pb_column et_pb_column_1_3 et_block_column et_pb_css_mix_blend_mode_passthrough\"><div class=\"et_pb_text_0 et_pb_text et_pb_bg_layout_light et_pb_module et_block_module\"><div class=\"et_pb_text_inner\"><p>14<\/p>\n<\/div><\/div><div class=\"et_pb_divider_0 et_pb_divider et_pb_space et_pb_divider_position_top et_pb_module\"><div class=\"et_pb_divider_internal\"><\/div><\/div><div class=\"et_pb_text_1 et_pb_text et_pb_bg_layout_light et_pb_module et_block_module\"><div class=\"et_pb_text_inner\"><p>Octubre, 2019<\/p>\n<\/div><\/div><\/div><div class=\"et_pb_column_1 et_pb_column et_pb_column_2_3 et-last-child et_block_column et_pb_css_mix_blend_mode_passthrough\"><div class=\"et_pb_text_2 et_pb_text et_pb_bg_layout_light et_pb_module et_block_module\"><div class=\"et_pb_text_inner\"><h1><strong>M\u00e1s de 400 personas se dan cita en las I Jornadas de Puertas Abiertas de Finca Solmark sobre Medioambiente, ecolog\u00eda y turismo sostenible<\/strong><\/h1>\n<\/div><\/div><div class=\"et_pb_text_3 et_pb_text et_pb_bg_layout_light et_pb_module et_block_module\"><div class=\"et_pb_text_inner\"><h2>El evento, celebrado el 5 de Octubre, cont\u00f3 con la asistencia del Presidente de la Diputaci\u00f3n de M\u00e1laga, D.J. Francisco Salado y la Alcaldesa de Carratraca, Francisca Jim\u00e9nez Morilla<\/h2>\n<\/div><\/div><div class=\"et_pb_divider_1 et_pb_divider et_pb_space et_pb_divider_position_top et_pb_module\"><div class=\"et_pb_divider_internal\"><\/div><\/div><\/div><\/div><div class=\"et_pb_row_1 et_pb_row et_block_row\"><div class=\"et_pb_column_2 et_pb_column et_pb_column_4_4 et-last-child et_block_column et_pb_css_mix_blend_mode_passthrough\"><div class=\"et_pb_text_4 et_pb_text et_pb_bg_layout_light et_pb_module et_block_module\"><div class=\"et_pb_text_inner\"><p><b><span><span color=\"#000000\" style=\"color: #000000;\">Finca Solmark<\/span><\/span><\/b><span>, ecoturismo rural de origen hispano-sueco, que apuesta por la ecolog\u00eda, el cuidado del medioambiente y el disfrute de la naturaleza, celebr\u00f3 sus\u00a0<b>I Jornadas de Puertas Abiertas el pasado 5 de Octubre\u00a0<\/b>a las 11:00h en sus instalaciones de\u00a0<b>Carratraca, M\u00e1laga.<\/b><\/span><\/p>\n<\/div><\/div><div class=\"et_pb_text_5 et_pb_text et_pb_bg_layout_light et_pb_module et_block_module\"><div class=\"et_pb_text_inner\"><p><span>El objetivo principal de la celebraci\u00f3n de este acto fue dar a conocer la Finca, animar a los habitantes de Carratraca y pueblos colindantes a disfrutar de un d\u00eda en la naturaleza con sus familias y amigos, participar en las actividades que tuvieron lugar, degustar los productos de la zona y, sobre todo, descubrir de primera mano su esencia.<\/span><\/p>\n<\/div><\/div><\/div><\/div><div class=\"et_pb_row_2 et_pb_row et_block_row\"><div class=\"et_pb_column_3 et_pb_column et_pb_column_1_2 et_block_column et_pb_css_mix_blend_mode_passthrough\"><div class=\"et_pb_image_0 et_pb_image et_pb_module et_block_module\"><span class=\"et_pb_image_wrap\"><img loading=\"lazy\" decoding=\"async\" src=\"https:\/\/stage.fincasolmark.com\/wp-content\/uploads\/2019\/10\/finca_solmark_i_jornada_puertas_abiertas_medioambiente_ecologia_turismo_13.jpg\" width=\"753\" height=\"670\" srcset=\"https:\/\/stage.fincasolmark.com\/wp-content\/uploads\/2019\/10\/finca_solmark_i_jornada_puertas_abiertas_medioambiente_ecologia_turismo_13.jpg 753w, https:\/\/stage.fincasolmark.com\/wp-content\/uploads\/2019\/10\/finca_solmark_i_jornada_puertas_abiertas_medioambiente_ecologia_turismo_13-480x427.jpg 480w\" sizes=\"(min-width: 0px) and (max-width: 480px) 480px, (min-width: 481px) 753px, 100vw\" class=\"wp-image-242966\" \/><\/span><\/div><\/div><div class=\"et_pb_column_4 et_pb_column et_pb_column_1_2 et-last-child et_block_column et_pb_css_mix_blend_mode_passthrough\"><div class=\"et_pb_text_6 et_pb_text et_pb_bg_layout_light et_pb_module et_block_module\"><div class=\"et_pb_text_inner\"><p><b><i><span><span color=\"#000000\" style=\"color: #000000;\">\u201cEn nuestro ADN est\u00e1 el ser una empresa socialmente responsable y convertirnos en un agente de cambio, ya que nuestro proyecto tiene un impacto social y medioambiental importante\u201d<\/span><\/span><\/i><\/b><span>, apuntaba en su discurso su due\u00f1o y fundador, el sueco Pelle Lundborg.<\/span><\/p>\n<\/div><\/div><\/div><\/div><div class=\"et_pb_row_3 et_pb_row et_block_row\"><div class=\"et_pb_column_5 et_pb_column et_pb_column_4_4 et-last-child et_block_column et_pb_css_mix_blend_mode_passthrough\"><div class=\"et_pb_text_7 et_pb_text et_pb_bg_layout_light et_pb_module et_block_module\"><div class=\"et_pb_text_inner\"><p><span>Estas Jornadas de Puertas Abiertas, fueron, adem\u00e1s, una excelente\u00a0<\/span><b>oportunidad para que los negocios locales de la zo<\/b><span>na pudieran tener visibilidad y que los asistentes pudieran apreciar, de primera mano, los\u00a0<\/span><b>productos, servicios y tendencias en el sector rural.<\/b><span>\u00a0Solmark cont\u00f3, entre otras, con la participaci\u00f3n de empresas del \u00e1mbito del turismo rural sostenible (<\/span><b>Galeota Turism, Carratraca Rural<\/b><span>), bioconstrucciones (<\/span><b>Gronkode<\/b><span>), educaci\u00f3n medioambiental (UMA), maquinaria agr\u00edcola (<\/span><b>Agr\u00edcola Nevada<\/b><span>), energ\u00edas renovables (<\/span><b>Campohelios<\/b><span>), Arte bons\u00e1is (<\/span><b>Universo Bonsai<\/b><span>), pan artesanal (Piquitos Rubio) y de bienestar y crecimiento personal (<\/span><b>Book for Wellness<\/b><span>).<\/span><\/p>\n<\/div><\/div><div class=\"et_pb_image_1 et_pb_image et_pb_image_sticky et_animated et_pb_module et_block_module\"><span class=\"et_pb_image_wrap\"><img loading=\"lazy\" decoding=\"async\" src=\"https:\/\/stage.fincasolmark.com\/wp-content\/uploads\/2019\/10\/finca_solmark_i_jornada_puertas_abiertas_medioambiente_ecologia_turismo_02.jpg\" width=\"800\" height=\"533\" srcset=\"https:\/\/stage.fincasolmark.com\/wp-content\/uploads\/2019\/10\/finca_solmark_i_jornada_puertas_abiertas_medioambiente_ecologia_turismo_02.jpg 800w, https:\/\/stage.fincasolmark.com\/wp-content\/uploads\/2019\/10\/finca_solmark_i_jornada_puertas_abiertas_medioambiente_ecologia_turismo_02-480x320.jpg 480w\" sizes=\"(min-width: 0px) and (max-width: 480px) 480px, (min-width: 481px) 800px, 100vw\" class=\"wp-image-242826\" \/><\/span><\/div><\/div><\/div><div class=\"et_pb_row_4 et_pb_row et_block_row\"><div class=\"et_pb_column_6 et_pb_column et_pb_column_4_4 et-last-child et_block_column et_pb_css_mix_blend_mode_passthrough\"><div class=\"et_pb_text_8 et_pb_text et_pb_bg_layout_light et_pb_module et_block_module\"><div class=\"et_pb_text_inner\"><p><span>Durante el d\u00eda, se realizaron diferentes actividades pr\u00e1cticas que fueron desde un\u00a0<\/span><b>\u201cTaller de Gusaparos\u201d<span>\u00a0<\/span><\/b><span>para ense\u00f1ar a los m\u00e1s peque\u00f1os el ciclo de la vida de los insectos, a la cata de sus aceites de oliva virgen extra o la visita a una muestra de la Exposici\u00f3n de Minerales organizada por el profesor titular de Gen\u00e9tica en la Universidad de M\u00e1laga Dr. Enrique Viguera y cedida por \u201c<\/span><b>Encuentros con la Ciencia\u201d<span>\u00a0<\/span><\/b><span>p<\/span><span>ara el acto.<\/span><\/p>\n<\/div><\/div><\/div><\/div><div class=\"et_pb_row_5 et_pb_row et_block_row\"><div class=\"et_pb_column_7 et_pb_column et_pb_column_1_2 et_block_column et_pb_css_mix_blend_mode_passthrough\"><div class=\"et_pb_image_2 et_pb_image et_pb_module et_block_module\"><span class=\"et_pb_image_wrap\"><img loading=\"lazy\" decoding=\"async\" src=\"https:\/\/stage.fincasolmark.com\/wp-content\/uploads\/2019\/10\/finca_solmark_i_jornada_puertas_abiertas_medioambiente_ecologia_turismo_14.jpg\" width=\"600\" height=\"450\" srcset=\"https:\/\/stage.fincasolmark.com\/wp-content\/uploads\/2019\/10\/finca_solmark_i_jornada_puertas_abiertas_medioambiente_ecologia_turismo_14.jpg 600w, https:\/\/stage.fincasolmark.com\/wp-content\/uploads\/2019\/10\/finca_solmark_i_jornada_puertas_abiertas_medioambiente_ecologia_turismo_14-480x360.jpg 480w\" sizes=\"(min-width: 0px) and (max-width: 480px) 480px, (min-width: 481px) 600px, 100vw\" class=\"wp-image-242970\" \/><\/span><\/div><\/div><div class=\"et_pb_column_8 et_pb_column et_pb_column_1_2 et-last-child et_block_column et_pb_css_mix_blend_mode_passthrough\"><div class=\"et_pb_image_3 et_pb_image et_pb_module et_block_module\"><span class=\"et_pb_image_wrap\"><img loading=\"lazy\" decoding=\"async\" src=\"https:\/\/stage.fincasolmark.com\/wp-content\/uploads\/2019\/10\/finca_solmark_i_jornada_puertas_abiertas_medioambiente_ecologia_turismo_15.jpg\" width=\"600\" height=\"450\" srcset=\"https:\/\/stage.fincasolmark.com\/wp-content\/uploads\/2019\/10\/finca_solmark_i_jornada_puertas_abiertas_medioambiente_ecologia_turismo_15.jpg 600w, https:\/\/stage.fincasolmark.com\/wp-content\/uploads\/2019\/10\/finca_solmark_i_jornada_puertas_abiertas_medioambiente_ecologia_turismo_15-480x360.jpg 480w\" sizes=\"(min-width: 0px) and (max-width: 480px) 480px, (min-width: 481px) 600px, 100vw\" class=\"wp-image-242973\" \/><\/span><\/div><\/div><\/div><div class=\"et_pb_row_6 et_pb_row et_block_row\"><div class=\"et_pb_column_9 et_pb_column et_pb_column_4_4 et-last-child et_block_column et_pb_css_mix_blend_mode_passthrough\"><div class=\"et_pb_text_9 et_pb_text et_pb_bg_layout_light et_pb_module et_block_module\"><div class=\"et_pb_text_inner\"><p><span color=\"#000000\" style=\"color: #000000;\">M\u00e1s all\u00e1 de ser un alojamiento rural con encanto, Solmark pretende<span>\u00a0<\/span><b>favorecer el cambio de una agricultura convencional a una agricultura ecol\u00f3gica y sostenible,<span>\u00a0<\/span><\/b>as\u00ed como fomentar el turismo ecol\u00f3gico en Andaluc\u00eda. Para ello, aporta soluciones a la despoblaci\u00f3n rural de la zona (actividades, talleres, eventos y charlas) y ense\u00f1a nuevas ideas progresistas para cuidar y respetar el medioambiente. Durante el evento, se mostraron algunas de las pr\u00f3ximas iniciativas que est\u00e1n organizando, como la<span>\u00a0<\/span><\/span><b><span color=\"#000000\" style=\"color: #000000;\">\u201cFiesta de la Cosecha para el<span>\u00a0<\/span><\/span><a href=\"https:\/\/stage.fincasolmark.com\/es\/apadrina-un-olivo\/\" data-saferedirecturl=\"https:\/\/www.google.com\/url?q=https:\/\/stage.fincasolmark.com\/es\/apadrina-un-olivo\/&amp;source=gmail&amp;ust=1570874632104000&amp;usg=AFQjCNFtN3oKYnrYs6c6x-Mc7sKLGneiJQ\"><span color=\"#0000ff\" style=\"color: #0000ff;\">Apadrinamiento de Olivos<\/span><\/a><span color=\"#000000\" style=\"color: #000000;\">\u201d que se celebrar\u00e1 el pr\u00f3ximo 23 de noviembre.<\/span><\/b><\/p>\n<\/div><\/div><div class=\"et_pb_text_10 et_pb_text et_pb_bg_layout_light et_pb_module et_block_module\"><div class=\"et_pb_text_inner\"><p><span color=\"#000000\" style=\"color: #000000;\">Estas primeras Jornadas de Puertas Abiertas coinciden con la incorporaci\u00f3n de Finca Solmark a<span>\u00a0<\/span><\/span><a href=\"https:\/\/foretica.org\/\" target=\"_blank\" data-saferedirecturl=\"https:\/\/www.google.com\/url?q=https:\/\/foretica.org\/&amp;source=gmail&amp;ust=1570874632104000&amp;usg=AFQjCNF8Oa1h3boU7b-k1usFjFIty3hvdQ\" rel=\"noopener noreferrer\"><span color=\"#0000ff\" style=\"color: #0000ff;\"><b>For\u00e9tica<\/b><\/span><\/a><span color=\"#000000\" style=\"color: #000000;\">, organizaci\u00f3n referente en sostenibilidad y responsabilidad social empresarial, cuya misi\u00f3n es integrar los aspectos sociales, ambientales y de buen gobierno en la estrategia y gesti\u00f3n de empresas y organizaciones.<\/span><\/p>\n<\/div><\/div><\/div><\/div><div class=\"et_pb_row_7 et_pb_row et_block_row\"><div class=\"et_pb_column_10 et_pb_column et_pb_column_1_2 et_block_column et_pb_css_mix_blend_mode_passthrough\"><div class=\"et_pb_image_4 et_pb_image et_pb_module et_block_module\"><span class=\"et_pb_image_wrap\"><img loading=\"lazy\" decoding=\"async\" src=\"https:\/\/stage.fincasolmark.com\/wp-content\/uploads\/2019\/10\/finca_solmark_i_jornada_puertas_abiertas_medioambiente_ecologia_turismo_08.jpg\" width=\"600\" height=\"400\" srcset=\"https:\/\/stage.fincasolmark.com\/wp-content\/uploads\/2019\/10\/finca_solmark_i_jornada_puertas_abiertas_medioambiente_ecologia_turismo_08.jpg 600w, https:\/\/stage.fincasolmark.com\/wp-content\/uploads\/2019\/10\/finca_solmark_i_jornada_puertas_abiertas_medioambiente_ecologia_turismo_08-480x320.jpg 480w\" sizes=\"(min-width: 0px) and (max-width: 480px) 480px, (min-width: 481px) 600px, 100vw\" class=\"wp-image-242848\" \/><\/span><\/div><\/div><div class=\"et_pb_column_11 et_pb_column et_pb_column_1_2 et-last-child et_block_column et_pb_css_mix_blend_mode_passthrough\"><div class=\"et_pb_text_11 et_pb_text et_pb_bg_layout_light et_pb_module et_block_module\"><div class=\"et_pb_text_inner\"><p><span>En palabras de Lundborg,\u00a0<\/span><b><i>\u201cno es f\u00e1cil expresar con palabras lo que es la Finca, en la que puedes relajarte en plena naturaleza, apadrinar un olivo, plantar un aguacate, recoger fruta ecol\u00f3gica del huerto, visitar hoteles para insectos, perderte en uno de sus preciosos rincones para meditar, disfrutar del aceite de oliva virgen extra que fabricamos o apuntarte a algunas de las actividades de limpieza y reciclaje que organizamos, por citar tan s\u00f3lo unos ejemplos. Lo m\u00e1s importante, es sembrar conciencia medioambiental y que la gente entienda que todos somos responsables de cuidar el planeta, empezando por nosotros mismos. Mucha gente habla y mira pero realmente no act\u00faa, no pasa a la acci\u00f3n\u201d.<\/i><\/b><\/p>\n<\/div><\/div><\/div><\/div><div class=\"et_pb_row_8 et_pb_row et_block_row\"><div class=\"et_pb_column_12 et_pb_column et_pb_column_1_2 et_block_column et_pb_css_mix_blend_mode_passthrough\"><div class=\"et_pb_text_12 et_pb_text et_pb_bg_layout_light et_pb_module et_block_module\"><div class=\"et_pb_text_inner\"><p><span>Durante las jornadas se plant\u00f3 un alcornoque como homenaje a Candela Arroyo, una de las deportistas que han sido premiadas este a\u00f1o junto con su equipo como \u201cCampeonas de Espa\u00f1a de Balonmano Playa en categor\u00eda juvenil femenina\u201d.<\/span><\/p>\n<\/div><\/div><\/div><div class=\"et_pb_column_13 et_pb_column et_pb_column_1_2 et-last-child et_block_column et_pb_css_mix_blend_mode_passthrough\"><div class=\"et_pb_image_5 et_pb_image et_pb_module et_block_module\"><span class=\"et_pb_image_wrap\"><img loading=\"lazy\" decoding=\"async\" src=\"https:\/\/stage.fincasolmark.com\/wp-content\/uploads\/2019\/10\/finca_solmark_i_jornada_puertas_abiertas_medioambiente_ecologia_turismo_04.jpg\" width=\"512\" height=\"341\" srcset=\"https:\/\/stage.fincasolmark.com\/wp-content\/uploads\/2019\/10\/finca_solmark_i_jornada_puertas_abiertas_medioambiente_ecologia_turismo_04.jpg 512w, https:\/\/stage.fincasolmark.com\/wp-content\/uploads\/2019\/10\/finca_solmark_i_jornada_puertas_abiertas_medioambiente_ecologia_turismo_04-480x320.jpg 480w\" sizes=\"(min-width: 0px) and (max-width: 480px) 480px, (min-width: 481px) 512px, 100vw\" class=\"wp-image-242832\" \/><\/span><\/div><\/div><\/div><\/div><div class=\"et_pb_section_2 et_pb_section et_section_regular et_block_section\"><div class=\"et_pb_row_9 et_pb_row et_pb_equal_columns et_pb_gutters1 et_block_row\"><div class=\"et_pb_column_14 et_pb_column et_pb_column_4_4 et-last-child et_block_column et_pb_css_mix_blend_mode_passthrough\"><div class=\"et_pb_gallery_0 et_pb_gallery et_pb_bg_layout_light et_pb_text_align_center et_pb_gallery_grid et_pb_module galeria-carratraca\" data-auto-rotate=\"off\" data-auto-rotate-speed=\"\"><div class=\"et_pb_gallery_items et_post_gallery clearfix et_grid_module\" data-per_page=\"100\"><div class=\"et_pb_gallery_item et_pb_grid_item et_pb_gallery_item_0_0\"><div class=\"et_pb_gallery_image landscape\" data-per_page=\"100\"><a href=\"https:\/\/stage.fincasolmark.com\/wp-content\/uploads\/2019\/10\/finca_solmark_i_jornada_puertas_abiertas_medioambiente_ecologia_turismo_05.jpg\" title=\"finca_solmark_i_jornada_puertas_abiertas_medioambiente_ecologia_turismo_05\"><img loading=\"lazy\" decoding=\"async\" width=\"400\" height=\"284\" src=\"https:\/\/stage.fincasolmark.com\/wp-content\/uploads\/2019\/10\/finca_solmark_i_jornada_puertas_abiertas_medioambiente_ecologia_turismo_05-400x284.jpg\" alt=\"\" class=\"wp-image-242836\" srcset=\"https:\/\/stage.fincasolmark.com\/wp-content\/uploads\/2019\/10\/finca_solmark_i_jornada_puertas_abiertas_medioambiente_ecologia_turismo_05.jpg 479w, https:\/\/stage.fincasolmark.com\/wp-content\/uploads\/2019\/10\/finca_solmark_i_jornada_puertas_abiertas_medioambiente_ecologia_turismo_05-400x284.jpg 480w\" sizes=\"(max-width:479px) 479px, 100vw\" \/><span class=\"et_overlay\" data-icon=\"\" data-icon-tablet=\"\" data-icon-phone=\"\"><\/span><\/a><\/div><\/div><div class=\"et_pb_gallery_item et_pb_grid_item et_pb_gallery_item_0_1\"><div class=\"et_pb_gallery_image landscape\" data-per_page=\"100\"><a href=\"https:\/\/stage.fincasolmark.com\/wp-content\/uploads\/2019\/10\/finca_solmark_i_jornada_puertas_abiertas_medioambiente_ecologia_turismo_06.jpg\" title=\"finca_solmark_i_jornada_puertas_abiertas_medioambiente_ecologia_turismo_06\"><img loading=\"lazy\" decoding=\"async\" width=\"400\" height=\"284\" src=\"https:\/\/stage.fincasolmark.com\/wp-content\/uploads\/2019\/10\/finca_solmark_i_jornada_puertas_abiertas_medioambiente_ecologia_turismo_06-400x284.jpg\" alt=\"\" class=\"wp-image-242839\" srcset=\"https:\/\/stage.fincasolmark.com\/wp-content\/uploads\/2019\/10\/finca_solmark_i_jornada_puertas_abiertas_medioambiente_ecologia_turismo_06.jpg 479w, https:\/\/stage.fincasolmark.com\/wp-content\/uploads\/2019\/10\/finca_solmark_i_jornada_puertas_abiertas_medioambiente_ecologia_turismo_06-400x284.jpg 480w\" sizes=\"(max-width:479px) 479px, 100vw\" \/><span class=\"et_overlay\" data-icon=\"\" data-icon-tablet=\"\" data-icon-phone=\"\"><\/span><\/a><\/div><\/div><div class=\"et_pb_gallery_item et_pb_grid_item et_pb_gallery_item_0_2\"><div class=\"et_pb_gallery_image landscape\" data-per_page=\"100\"><a href=\"https:\/\/stage.fincasolmark.com\/wp-content\/uploads\/2019\/10\/finca_solmark_i_jornada_puertas_abiertas_medioambiente_ecologia_turismo_04.jpg\" title=\"finca_solmark_i_jornada_puertas_abiertas_medioambiente_ecologia_turismo_04\"><img loading=\"lazy\" decoding=\"async\" width=\"400\" height=\"284\" src=\"https:\/\/stage.fincasolmark.com\/wp-content\/uploads\/2019\/10\/finca_solmark_i_jornada_puertas_abiertas_medioambiente_ecologia_turismo_04-400x284.jpg\" alt=\"\" class=\"wp-image-242832\" srcset=\"https:\/\/stage.fincasolmark.com\/wp-content\/uploads\/2019\/10\/finca_solmark_i_jornada_puertas_abiertas_medioambiente_ecologia_turismo_04.jpg 479w, https:\/\/stage.fincasolmark.com\/wp-content\/uploads\/2019\/10\/finca_solmark_i_jornada_puertas_abiertas_medioambiente_ecologia_turismo_04-400x284.jpg 480w\" sizes=\"(max-width:479px) 479px, 100vw\" \/><span class=\"et_overlay\" data-icon=\"\" data-icon-tablet=\"\" data-icon-phone=\"\"><\/span><\/a><\/div><\/div><div class=\"et_pb_gallery_item et_pb_grid_item et_pb_gallery_item_0_3\"><div class=\"et_pb_gallery_image landscape\" data-per_page=\"100\"><a href=\"https:\/\/stage.fincasolmark.com\/wp-content\/uploads\/2019\/10\/finca_solmark_i_jornada_puertas_abiertas_medioambiente_ecologia_turismo_03.jpg\" title=\"finca_solmark_i_jornada_puertas_abiertas_medioambiente_ecologia_turismo_03\"><img loading=\"lazy\" decoding=\"async\" width=\"400\" height=\"284\" src=\"https:\/\/stage.fincasolmark.com\/wp-content\/uploads\/2019\/10\/finca_solmark_i_jornada_puertas_abiertas_medioambiente_ecologia_turismo_03-400x284.jpg\" alt=\"Medioambiente, ecolog\u00eda y turismo Finca Solmark\" class=\"wp-image-242829\" srcset=\"https:\/\/stage.fincasolmark.com\/wp-content\/uploads\/2019\/10\/finca_solmark_i_jornada_puertas_abiertas_medioambiente_ecologia_turismo_03.jpg 479w, https:\/\/stage.fincasolmark.com\/wp-content\/uploads\/2019\/10\/finca_solmark_i_jornada_puertas_abiertas_medioambiente_ecologia_turismo_03-400x284.jpg 480w\" sizes=\"(max-width:479px) 479px, 100vw\" \/><span class=\"et_overlay\" data-icon=\"\" data-icon-tablet=\"\" data-icon-phone=\"\"><\/span><\/a><\/div><\/div><div class=\"et_pb_gallery_item et_pb_grid_item et_pb_gallery_item_0_4\"><div class=\"et_pb_gallery_image landscape\" data-per_page=\"100\"><a href=\"https:\/\/stage.fincasolmark.com\/wp-content\/uploads\/2019\/10\/finca_solmark_i_jornada_puertas_abiertas_medioambiente_ecologia_turismo_02.jpg\" title=\"finca_solmark_i_jornada_puertas_abiertas_medioambiente_ecologia_turismo_02\"><img loading=\"lazy\" decoding=\"async\" width=\"400\" height=\"284\" src=\"https:\/\/stage.fincasolmark.com\/wp-content\/uploads\/2019\/10\/finca_solmark_i_jornada_puertas_abiertas_medioambiente_ecologia_turismo_02-400x284.jpg\" alt=\"\" class=\"wp-image-242826\" srcset=\"https:\/\/stage.fincasolmark.com\/wp-content\/uploads\/2019\/10\/finca_solmark_i_jornada_puertas_abiertas_medioambiente_ecologia_turismo_02.jpg 479w, https:\/\/stage.fincasolmark.com\/wp-content\/uploads\/2019\/10\/finca_solmark_i_jornada_puertas_abiertas_medioambiente_ecologia_turismo_02-400x284.jpg 480w\" sizes=\"(max-width:479px) 479px, 100vw\" \/><span class=\"et_overlay\" data-icon=\"\" data-icon-tablet=\"\" data-icon-phone=\"\"><\/span><\/a><\/div><\/div><div class=\"et_pb_gallery_item et_pb_grid_item et_pb_gallery_item_0_5\"><div class=\"et_pb_gallery_image landscape\" data-per_page=\"100\"><a href=\"https:\/\/stage.fincasolmark.com\/wp-content\/uploads\/2019\/10\/finca_solmark_i_jornada_puertas_abiertas_medioambiente_ecologia_turismo_01.jpg\" title=\"finca_solmark_i_jornada_puertas_abiertas_medioambiente_ecologia_turismo_01\"><img loading=\"lazy\" decoding=\"async\" width=\"400\" height=\"284\" src=\"https:\/\/stage.fincasolmark.com\/wp-content\/uploads\/2019\/10\/finca_solmark_i_jornada_puertas_abiertas_medioambiente_ecologia_turismo_01-400x284.jpg\" alt=\"Medioambiente, ecologia y turismo Finca Solmark\" class=\"wp-image-242823\" srcset=\"https:\/\/stage.fincasolmark.com\/wp-content\/uploads\/2019\/10\/finca_solmark_i_jornada_puertas_abiertas_medioambiente_ecologia_turismo_01.jpg 479w, https:\/\/stage.fincasolmark.com\/wp-content\/uploads\/2019\/10\/finca_solmark_i_jornada_puertas_abiertas_medioambiente_ecologia_turismo_01-400x284.jpg 480w\" sizes=\"(max-width:479px) 479px, 100vw\" \/><span class=\"et_overlay\" data-icon=\"\" data-icon-tablet=\"\" data-icon-phone=\"\"><\/span><\/a><\/div><\/div><div class=\"et_pb_gallery_item et_pb_grid_item et_pb_gallery_item_0_6\"><div class=\"et_pb_gallery_image landscape\" data-per_page=\"100\"><a href=\"https:\/\/stage.fincasolmark.com\/wp-content\/uploads\/2019\/10\/finca_solmark_i_jornada_puertas_abiertas_medioambiente_ecologia_turismo_08.jpg\" title=\"finca_solmark_i_jornada_puertas_abiertas_medioambiente_ecologia_turismo_08\"><img loading=\"lazy\" decoding=\"async\" width=\"400\" height=\"284\" src=\"https:\/\/stage.fincasolmark.com\/wp-content\/uploads\/2019\/10\/finca_solmark_i_jornada_puertas_abiertas_medioambiente_ecologia_turismo_08-400x284.jpg\" alt=\"\" class=\"wp-image-242848\" srcset=\"https:\/\/stage.fincasolmark.com\/wp-content\/uploads\/2019\/10\/finca_solmark_i_jornada_puertas_abiertas_medioambiente_ecologia_turismo_08.jpg 479w, https:\/\/stage.fincasolmark.com\/wp-content\/uploads\/2019\/10\/finca_solmark_i_jornada_puertas_abiertas_medioambiente_ecologia_turismo_08-400x284.jpg 480w\" sizes=\"(max-width:479px) 479px, 100vw\" \/><span class=\"et_overlay\" data-icon=\"\" data-icon-tablet=\"\" data-icon-phone=\"\"><\/span><\/a><\/div><\/div><div class=\"et_pb_gallery_item et_pb_grid_item et_pb_gallery_item_0_7\"><div class=\"et_pb_gallery_image landscape\" data-per_page=\"100\"><a href=\"https:\/\/stage.fincasolmark.com\/wp-content\/uploads\/2019\/10\/finca_solmark_i_jornada_puertas_abiertas_medioambiente_ecologia_turismo_10.jpg\" title=\"finca_solmark_i_jornada_puertas_abiertas_medioambiente_ecologia_turismo_10\"><img loading=\"lazy\" decoding=\"async\" width=\"400\" height=\"284\" src=\"https:\/\/stage.fincasolmark.com\/wp-content\/uploads\/2019\/10\/finca_solmark_i_jornada_puertas_abiertas_medioambiente_ecologia_turismo_10-400x284.jpg\" alt=\"\" class=\"wp-image-242859\" srcset=\"https:\/\/stage.fincasolmark.com\/wp-content\/uploads\/2019\/10\/finca_solmark_i_jornada_puertas_abiertas_medioambiente_ecologia_turismo_10.jpg 479w, https:\/\/stage.fincasolmark.com\/wp-content\/uploads\/2019\/10\/finca_solmark_i_jornada_puertas_abiertas_medioambiente_ecologia_turismo_10-400x284.jpg 480w\" sizes=\"(max-width:479px) 479px, 100vw\" \/><span class=\"et_overlay\" data-icon=\"\" data-icon-tablet=\"\" data-icon-phone=\"\"><\/span><\/a><\/div><\/div><div class=\"et_pb_gallery_item et_pb_grid_item et_pb_gallery_item_0_8\"><div class=\"et_pb_gallery_image landscape\" data-per_page=\"100\"><a href=\"https:\/\/stage.fincasolmark.com\/wp-content\/uploads\/2019\/10\/finca_solmark_i_jornada_puertas_abiertas_medioambiente_ecologia_turismo_07.jpg\" title=\"finca_solmark_i_jornada_puertas_abiertas_medioambiente_ecologia_turismo_07\"><img loading=\"lazy\" decoding=\"async\" width=\"400\" height=\"284\" src=\"https:\/\/stage.fincasolmark.com\/wp-content\/uploads\/2019\/10\/finca_solmark_i_jornada_puertas_abiertas_medioambiente_ecologia_turismo_07-400x284.jpg\" alt=\"\" class=\"wp-image-242851\" srcset=\"https:\/\/stage.fincasolmark.com\/wp-content\/uploads\/2019\/10\/finca_solmark_i_jornada_puertas_abiertas_medioambiente_ecologia_turismo_07.jpg 479w, https:\/\/stage.fincasolmark.com\/wp-content\/uploads\/2019\/10\/finca_solmark_i_jornada_puertas_abiertas_medioambiente_ecologia_turismo_07-400x284.jpg 480w\" sizes=\"(max-width:479px) 479px, 100vw\" \/><span class=\"et_overlay\" data-icon=\"\" data-icon-tablet=\"\" data-icon-phone=\"\"><\/span><\/a><\/div><\/div><div class=\"et_pb_gallery_item et_pb_grid_item et_pb_gallery_item_0_9\"><div class=\"et_pb_gallery_image landscape\" data-per_page=\"100\"><a href=\"https:\/\/stage.fincasolmark.com\/wp-content\/uploads\/2019\/10\/finca_solmark_i_jornada_puertas_abiertas_medioambiente_ecologia_turismo_09.jpg\" title=\"Aceite de Oliva, Miel y Cer\u00e1mica\"><img loading=\"lazy\" decoding=\"async\" width=\"400\" height=\"284\" src=\"https:\/\/stage.fincasolmark.com\/wp-content\/uploads\/2019\/10\/finca_solmark_i_jornada_puertas_abiertas_medioambiente_ecologia_turismo_09-400x284.jpg\" alt=\"Aceite de Oliva, Miel y Cer\u00e1mica\" class=\"wp-image-242856\" srcset=\"https:\/\/stage.fincasolmark.com\/wp-content\/uploads\/2019\/10\/finca_solmark_i_jornada_puertas_abiertas_medioambiente_ecologia_turismo_09.jpg 479w, https:\/\/stage.fincasolmark.com\/wp-content\/uploads\/2019\/10\/finca_solmark_i_jornada_puertas_abiertas_medioambiente_ecologia_turismo_09-400x284.jpg 480w\" sizes=\"(max-width:479px) 479px, 100vw\" \/><span class=\"et_overlay\" data-icon=\"\" data-icon-tablet=\"\" data-icon-phone=\"\"><\/span><\/a><\/div><\/div><div class=\"et_pb_gallery_item et_pb_grid_item et_pb_gallery_item_0_10\"><div class=\"et_pb_gallery_image landscape\" data-per_page=\"100\"><a href=\"https:\/\/stage.fincasolmark.com\/wp-content\/uploads\/2019\/10\/finca_solmark_i_jornada_puertas_abiertas_medioambiente_ecologia_turismo_11.jpg\" title=\"finca_solmark_i_jornada_puertas_abiertas_medioambiente_ecologia_turismo_11\"><img loading=\"lazy\" decoding=\"async\" width=\"400\" height=\"284\" src=\"https:\/\/stage.fincasolmark.com\/wp-content\/uploads\/2019\/10\/finca_solmark_i_jornada_puertas_abiertas_medioambiente_ecologia_turismo_11-400x284.jpg\" alt=\"\" class=\"wp-image-242862\" srcset=\"https:\/\/stage.fincasolmark.com\/wp-content\/uploads\/2019\/10\/finca_solmark_i_jornada_puertas_abiertas_medioambiente_ecologia_turismo_11.jpg 479w, https:\/\/stage.fincasolmark.com\/wp-content\/uploads\/2019\/10\/finca_solmark_i_jornada_puertas_abiertas_medioambiente_ecologia_turismo_11-400x284.jpg 480w\" sizes=\"(max-width:479px) 479px, 100vw\" \/><span class=\"et_overlay\" data-icon=\"\" data-icon-tablet=\"\" data-icon-phone=\"\"><\/span><\/a><\/div><\/div><div class=\"et_pb_gallery_item et_pb_grid_item et_pb_gallery_item_0_11\"><div class=\"et_pb_gallery_image landscape\" data-per_page=\"100\"><a href=\"https:\/\/stage.fincasolmark.com\/wp-content\/uploads\/2019\/10\/finca_solmark_i_jornada_puertas_abiertas_medioambiente_ecologia_turismo_12.jpg\" title=\"finca_solmark_i_jornada_puertas_abiertas_medioambiente_ecologia_turismo_12\"><img loading=\"lazy\" decoding=\"async\" width=\"400\" height=\"284\" src=\"https:\/\/stage.fincasolmark.com\/wp-content\/uploads\/2019\/10\/finca_solmark_i_jornada_puertas_abiertas_medioambiente_ecologia_turismo_12-400x284.jpg\" alt=\"\" class=\"wp-image-242865\" srcset=\"https:\/\/stage.fincasolmark.com\/wp-content\/uploads\/2019\/10\/finca_solmark_i_jornada_puertas_abiertas_medioambiente_ecologia_turismo_12.jpg 479w, https:\/\/stage.fincasolmark.com\/wp-content\/uploads\/2019\/10\/finca_solmark_i_jornada_puertas_abiertas_medioambiente_ecologia_turismo_12-400x284.jpg 480w\" sizes=\"(max-width:479px) 479px, 100vw\" \/><span class=\"et_overlay\" data-icon=\"\" data-icon-tablet=\"\" data-icon-phone=\"\"><\/span><\/a><\/div><\/div><\/div><div class=\"et_pb_gallery_pagination\"><\/div><\/div><\/div><\/div><\/div><div class=\"et_pb_section_3 et_pb_section et_section_regular et_block_section\"><div class=\"et_pb_row_10 et_pb_row et_block_row\"><div class=\"et_pb_column_15 et_pb_column et_pb_column_1_2 et_block_column et_pb_css_mix_blend_mode_passthrough\"><div class=\"et_pb_image_6 et_pb_image et_pb_module et_block_module\"><span class=\"et_pb_image_wrap\"><img loading=\"lazy\" decoding=\"async\" src=\"https:\/\/stage.fincasolmark.com\/wp-content\/uploads\/2019\/10\/finca_solmark_i_jornada_puertas_abiertas_casita_rural.jpg\" width=\"800\" height=\"643\" srcset=\"https:\/\/stage.fincasolmark.com\/wp-content\/uploads\/2019\/10\/finca_solmark_i_jornada_puertas_abiertas_casita_rural.jpg 800w, https:\/\/stage.fincasolmark.com\/wp-content\/uploads\/2019\/10\/finca_solmark_i_jornada_puertas_abiertas_casita_rural-480x386.jpg 480w\" sizes=\"(min-width: 0px) and (max-width: 480px) 480px, (min-width: 481px) 800px, 100vw\" class=\"wp-image-242400\" \/><\/span><\/div><\/div><div class=\"et_pb_column_16 et_pb_column et_pb_column_1_2 et-last-child et_block_column et_pb_css_mix_blend_mode_passthrough\"><div class=\"et_pb_text_13 et_pb_text et_pb_bg_layout_light et_pb_module et_block_module\"><div class=\"et_pb_text_inner\"><p><strong>SOBRE FINCA SOLMARK<\/strong><\/p>\n<p><strong><em>Finca Solmark<\/em><\/strong><em><span>\u00a0<\/span>es un<strong><span>\u00a0<\/span>EcoTurismo Rural<\/strong> de origen hispano-sueco que se dedica a la fabricaci\u00f3n, comercializaci\u00f3n y exportaci\u00f3n\u00a0de aceite de oliva, aguacate y otros productos ecol\u00f3gicos a Europa.\u00a0Dispone de un alojamiento rural con encanto y de varios proyectos de concienciaci\u00f3n, divulgaci\u00f3n y educaci\u00f3n medioambiental.<\/em><\/p>\n<p>&nbsp;<\/p>\n<p><strong>Web:<\/strong><span>\u00a0<\/span><a href=\"https:\/\/stage.fincasolmark.com\/\">https:\/\/stage.fincasolmark.com\/<\/a><\/p>\n<p><strong>E-mail:<\/strong><span>\u00a0<\/span><a href=\"mailto:hi@fincasolmark.com\">hi@fincasolmark.com<\/a><\/p>\n<\/div><\/div><\/div><\/div><\/div>\n","protected":false},"excerpt":{"rendered":"<p>El evento, celebrado el 5 de Octubre, cont\u00f3 con la asistencia del Presidente de la Diputaci\u00f3n de M\u00e1laga, D.J. Francisco Salado y la Alcaldesa de Carratraca, Francisca Jim\u00e9nez Morilla<\/p>\n","protected":false},"author":1,"featured_media":242976,"comment_status":"closed","ping_status":"closed","sticky":false,"template":"","format":"standard","meta":{"footnotes":""},"categories":[97,91,92,98,1,95],"tags":[],"class_list":["post-242817","post","type-post","status-publish","format-standard","has-post-thumbnail","hentry","category-alimentacion","category-eventos","category-medioambiente","category-salud-bienestar","category-sin-categorizar","category-turismo-rural"],"_links":{"self":[{"href":"https:\/\/stage.fincasolmark.com\/es\/wp-json\/wp\/v2\/posts\/242817","targetHints":{"allow":["GET"]}}],"collection":[{"href":"https:\/\/stage.fincasolmark.com\/es\/wp-json\/wp\/v2\/posts"}],"about":[{"href":"https:\/\/stage.fincasolmark.com\/es\/wp-json\/wp\/v2\/types\/post"}],"author":[{"embeddable":true,"href":"https:\/\/stage.fincasolmark.com\/es\/wp-json\/wp\/v2\/users\/1"}],"replies":[{"embeddable":true,"href":"https:\/\/stage.fincasolmark.com\/es\/wp-json\/wp\/v2\/comments?post=242817"}],"version-history":[{"count":2,"href":"https:\/\/stage.fincasolmark.com\/es\/wp-json\/wp\/v2\/posts\/242817\/revisions"}],"predecessor-version":[{"id":380610,"href":"https:\/\/stage.fincasolmark.com\/es\/wp-json\/wp\/v2\/posts\/242817\/revisions\/380610"}],"wp:featuredmedia":[{"embeddable":true,"href":"https:\/\/stage.fincasolmark.com\/es\/wp-json\/wp\/v2\/media\/242976"}],"wp:attachment":[{"href":"https:\/\/stage.fincasolmark.com\/es\/wp-json\/wp\/v2\/media?parent=242817"}],"wp:term":[{"taxonomy":"category","embeddable":true,"href":"https:\/\/stage.fincasolmark.com\/es\/wp-json\/wp\/v2\/categories?post=242817"},{"taxonomy":"post_tag","embeddable":true,"href":"https:\/\/stage.fincasolmark.com\/es\/wp-json\/wp\/v2\/tags?post=242817"}],"curies":[{"name":"wp","href":"https:\/\/api.w.org\/{rel}","templated":true}]}}