{"id":243233,"date":"2019-10-21T18:35:45","date_gmt":"2019-10-21T18:35:45","guid":{"rendered":"https:\/\/stage.fincasolmark.com\/?p=243233"},"modified":"2026-08-13T13:30:57","modified_gmt":"2026-08-13T11:30:57","slug":"finca-solmark-nuevo-socio-de-la-camara-de-comercio-hispano-sueca","status":"publish","type":"post","link":"https:\/\/stage.fincasolmark.com\/es\/finca-solmark-nuevo-socio-de-la-camara-de-comercio-hispano-sueca\/","title":{"rendered":"Finca Solmark, nuevo socio de la C\u00e1mara de Comercio Hispano-Sueca"},"content":{"rendered":"\n<div class=\"et_pb_section_0 et_pb_section et_section_regular et_block_section et_pb_section_parallax\"><span class=\"et-pb-parallax-wrapper\"><span class=\"et-pb-parallax-background et-pb-parallax-background-module--divi-section-0\" style=\"background-image:url(https:\/\/stage.fincasolmark.com\/wp-content\/uploads\/2019\/10\/finca_solmark_Camara-de-Comercio-Hispano-Sueca_entrada_banderas.jpg)\"><\/span><\/span><\/div><div class=\"et_pb_section_1 et_pb_section et_section_regular et_block_section\"><div class=\"et_pb_row_0 et_pb_row et_block_row\"><div class=\"et_pb_column_0 et_pb_column et_pb_column_1_3 et_block_column et_pb_css_mix_blend_mode_passthrough\"><div class=\"et_pb_text_0 et_pb_text et_pb_bg_layout_light et_pb_module et_block_module\"><div class=\"et_pb_text_inner\"><p>21<\/p>\n<\/div><\/div><div class=\"et_pb_divider_0 et_pb_divider et_pb_space et_pb_divider_position_top et_pb_module\"><div class=\"et_pb_divider_internal\"><\/div><\/div><div class=\"et_pb_text_1 et_pb_text et_pb_bg_layout_light et_pb_module et_block_module\"><div class=\"et_pb_text_inner\"><p>Octubre, 2019<\/p>\n<\/div><\/div><\/div><div class=\"et_pb_column_1 et_pb_column et_pb_column_2_3 et-last-child et_block_column et_pb_css_mix_blend_mode_passthrough\"><div class=\"et_pb_text_2 et_pb_text et_pb_bg_layout_light et_pb_module et_block_module\"><div class=\"et_pb_text_inner\"><h1><strong>Finca Solmark, nuevo socio de la C\u00e1mara de Comercio Hispano-Sueca<\/strong><\/h1>\n<\/div><\/div><div class=\"et_pb_text_3 et_pb_text et_pb_bg_layout_light et_pb_module et_block_module\"><div class=\"et_pb_text_inner\"><h2>Con su adhesi\u00f3n, el agroturismo rural pretende impulsar principalmente la comercializaci\u00f3n y la exportaci\u00f3n de aceite de oliva, aguacate y otros productos ecol\u00f3gicos espa\u00f1oles a Suecia, as\u00ed como incentivar el turismo sostenible en Espa\u00f1a con su alojamiento rural, organizaci\u00f3n de actividades e iniciativas medioambientales<\/h2>\n<\/div><\/div><div class=\"et_pb_divider_1 et_pb_divider et_pb_space et_pb_divider_position_top et_pb_module\"><div class=\"et_pb_divider_internal\"><\/div><\/div><\/div><\/div><div class=\"et_pb_row_1 et_pb_row et_block_row\"><div class=\"et_pb_column_2 et_pb_column et_pb_column_4_4 et-last-child et_block_column et_pb_css_mix_blend_mode_passthrough\"><div class=\"et_pb_text_4 et_pb_text et_pb_bg_layout_light et_pb_module et_block_module\"><div class=\"et_pb_text_inner\"><p><a href=\"https:\/\/stage.fincasolmark.com\/es\/\"><strong>Finca Solmark<\/strong><\/a> es un agroturismo rural con encanto que a\u00fana lo mejor de <strong>la filosof\u00eda sueca y espa\u00f1ola<\/strong>. Su actividad principal es el cultivo, comercializaci\u00f3n y exportaci\u00f3n de aceite de oliva, aguacate, miel y otros productos ecol\u00f3gicos principalmente a Suecia, aunque tambi\u00e9n tiene clientes en otros pa\u00edses de Europa. <strong>Solmark <\/strong>dispone, adem\u00e1s, de un <a href=\"https:\/\/stage.fincasolmark.com\/es\/alojamiento-rural\/\"><strong>alojamiento rural<\/strong><\/a><strong> con encanto<\/strong>, en el que se puede disfrutar de un entorno rodeado de naturaleza, leer libros relacionados con la sostenibilidad, la salud o las mejores pr\u00e1cticas de los agentes de cambios mundiales, y la oportunidad de realizar numerosas actividades.<\/p>\n<\/div><\/div><\/div><\/div><div class=\"et_pb_row_2 et_pb_row et_block_row\"><div class=\"et_pb_column_3 et_pb_column et_pb_column_1_2 et_block_column et_pb_css_mix_blend_mode_passthrough\"><div class=\"et_pb_image_0 et_pb_image et_pb_module et_block_module\"><span class=\"et_pb_image_wrap\"><img loading=\"lazy\" decoding=\"async\" src=\"https:\/\/stage.fincasolmark.com\/wp-content\/uploads\/2019\/10\/finca_solmark_Camara-de-Comercio-Hispano-Sueca_pelle_foto.jpg\" width=\"800\" height=\"533\" srcset=\"https:\/\/stage.fincasolmark.com\/wp-content\/uploads\/2019\/10\/finca_solmark_Camara-de-Comercio-Hispano-Sueca_pelle_foto.jpg 800w, https:\/\/stage.fincasolmark.com\/wp-content\/uploads\/2019\/10\/finca_solmark_Camara-de-Comercio-Hispano-Sueca_pelle_foto-480x320.jpg 480w\" sizes=\"(min-width: 0px) and (max-width: 480px) 480px, (min-width: 481px) 800px, 100vw\" class=\"wp-image-243275\" \/><\/span><\/div><\/div><div class=\"et_pb_column_4 et_pb_column et_pb_column_1_2 et-last-child et_block_column et_pb_css_mix_blend_mode_passthrough\"><div class=\"et_pb_text_5 et_pb_text et_pb_bg_layout_light et_pb_module et_block_module\"><div class=\"et_pb_text_inner\"><p>En palabras de su due\u00f1o y Fundador <strong>Pelle Lundborg<\/strong>, que compagina su labor en la Finca con su trabajo en Embracer Group, del que es Co-fundador,<em> <strong>\u201cEst\u00e1 en nuestro ADN ser una empresa socialmente responsable y convertirnos en un agente de cambio, ya que nuestro proyecto tiene un impacto social y medioambiental importante\u201d<\/strong><\/em>.<\/p>\n<\/div><\/div><div class=\"et_pb_text_6 et_pb_text et_pb_bg_layout_light et_pb_module et_block_module\"><div class=\"et_pb_text_inner\"><p>Tambi\u00e9n apunta que <strong><em>\u201cno es sencillo explicar lo que hay detr\u00e1s de la Finca, pues pretendo que, sobre todo, sea un proyecto inspiracional, educativo y de divulgaci\u00f3n<\/em><\/strong><strong><em> medioambiental, cient\u00edfica y de desarrollo rural<\/em><\/strong><strong><em>. Me encantar\u00eda que pudiera servir de referencia en el futuro a todo el mundo pero, en especial, a los m\u00e1s j\u00f3venes\u201d.<\/em><\/strong><\/p>\n<\/div><\/div><\/div><\/div><div class=\"et_pb_row_3 et_pb_row et_block_row\"><div class=\"et_pb_column_5 et_pb_column et_pb_column_4_4 et-last-child et_block_column et_pb_css_mix_blend_mode_passthrough\"><div class=\"et_pb_image_1 et_pb_image et_pb_module et_block_module\"><span class=\"et_pb_image_wrap\"><img loading=\"lazy\" decoding=\"async\" src=\"https:\/\/stage.fincasolmark.com\/wp-content\/uploads\/2019\/10\/finca_solmark_Camara-de-Comercio-Hispano-Sueca_huerto_ecologico.jpg\" width=\"800\" height=\"600\" srcset=\"https:\/\/stage.fincasolmark.com\/wp-content\/uploads\/2019\/10\/finca_solmark_Camara-de-Comercio-Hispano-Sueca_huerto_ecologico.jpg 800w, https:\/\/stage.fincasolmark.com\/wp-content\/uploads\/2019\/10\/finca_solmark_Camara-de-Comercio-Hispano-Sueca_huerto_ecologico-480x360.jpg 480w\" sizes=\"(min-width: 0px) and (max-width: 480px) 480px, (min-width: 481px) 800px, 100vw\" class=\"wp-image-243246\" \/><\/span><\/div><\/div><\/div><div class=\"et_pb_row_4 et_pb_row et_block_row\"><div class=\"et_pb_column_6 et_pb_column et_pb_column_4_4 et-last-child et_block_column et_pb_css_mix_blend_mode_passthrough\"><div class=\"et_pb_text_7 et_pb_text et_pb_bg_layout_light et_pb_module et_block_module\"><div class=\"et_pb_text_inner\"><p>En <strong>Solmark <\/strong>las opciones de disfrutar de la Finca son muy variopintas: <strong><em>\u00a0<\/em><\/strong>puedes relajarte en plena naturaleza, apadrinar un olivo, plantar un aguacate, recoger fruta ecol\u00f3gica del huerto, visitar hoteles para insectos, perderte en el campo para meditar, disfrutar del aceite de oliva virgen extra que fabricamos o apuntarte a algunas de las actividades de limpieza y reciclaje que se organizan, por citar tan s\u00f3lo unos ejemplos.<\/p>\n<\/div><\/div><div class=\"et_pb_image_2 et_pb_image et_pb_module et_block_module\"><span class=\"et_pb_image_wrap\"><img loading=\"lazy\" decoding=\"async\" src=\"https:\/\/stage.fincasolmark.com\/wp-content\/uploads\/2019\/10\/finca_solmark_Camara-de-Comercio-Hispano-Sueca-e1571678089125.jpg\" width=\"500\" height=\"251\" srcset=\"https:\/\/stage.fincasolmark.com\/wp-content\/uploads\/2019\/10\/finca_solmark_Camara-de-Comercio-Hispano-Sueca-e1571678089125.jpg 500w, https:\/\/stage.fincasolmark.com\/wp-content\/uploads\/2019\/10\/finca_solmark_Camara-de-Comercio-Hispano-Sueca-e1571678089125-480x251.jpg 480w\" sizes=\"(min-width: 0px) and (max-width: 480px) 480px, (min-width: 481px) 500px, 100vw\" class=\"wp-image-243239\" \/><\/span><\/div><\/div><\/div><div class=\"et_pb_row_5 et_pb_row et_block_row\"><div class=\"et_pb_column_7 et_pb_column et_pb_column_1_2 et_block_column et_pb_css_mix_blend_mode_passthrough\"><div class=\"et_pb_image_3 et_pb_image et_pb_module et_block_module\"><span class=\"et_pb_image_wrap\"><img loading=\"lazy\" decoding=\"async\" src=\"https:\/\/stage.fincasolmark.com\/wp-content\/uploads\/2019\/10\/finca_solmark_Camara-de-Comercio-Hispano-Sueca_CEO.jpg\" width=\"500\" height=\"465\" srcset=\"https:\/\/stage.fincasolmark.com\/wp-content\/uploads\/2019\/10\/finca_solmark_Camara-de-Comercio-Hispano-Sueca_CEO.jpg 500w, https:\/\/stage.fincasolmark.com\/wp-content\/uploads\/2019\/10\/finca_solmark_Camara-de-Comercio-Hispano-Sueca_CEO-480x446.jpg 480w\" sizes=\"(min-width: 0px) and (max-width: 480px) 480px, (min-width: 481px) 500px, 100vw\" class=\"wp-image-243236\" \/><\/span><\/div><\/div><div class=\"et_pb_column_8 et_pb_column et_pb_column_1_2 et-last-child et_block_column et_pb_css_mix_blend_mode_passthrough\"><div class=\"et_pb_text_8 et_pb_text et_pb_bg_layout_light et_pb_module et_block_module\"><div class=\"et_pb_text_inner\"><p><span>A principios de octubre, Finca Solmark formaliz\u00f3 su adhesi\u00f3n a la C\u00e1mara de Comercio Hispano-Sueca,\u00a0<\/span><span>una asociaci\u00f3n privada e independiente, sin fines lucrativos con el objetivo de\u00a0<\/span><span>fomentar las relaciones comerciales y culturales entre Espa\u00f1a y Suecia<\/span><span>. La C\u00e1mara se constituy\u00f3 en el a\u00f1o 1950 y tiene aproximadamente 200 socios empresas en toda Espa\u00f1a. \u201cLa iniciativa de Finca Solmark nos parece destacable y nos orgullece tenerles como socios ya que su labor\u00a0<\/span><span>representa los valores de sostenibilidad y la conciencia medioambiental que tanto queremos apoyar en la C\u00e1mara de Comercio Hispano-Sueca.\u201d dice Anna Fransson, Directora General de la C\u00e1mara.<\/span><\/p>\n<\/div><\/div><\/div><\/div><div class=\"et_pb_row_6 et_pb_row et_block_row\"><div class=\"et_pb_column_9 et_pb_column et_pb_column_4_4 et-last-child et_block_column et_pb_css_mix_blend_mode_passthrough\"><div class=\"et_pb_text_9 et_pb_text et_pb_bg_layout_light et_pb_module et_block_module\"><div class=\"et_pb_text_inner\"><p>El pr\u00f3ximo <strong>23 de noviembre<\/strong> en <strong>Finca Solmark<\/strong> se organizar\u00e1 una actividad muy original para <a href=\"https:\/\/stage.fincasolmark.com\/es\/apadrina-un-olivo\/\"><strong>\u201cApadrinar un olivo\u201d,<\/strong><\/a> una iniciativa en la que se invita a los asistentes a experimentar la sensaci\u00f3n de <strong>convertirse en agricultor y gozar de su propia cosecha de aceite de oliva, as\u00ed como<\/strong> aportar tu granito de arena en la elaboraci\u00f3n de un <strong>producto de exclusiva exquisitez, calidad y pureza. <\/strong>En esta primera edici\u00f3n, abierta a todo el mundo pero dedicado sobre todo a clientes suecos, se pretende\u00a0<strong>acercar la agricultura ecol\u00f3gica, tradiciones, turismo y gastronom\u00eda espa\u00f1oles a todo potencial consumidor que viva en Suecia, o suecos que vivan en Espa\u00f1a<\/strong>. Y, para ello, lo principal es que \u201cvivan la finca de primera mano\u201d.<\/p>\n<\/div><\/div><\/div><\/div><div class=\"et_pb_row_7 et_pb_row et_block_row\"><div class=\"et_pb_column_10 et_pb_column et_pb_column_1_2 et_block_column et_pb_css_mix_blend_mode_passthrough\"><div class=\"et_pb_image_4 et_pb_image et_pb_module et_block_module\"><span class=\"et_pb_image_wrap\"><img loading=\"lazy\" decoding=\"async\" src=\"https:\/\/stage.fincasolmark.com\/wp-content\/uploads\/2019\/10\/finca_solmark_Camara-de-Comercio-Hispano-Sueca_CEO_aceite_tapete_sueco.jpg\" width=\"720\" height=\"693\" srcset=\"https:\/\/stage.fincasolmark.com\/wp-content\/uploads\/2019\/10\/finca_solmark_Camara-de-Comercio-Hispano-Sueca_CEO_aceite_tapete_sueco.jpg 720w, https:\/\/stage.fincasolmark.com\/wp-content\/uploads\/2019\/10\/finca_solmark_Camara-de-Comercio-Hispano-Sueca_CEO_aceite_tapete_sueco-480x462.jpg 480w\" sizes=\"(min-width: 0px) and (max-width: 480px) 480px, (min-width: 481px) 720px, 100vw\" class=\"wp-image-243250\" \/><\/span><\/div><\/div><div class=\"et_pb_column_11 et_pb_column et_pb_column_1_2 et-last-child et_block_column et_pb_css_mix_blend_mode_passthrough\"><div class=\"et_pb_image_5 et_pb_image et_pb_module et_block_module\"><span class=\"et_pb_image_wrap\"><img loading=\"lazy\" decoding=\"async\" src=\"https:\/\/stage.fincasolmark.com\/wp-content\/uploads\/2019\/10\/finca_solmark_Camara-de-Comercio-Hispano-Sueca_CEO_johan_blanche.jpg\" width=\"720\" height=\"693\" srcset=\"https:\/\/stage.fincasolmark.com\/wp-content\/uploads\/2019\/10\/finca_solmark_Camara-de-Comercio-Hispano-Sueca_CEO_johan_blanche.jpg 720w, https:\/\/stage.fincasolmark.com\/wp-content\/uploads\/2019\/10\/finca_solmark_Camara-de-Comercio-Hispano-Sueca_CEO_johan_blanche-480x462.jpg 480w\" sizes=\"(min-width: 0px) and (max-width: 480px) 480px, (min-width: 481px) 720px, 100vw\" class=\"wp-image-243265\" \/><\/span><\/div><\/div><\/div><div class=\"et_pb_row_8 et_pb_row et_block_row\"><div class=\"et_pb_column_12 et_pb_column et_pb_column_4_4 et-last-child et_block_column et_pb_css_mix_blend_mode_passthrough\"><div class=\"et_pb_cta_0 et_pb_promo et_pb_bg_layout_dark et_pb_module et_block_module\"><div class=\"et_pb_promo_description\"><div class=\"et_pb_promo_content\"><blockquote>\n<p>\"La oferta de participar en la cosecha de la aceituna ha despertado un gran inter\u00e9s entre nuestros socios en la Costa del Sol. En gran medida, Pelle Lundborg ha hecho realidad un sue\u00f1o que muchos suecos amantes de Andaluc\u00eda y Espa\u00f1a albergan, el de tener su propia finca\", dice el delegado de la C\u00e1mara en M\u00e1laga Mats Bj\u00f6rkman.<\/p>\n<\/blockquote>\n<\/div><\/div><\/div><\/div><\/div><div class=\"et_pb_row_9 et_pb_row et_block_row\"><div class=\"et_pb_column_13 et_pb_column et_pb_column_1_2 et_block_column et_pb_css_mix_blend_mode_passthrough\"><div class=\"et_pb_image_6 et_pb_image et_pb_module et_block_module\"><span class=\"et_pb_image_wrap\"><img loading=\"lazy\" decoding=\"async\" src=\"https:\/\/stage.fincasolmark.com\/wp-content\/uploads\/2019\/10\/finca_solmark_Camara-de-Comercio-Hispano-Sueca_pelle_entrada.jpg\" width=\"500\" height=\"375\" srcset=\"https:\/\/stage.fincasolmark.com\/wp-content\/uploads\/2019\/10\/finca_solmark_Camara-de-Comercio-Hispano-Sueca_pelle_entrada.jpg 500w, https:\/\/stage.fincasolmark.com\/wp-content\/uploads\/2019\/10\/finca_solmark_Camara-de-Comercio-Hispano-Sueca_pelle_entrada-480x360.jpg 480w\" sizes=\"(min-width: 0px) and (max-width: 480px) 480px, (min-width: 481px) 500px, 100vw\" class=\"wp-image-243243\" \/><\/span><\/div><\/div><div class=\"et_pb_column_14 et_pb_column et_pb_column_1_2 et-last-child et_block_column et_pb_css_mix_blend_mode_passthrough\"><div class=\"et_pb_text_10 et_pb_text et_pb_bg_layout_light et_pb_module et_block_module\"><div class=\"et_pb_text_inner\"><p>En palabras de Lundborg <em>\u201cCon este tipo de iniciativas, al final lo m\u00e1s importante es <strong>\u201cmaridar las filosof\u00edas sueca y espa\u00f1ola\u201d para sembrar conciencia medioambiental y que todo el mundo entienda que todos somos responsables de cuidar el planeta, empezando por nosotros mismos. Suecia, mi pa\u00eds de origen, es una referencia mundial en la preservaci\u00f3n del planeta por su modelo medioambiental y uno de mis objetivos es traer a Espa\u00f1a las mejores pr\u00e1cticas en este \u00e1mbito \u201d.<\/strong><\/em><\/p>\n<\/div><\/div><\/div><\/div><div class=\"et_pb_row_10 et_pb_row et_block_row\"><div class=\"et_pb_column_15 et_pb_column et_pb_column_1_2 et_block_column et_pb_css_mix_blend_mode_passthrough\"><div class=\"et_pb_text_11 et_pb_text et_pb_bg_layout_light et_pb_module et_block_module\"><div class=\"et_pb_text_inner\"><p><em>\u201cPlantar un \u00e1rbol no s\u00f3lo es un acto simb\u00f3lico. <strong>El \u00e9xodo rural y la despoblaci\u00f3n son una cruda realidad <\/strong><\/em><em>de muchos municipios de Espa\u00f1a que se est\u00e1n quedando desiertos. Una realidad que nosotros pretendemos revertir <strong>con proyectos como 'Apadrina un olivo'<\/strong>. Somos de la opini\u00f3n de que \u201ctodo suma\u201d, incluso los gestos m\u00e1s peque\u00f1os, y queremos reflejar en nuestro proyecto el cambio y mejoras que queremos en la sociedad, con el fin de que futuras generaciones puedan disfrutar de nuestra riqueza rural, su naturaleza y cultura, que son enormes y a veces no sabemos apreciar\u201d,<\/em> apunta Lundborg.<\/p>\n<\/div><\/div><\/div><div class=\"et_pb_column_16 et_pb_column et_pb_column_1_2 et-last-child et_block_column et_pb_css_mix_blend_mode_passthrough\"><div class=\"et_pb_image_7 et_pb_image et_pb_module et_block_module\"><span class=\"et_pb_image_wrap\"><img loading=\"lazy\" decoding=\"async\" src=\"https:\/\/stage.fincasolmark.com\/wp-content\/uploads\/2019\/10\/finca_solmark_certificado_de_apadrinamiento_madera.jpg\" width=\"600\" height=\"504\" srcset=\"https:\/\/stage.fincasolmark.com\/wp-content\/uploads\/2019\/10\/finca_solmark_certificado_de_apadrinamiento_madera.jpg 600w, https:\/\/stage.fincasolmark.com\/wp-content\/uploads\/2019\/10\/finca_solmark_certificado_de_apadrinamiento_madera-480x403.jpg 480w\" sizes=\"(min-width: 0px) and (max-width: 480px) 480px, (min-width: 481px) 600px, 100vw\" class=\"wp-image-242542\" \/><\/span><\/div><\/div><\/div><\/div><div class=\"et_pb_section_2 et_pb_section et_section_regular et_block_section\"><div class=\"et_pb_row_11 et_pb_row et_pb_equal_columns et_pb_gutters1 et_block_row\"><div class=\"et_pb_column_17 et_pb_column et_pb_column_4_4 et-last-child et_block_column et_pb_css_mix_blend_mode_passthrough\"><div class=\"et_pb_gallery_0 et_pb_gallery et_pb_bg_layout_light et_pb_text_align_center et_pb_gallery_grid et_pb_module galeria-carratraca\" data-auto-rotate=\"off\" data-auto-rotate-speed=\"\"><div class=\"et_pb_gallery_items et_post_gallery clearfix et_grid_module\" data-per_page=\"100\"><div class=\"et_pb_gallery_item et_pb_grid_item et_pb_gallery_item_0_0\"><div class=\"et_pb_gallery_image landscape\" data-per_page=\"100\"><a href=\"https:\/\/stage.fincasolmark.com\/wp-content\/uploads\/2019\/10\/finca_solmark_Camara-de-Comercio-Hispano-Sueca_pelle_entrada.jpg\" title=\"finca_solmark_Camara-de-Comercio-Hispano-Sueca_pelle_entrada\"><img loading=\"lazy\" decoding=\"async\" width=\"400\" height=\"284\" src=\"https:\/\/stage.fincasolmark.com\/wp-content\/uploads\/2019\/10\/finca_solmark_Camara-de-Comercio-Hispano-Sueca_pelle_entrada-400x284.jpg\" alt=\"\" class=\"wp-image-243243\" srcset=\"https:\/\/stage.fincasolmark.com\/wp-content\/uploads\/2019\/10\/finca_solmark_Camara-de-Comercio-Hispano-Sueca_pelle_entrada.jpg 479w, https:\/\/stage.fincasolmark.com\/wp-content\/uploads\/2019\/10\/finca_solmark_Camara-de-Comercio-Hispano-Sueca_pelle_entrada-400x284.jpg 480w\" sizes=\"(max-width:479px) 479px, 100vw\" \/><span class=\"et_overlay\" data-icon=\"\" data-icon-tablet=\"\" data-icon-phone=\"\"><\/span><\/a><\/div><\/div><div class=\"et_pb_gallery_item et_pb_grid_item et_pb_gallery_item_0_1\"><div class=\"et_pb_gallery_image landscape\" data-per_page=\"100\"><a href=\"https:\/\/stage.fincasolmark.com\/wp-content\/uploads\/2019\/10\/finca_solmark_Camara-de-Comercio-Hispano-Sueca_clientes.jpg\" title=\"finca_solmark_Camara-de-Comercio-Hispano-Sueca_clientes\"><img loading=\"lazy\" decoding=\"async\" width=\"400\" height=\"284\" src=\"https:\/\/stage.fincasolmark.com\/wp-content\/uploads\/2019\/10\/finca_solmark_Camara-de-Comercio-Hispano-Sueca_clientes-400x284.jpg\" alt=\"\" class=\"wp-image-243270\" srcset=\"https:\/\/stage.fincasolmark.com\/wp-content\/uploads\/2019\/10\/finca_solmark_Camara-de-Comercio-Hispano-Sueca_clientes.jpg 479w, https:\/\/stage.fincasolmark.com\/wp-content\/uploads\/2019\/10\/finca_solmark_Camara-de-Comercio-Hispano-Sueca_clientes-400x284.jpg 480w\" sizes=\"(max-width:479px) 479px, 100vw\" \/><span class=\"et_overlay\" data-icon=\"\" data-icon-tablet=\"\" data-icon-phone=\"\"><\/span><\/a><\/div><\/div><div class=\"et_pb_gallery_item et_pb_grid_item et_pb_gallery_item_0_2\"><div class=\"et_pb_gallery_image landscape\" data-per_page=\"100\"><a href=\"https:\/\/stage.fincasolmark.com\/wp-content\/uploads\/2019\/10\/finca_solmark_Camara-de-Comercio-Hispano-Sueca_huerto_ecologico.jpg\" title=\"finca_solmark_Camara-de-Comercio-Hispano-Sueca_huerto_ecologico\"><img loading=\"lazy\" decoding=\"async\" width=\"400\" height=\"284\" src=\"https:\/\/stage.fincasolmark.com\/wp-content\/uploads\/2019\/10\/finca_solmark_Camara-de-Comercio-Hispano-Sueca_huerto_ecologico-400x284.jpg\" alt=\"\" class=\"wp-image-243246\" srcset=\"https:\/\/stage.fincasolmark.com\/wp-content\/uploads\/2019\/10\/finca_solmark_Camara-de-Comercio-Hispano-Sueca_huerto_ecologico.jpg 479w, https:\/\/stage.fincasolmark.com\/wp-content\/uploads\/2019\/10\/finca_solmark_Camara-de-Comercio-Hispano-Sueca_huerto_ecologico-400x284.jpg 480w\" sizes=\"(max-width:479px) 479px, 100vw\" \/><span class=\"et_overlay\" data-icon=\"\" data-icon-tablet=\"\" data-icon-phone=\"\"><\/span><\/a><\/div><\/div><div class=\"et_pb_gallery_item et_pb_grid_item et_pb_gallery_item_0_3\"><div class=\"et_pb_gallery_image landscape\" data-per_page=\"100\"><a href=\"https:\/\/stage.fincasolmark.com\/wp-content\/uploads\/2019\/10\/finca_solmark_i_jornada_puertas_abiertas_medioambiente_ecologia_turismo_09.jpg\" title=\"Aceite de Oliva, Miel y Cer\u00e1mica\"><img loading=\"lazy\" decoding=\"async\" width=\"400\" height=\"284\" src=\"https:\/\/stage.fincasolmark.com\/wp-content\/uploads\/2019\/10\/finca_solmark_i_jornada_puertas_abiertas_medioambiente_ecologia_turismo_09-400x284.jpg\" alt=\"Aceite de Oliva, Miel y Cer\u00e1mica\" class=\"wp-image-242856\" srcset=\"https:\/\/stage.fincasolmark.com\/wp-content\/uploads\/2019\/10\/finca_solmark_i_jornada_puertas_abiertas_medioambiente_ecologia_turismo_09.jpg 479w, https:\/\/stage.fincasolmark.com\/wp-content\/uploads\/2019\/10\/finca_solmark_i_jornada_puertas_abiertas_medioambiente_ecologia_turismo_09-400x284.jpg 480w\" sizes=\"(max-width:479px) 479px, 100vw\" \/><span class=\"et_overlay\" data-icon=\"\" data-icon-tablet=\"\" data-icon-phone=\"\"><\/span><\/a><\/div><\/div><div class=\"et_pb_gallery_item et_pb_grid_item et_pb_gallery_item_0_4\"><div class=\"et_pb_gallery_image landscape\" data-per_page=\"100\"><a href=\"https:\/\/stage.fincasolmark.com\/wp-content\/uploads\/2019\/10\/finca_solmark_Camara-de-Comercio-Hispano-Sueca_CEO_aceite_tapete_sueco.jpg\" title=\"finca_solmark_Camara-de-Comercio-Hispano-Sueca_CEO_aceite_tapete_sueco\"><img loading=\"lazy\" decoding=\"async\" width=\"400\" height=\"284\" src=\"https:\/\/stage.fincasolmark.com\/wp-content\/uploads\/2019\/10\/finca_solmark_Camara-de-Comercio-Hispano-Sueca_CEO_aceite_tapete_sueco-400x284.jpg\" alt=\"\" class=\"wp-image-243250\" srcset=\"https:\/\/stage.fincasolmark.com\/wp-content\/uploads\/2019\/10\/finca_solmark_Camara-de-Comercio-Hispano-Sueca_CEO_aceite_tapete_sueco.jpg 479w, https:\/\/stage.fincasolmark.com\/wp-content\/uploads\/2019\/10\/finca_solmark_Camara-de-Comercio-Hispano-Sueca_CEO_aceite_tapete_sueco-400x284.jpg 480w\" sizes=\"(max-width:479px) 479px, 100vw\" \/><span class=\"et_overlay\" data-icon=\"\" data-icon-tablet=\"\" data-icon-phone=\"\"><\/span><\/a><\/div><\/div><div class=\"et_pb_gallery_item et_pb_grid_item et_pb_gallery_item_0_5\"><div class=\"et_pb_gallery_image landscape\" data-per_page=\"100\"><a href=\"https:\/\/stage.fincasolmark.com\/wp-content\/uploads\/2019\/08\/finca_solmark_la_finca_09.jpg\" title=\"finca_solmark_la_finca_09\"><img loading=\"lazy\" decoding=\"async\" width=\"400\" height=\"284\" src=\"https:\/\/stage.fincasolmark.com\/wp-content\/uploads\/2019\/08\/finca_solmark_la_finca_09-400x284.jpg\" alt=\"\" class=\"wp-image-241347\" srcset=\"https:\/\/stage.fincasolmark.com\/wp-content\/uploads\/2019\/08\/finca_solmark_la_finca_09.jpg 479w, https:\/\/stage.fincasolmark.com\/wp-content\/uploads\/2019\/08\/finca_solmark_la_finca_09-400x284.jpg 480w\" sizes=\"(max-width:479px) 479px, 100vw\" \/><span class=\"et_overlay\" data-icon=\"\" data-icon-tablet=\"\" data-icon-phone=\"\"><\/span><\/a><\/div><\/div><\/div><div class=\"et_pb_gallery_pagination\"><\/div><\/div><\/div><\/div><\/div><div class=\"et_pb_section_3 et_pb_section et_section_regular et_block_section\"><div class=\"et_pb_row_12 et_pb_row et_block_row\"><div class=\"et_pb_column_18 et_pb_column et_pb_column_1_2 et_block_column et_pb_css_mix_blend_mode_passthrough\"><div class=\"et_pb_image_8 et_pb_image et_pb_module et_block_module\"><span class=\"et_pb_image_wrap\"><img loading=\"lazy\" decoding=\"async\" src=\"https:\/\/stage.fincasolmark.com\/wp-content\/uploads\/2019\/10\/finca_solmark_i_jornada_puertas_abiertas_casita_rural.jpg\" width=\"800\" height=\"643\" srcset=\"https:\/\/stage.fincasolmark.com\/wp-content\/uploads\/2019\/10\/finca_solmark_i_jornada_puertas_abiertas_casita_rural.jpg 800w, https:\/\/stage.fincasolmark.com\/wp-content\/uploads\/2019\/10\/finca_solmark_i_jornada_puertas_abiertas_casita_rural-480x386.jpg 480w\" sizes=\"(min-width: 0px) and (max-width: 480px) 480px, (min-width: 481px) 800px, 100vw\" class=\"wp-image-242400\" \/><\/span><\/div><\/div><div class=\"et_pb_column_19 et_pb_column et_pb_column_1_2 et-last-child et_block_column et_pb_css_mix_blend_mode_passthrough\"><div class=\"et_pb_text_12 et_pb_text et_pb_bg_layout_light et_pb_module et_block_module\"><div class=\"et_pb_text_inner\"><p><strong>SOBRE FINCA SOLMARK<\/strong><\/p>\n<p><strong><em>Finca Solmark<\/em><\/strong><em><span>\u00a0<\/span>es un<strong><span>\u00a0<\/span>EcoTurismo Rural<\/strong> de origen hispano-sueco que se dedica a la fabricaci\u00f3n, comercializaci\u00f3n y exportaci\u00f3n\u00a0de aceite de oliva, aguacate y otros productos ecol\u00f3gicos a Europa.\u00a0Dispone de un alojamiento rural con encanto y de varios proyectos de concienciaci\u00f3n, divulgaci\u00f3n y educaci\u00f3n medioambiental.<\/em><\/p>\n<p>&nbsp;<\/p>\n<p><strong>Web:<\/strong><span>\u00a0<\/span><a href=\"https:\/\/stage.fincasolmark.com\/\">https:\/\/stage.fincasolmark.com\/<\/a><\/p>\n<p><strong>E-mail:<\/strong><span>\u00a0<\/span><a href=\"mailto:hi@fincasolmark.com\">hi@fincasolmark.com<\/a><\/p>\n<\/div><\/div><\/div><\/div><\/div>\n","protected":false},"excerpt":{"rendered":"<p>Con su adhesi\u00f3n, el agroturismo rural pretende impulsar principalmente la comercializaci\u00f3n y la exportaci\u00f3n de aceite de oliva, aguacate y otros productos ecol\u00f3gicos espa\u00f1oles a Suecia, as\u00ed como incentivar el turismo sostenible en Espa\u00f1a con su alojamiento rural, organizaci\u00f3n de actividades e iniciativas medioambientales<\/p>\n","protected":false},"author":1,"featured_media":243262,"comment_status":"closed","ping_status":"closed","sticky":false,"template":"","format":"standard","meta":{"footnotes":""},"categories":[99,1],"tags":[],"class_list":["post-243233","post","type-post","status-publish","format-standard","has-post-thumbnail","hentry","category-alianzas","category-sin-categorizar"],"_links":{"self":[{"href":"https:\/\/stage.fincasolmark.com\/es\/wp-json\/wp\/v2\/posts\/243233","targetHints":{"allow":["GET"]}}],"collection":[{"href":"https:\/\/stage.fincasolmark.com\/es\/wp-json\/wp\/v2\/posts"}],"about":[{"href":"https:\/\/stage.fincasolmark.com\/es\/wp-json\/wp\/v2\/types\/post"}],"author":[{"embeddable":true,"href":"https:\/\/stage.fincasolmark.com\/es\/wp-json\/wp\/v2\/users\/1"}],"replies":[{"embeddable":true,"href":"https:\/\/stage.fincasolmark.com\/es\/wp-json\/wp\/v2\/comments?post=243233"}],"version-history":[{"count":2,"href":"https:\/\/stage.fincasolmark.com\/es\/wp-json\/wp\/v2\/posts\/243233\/revisions"}],"predecessor-version":[{"id":380615,"href":"https:\/\/stage.fincasolmark.com\/es\/wp-json\/wp\/v2\/posts\/243233\/revisions\/380615"}],"wp:featuredmedia":[{"embeddable":true,"href":"https:\/\/stage.fincasolmark.com\/es\/wp-json\/wp\/v2\/media\/243262"}],"wp:attachment":[{"href":"https:\/\/stage.fincasolmark.com\/es\/wp-json\/wp\/v2\/media?parent=243233"}],"wp:term":[{"taxonomy":"category","embeddable":true,"href":"https:\/\/stage.fincasolmark.com\/es\/wp-json\/wp\/v2\/categories?post=243233"},{"taxonomy":"post_tag","embeddable":true,"href":"https:\/\/stage.fincasolmark.com\/es\/wp-json\/wp\/v2\/tags?post=243233"}],"curies":[{"name":"wp","href":"https:\/\/api.w.org\/{rel}","templated":true}]}}