{"id":246289,"date":"2020-02-11T18:26:49","date_gmt":"2020-02-11T18:26:49","guid":{"rendered":"https:\/\/stage.fincasolmark.com\/?p=246289"},"modified":"2026-08-13T13:31:30","modified_gmt":"2026-08-13T11:31:30","slug":"finca-solmark-entrevista-a-isabel-viruet","status":"publish","type":"post","link":"https:\/\/stage.fincasolmark.com\/es\/finca-solmark-entrevista-a-isabel-viruet\/","title":{"rendered":"Finca Solmark entrevista a Isabel Viruet"},"content":{"rendered":"\n<div class=\"et_pb_section_0 et_pb_section et_section_regular et_block_section\"><\/div><div class=\"et_pb_section_1 et_pb_section et_section_regular et_block_section\"><div class=\"et_pb_row_0 et_pb_row et_block_row\"><div class=\"et_pb_column_0 et_pb_column et_pb_column_1_3 et_block_column et_pb_css_mix_blend_mode_passthrough\"><div class=\"et_pb_text_0 et_pb_text et_pb_bg_layout_light et_pb_module et_block_module\"><div class=\"et_pb_text_inner\"><p>11<\/p>\n<\/div><\/div><div class=\"et_pb_divider_0 et_pb_divider et_pb_space et_pb_divider_position_top et_pb_module\"><div class=\"et_pb_divider_internal\"><\/div><\/div><div class=\"et_pb_text_1 et_pb_text et_pb_bg_layout_light et_pb_module et_block_module\"><div class=\"et_pb_text_inner\"><p>Febrero, 2020<\/p>\n<\/div><\/div><\/div><div class=\"et_pb_column_1 et_pb_column et_pb_column_2_3 et-last-child et_block_column et_pb_css_mix_blend_mode_passthrough\"><div class=\"et_pb_text_2 et_pb_text et_pb_bg_layout_light et_pb_module et_block_module\"><div class=\"et_pb_text_inner\"><h1><strong>Finca Solmark entrevista a<br \/>\nIsabel Viruet<\/strong><\/h1>\n<\/div><\/div><div class=\"et_pb_divider_1 et_pb_divider et_pb_space et_pb_divider_position_top et_pb_module\"><div class=\"et_pb_divider_internal\"><\/div><\/div><\/div><\/div><div class=\"et_pb_row_1 et_pb_row et_block_row\"><div class=\"et_pb_column_2 et_pb_column et_pb_column_4_4 et-last-child et_block_column et_pb_css_mix_blend_mode_passthrough\"><div class=\"et_pb_text_3 et_pb_text et_pb_bg_layout_light et_pb_module et_block_module\"><div class=\"et_pb_text_inner\"><p><strong>M\u00e1laga<\/strong> ha sido siempre conocida como tierra de agricultores, pescadores y artistas. Una regi\u00f3n humilde en la que el talento ha florecido con el trabajo de manos callosas y regado con gotas de sudor y constancia. Muchos de los grandes nombres que ha dado al mundo la regi\u00f3n malacitana, como <strong>Antonio Banderas,<\/strong> <strong>Marisol, Antonio Molina o Chiquito de la Calzada<\/strong>, provienen de familias modestas, de las que tomaron el ejemplo del ineluctable car\u00e1cter andaluz para luchar y salir adelante.<\/p>\n<\/div><\/div><\/div><\/div><div class=\"et_pb_row_2 et_pb_row et_block_row\"><div class=\"et_pb_column_3 et_pb_column et_pb_column_1_2 et_block_column et_pb_css_mix_blend_mode_passthrough\"><div class=\"et_pb_image_0 et_pb_image et_pb_module et_block_module\"><span class=\"et_pb_image_wrap\"><img loading=\"lazy\" decoding=\"async\" src=\"https:\/\/stage.fincasolmark.com\/wp-content\/uploads\/2020\/02\/finca_solmark_entrevista_isabel_viruet_01.jpg\" width=\"640\" height=\"960\" srcset=\"https:\/\/stage.fincasolmark.com\/wp-content\/uploads\/2020\/02\/finca_solmark_entrevista_isabel_viruet_01.jpg 640w, https:\/\/stage.fincasolmark.com\/wp-content\/uploads\/2020\/02\/finca_solmark_entrevista_isabel_viruet_01-480x720.jpg 480w\" sizes=\"(min-width: 0px) and (max-width: 480px) 480px, (min-width: 481px) 640px, 100vw\" class=\"wp-image-246298\" \/><\/span><\/div><\/div><div class=\"et_pb_column_4 et_pb_column et_pb_column_1_2 et-last-child et_block_column et_pb_css_mix_blend_mode_passthrough\"><div class=\"et_pb_text_4 et_pb_text et_pb_bg_layout_light et_pb_module et_block_module\"><div class=\"et_pb_text_inner\"><p><strong>Carratraca,<\/strong> en la sierra malague\u00f1a, es un paradigma de ese talento humilde que se esfuerza por salir a flote. De este peque\u00f1o pueblo rural han surgido multitud de <strong>artistas, intelectuales y grandes profesionales<\/strong> que triunfan en sus respectivos campos gracias al af\u00e1n por estudiar, formarse, reinventarse, luchar contra la adversidad, defender causas sociales o, simplemente, \u00a1vivir de su pasi\u00f3n!.<\/p>\n<p><strong><em>\u00bfSab\u00edas, por ejemplo, que entre los ilustres hay una directiva de la ONCE, una atleta ol\u00edmpica o un nominado a los Premios Goya?<\/em><\/strong><\/p>\n<p>Uno de los casos m\u00e1s inspiradores en este sentido es el de <strong>Isabel Viruet,<\/strong> quien <a href=\"https:\/\/www.eldiario.es\/andalucia\/5porlaigualdad\/Isabel-Viruet-ciego-pueblo-felicidad_0_769573291.html\"><strong>naci\u00f3 en Carratraca<\/strong><\/a> con una enfermedad visual y, con un gran esfuerzo y una voluntad de acero, ha llegado a ser directiva del Grupo Once, concretamente <strong>P<\/strong><strong>residenta del Consejo Territorial de la ONCE en Andaluc\u00eda, Ceuta y Melilla.<\/strong> A los 28 a\u00f1os dej\u00f3 de ver definitivamente a causa de un glaucoma cong\u00e9nito e Isabel, en vez de apocarse o aislarse, decidi\u00f3 dar un paso al frente para salir adelante, formarse y trabajar duro, y hoy es una de las directivas m\u00e1s reconocidas de la Organizaci\u00f3n Nacional de Ciegos Espa\u00f1oles en Andaluc\u00eda. Hemos querido entrevistarla y su respuesta ante nuestra petici\u00f3n ha sido impecable: <em>\u201cE<\/em><em>star\u00e9 encantada de participar en el proyecto que me citas y que me parece muy interesante. Todo lo que sea dar valor a mi pueblo para m\u00ed es ilusionante\u201d.<\/em><\/p>\n<\/div><\/div><\/div><\/div><div class=\"et_pb_row_3 et_pb_row et_block_row\"><div class=\"et_pb_column_5 et_pb_column et_pb_column_4_4 et-last-child et_block_column et_pb_css_mix_blend_mode_passthrough\"><div class=\"et_pb_text_5 et_pb_text et_pb_bg_layout_light et_pb_module et_block_module\"><div class=\"et_pb_text_inner\"><p>As\u00ed que empezamos con la <strong>entrevista<\/strong> y le preguntamos:<\/p>\n<p><strong>Nosotros en la Finca Solmark llevamos a\u00fan relativamente poco tiempo en Carratraca pero nos encanta y nos enamor\u00f3 desde el primer d\u00eda. Vemos que usted naci\u00f3 all\u00ed y se siente muy orgullosa de sus or\u00edgenes. \u00bfQu\u00e9 es lo m\u00e1s le gusta de su pueblo?<\/strong><\/p>\n<p>Mi pueblo es mi casa, mi hogar, donde me siento absolutamente libre. Soy parte de esa naturaleza a la que tanto amo y tanto necesito. Libre para sentir el sol en la piel, el viento y la luz de la luna.... Paz, es lo que me transmite Carratraca y es lo que m\u00e1s necesito sentir. Lo sencillo, lo humilde, lo b\u00e1sico, incluso lo anclado en tiempos pasados.... Todo, nada, en definitiva podr\u00eda pasear por sus calles sin necesidad de mi bast\u00f3n ni de nadie. Carratraca simplemente es mi hogar.<\/p>\n<\/div><\/div><\/div><\/div><div class=\"et_pb_row_4 et_pb_row et_block_row\"><div class=\"et_pb_column_6 et_pb_column et_pb_column_4_4 et-last-child et_block_column et_pb_css_mix_blend_mode_passthrough\"><div class=\"et_pb_text_6 et_pb_text et_pb_bg_layout_light et_pb_module et_block_module\"><div class=\"et_pb_text_inner\"><p><strong>\u00bfLe ha influido en alg\u00fan sentido criarse en un entorno rural?\u00a0<\/strong><\/p>\n<p>Entiendo que s\u00ed, y mucho. Vivir en un pueblo peque\u00f1o me hizo libre, algo salvaje quiz\u00e1s. Eso permiti\u00f3 que mis padres me dejaran con mis hermanos en la calle, en los campos, en el arroyo..... Esa sobre-protecci\u00f3n de los padres a los ni\u00f1os y ni\u00f1as con discapacidad nunca es buena y nunca ayuda, sin embargo, los otros ni\u00f1os si te aceptan te tratan como una m\u00e1s que es lo que necesitas. Es importante aprender a vivir desde la infancia, con todo lo bueno y lo malo que ello\u00a0 implica. Caerse y aprender a levantarte sola, sentir que la amistad o se cuida o se pierde, jugar en grupo o hacer equipo en el que aportas o te sacan de manera natural, ensuciarte en el campo, correr y caer rasp\u00e1ndote las rodillas tienen que influir en la personalidad de quien vive esas\u00a0 maravillosas aventuras y fueron muchas.<\/p>\n<\/div><\/div><\/div><\/div><div class=\"et_pb_row_5 et_pb_row et_block_row\"><div class=\"et_pb_column_7 et_pb_column et_pb_column_1_2 et_block_column et_pb_css_mix_blend_mode_passthrough\"><div class=\"et_pb_image_1 et_pb_image et_pb_module et_block_module\"><span class=\"et_pb_image_wrap\"><img loading=\"lazy\" decoding=\"async\" src=\"https:\/\/stage.fincasolmark.com\/wp-content\/uploads\/2020\/02\/finca_solmark_entrevista_isabel_viruet_02.jpg\" width=\"720\" height=\"960\" srcset=\"https:\/\/stage.fincasolmark.com\/wp-content\/uploads\/2020\/02\/finca_solmark_entrevista_isabel_viruet_02.jpg 720w, https:\/\/stage.fincasolmark.com\/wp-content\/uploads\/2020\/02\/finca_solmark_entrevista_isabel_viruet_02-480x640.jpg 480w\" sizes=\"(min-width: 0px) and (max-width: 480px) 480px, (min-width: 481px) 720px, 100vw\" class=\"wp-image-246301\" \/><\/span><\/div><\/div><div class=\"et_pb_column_8 et_pb_column et_pb_column_1_2 et-last-child et_block_column et_pb_css_mix_blend_mode_passthrough\"><div class=\"et_pb_text_7 et_pb_text et_pb_bg_layout_light et_pb_module et_block_module\"><div class=\"et_pb_text_inner\"><p><strong>\u00bfTiene alg\u00fan rinc\u00f3n especial que recuerde de su ni\u00f1ez?<\/strong><\/p>\n<p>Muchos, son muchos los rincones especiales de la ni\u00f1ez, de la adolescencia, de la juventud y de la vida actual. El primero es el escal\u00f3n de la casa donde viv\u00eda mi abuela, en la calle M\u00e1laga. Para m\u00ed era el lugar desde donde disfrutaba de la gente que bajaba y sub\u00eda la calle, especialmente cuando lo hac\u00edan los ni\u00f1os hacia o desde el colegio.<\/p>\n<p>El balc\u00f3n de mis padres, desde donde se puede disfrutar del espacio abierto y en alto. Han sido miles y miles las horas, las noches enteras disfrutando all\u00ed de un buen libro durante las vacaciones de verano, de la buena m\u00fasica, del sol de invierno o de un amanecer.... Muchas decisiones importantes para mi vida he tomado en ese balc\u00f3n. Tambi\u00e9n cay\u00f3 alguna que otra l\u00e1grima.<\/p>\n<p>\u00a0La antigua mina de diamantes, que atesora horas y horas de aventuras clandestinas, pues me escapaba con mi hermano y sus amigos para jugar en los montones de chinos, con permiso unas veces, y otras sin haberlo pedido..... Podr\u00eda seguir infinitamente pues son muchos los lugares que incluso sin resultar especiales podr\u00edan serlo.<\/p>\n<\/div><\/div><\/div><\/div><\/div><div class=\"et_pb_section_2 et_pb_section et_section_regular et_block_section\"><div class=\"et_pb_row_6 et_pb_row et_block_row\"><div class=\"et_pb_column_9 et_pb_column et_pb_column_4_4 et-last-child et_block_column et_pb_css_mix_blend_mode_passthrough\"><div class=\"et_pb_text_8 et_pb_text et_pb_bg_layout_light et_pb_module et_block_module\"><div class=\"et_pb_text_inner\"><p><strong>\u00bfAnimar\u00eda a las personas a vivir m\u00e1s en contacto con la naturaleza?<\/strong><\/p>\n<p>S\u00ed, pero con condiciones. Estar en contacto con la naturaleza es indudablemente lo mejor del mundo pero si lo deseas. Si amas a alguien, a algo y buscas su compa\u00f1\u00eda dicha compa\u00f1\u00eda ser\u00e1 beneficiosa para ambas partes, pero hacerlo sin ese sentimiento puro y de verdad no beneficia a nadie, y al final la naturaleza es quien m\u00e1s pierde, pues desgraciadamente no puede defenderse.<\/p>\n<p>Me preocupa que hoy en d\u00eda eso de vivir la naturaleza vende y queda muy bien en redes sociales, por lo que con m\u00e1s frecuencia de lo deseada la naturaleza se utiliza para quedar bien, para venderse como alguien sano. Esas cosas a m\u00ed me duelen mucho porque van a hacerse la foto, a comer en el campo y a ensuciar, da\u00f1ar y maltratar aquello que tendr\u00edamos que cuidar para quienes de verdad lo aman, para el disfrute mutuo. Al final es comparable a los matrimonios por conveniencia, que quedan muy bien pero hacen mucho da\u00f1o. Vive la naturaleza si la amas, si no es as\u00ed, d\u00e9jala en paz.<\/p>\n<\/div><\/div><div class=\"et_pb_text_9 et_pb_text et_pb_bg_layout_light et_pb_module et_block_module\"><div class=\"et_pb_text_inner\"><p><strong>Se la conoce como una mujer fuerte, luchadora, optimista, resiliente, que ha comentado p\u00fablicamente que le gusta a veces ser independiente y estar sola para desconectar. \u00bfEs as\u00ed? \u00bfDe d\u00f3nde le viene esa forma de ser?<\/strong><\/p>\n<p>De Carratraca, de mi pueblo, de mi gente. Eso es lo que te ense\u00f1a un pueblo que tiene dificultades para seguir adelante\u00a0 y es el mejor regalo que ha podido hacerme. Mis padres me ense\u00f1aron siempre a luchar y no rendirme, Dicho sea de paso, tampoco puedo permit\u00edrmelo porque la alternativa no me gusta nada, por tanto rendirse no es una opci\u00f3n.<\/p>\n<p>No s\u00e9 si soy fuerte o no pero tengo que serlo, por lo que cada ma\u00f1ana me convenzo a m\u00ed misma de que lo soy, ya no por mi persona, que tambi\u00e9n, sino por casi 16.000 afiliadas y afiliados que tiene ONCE Andaluc\u00eda, Ceuta y Melilla. Quiz\u00e1s una cosa alimenta a la otra o simplemente sean excusas pero me vale para ser fuerte. La vida actual no es f\u00e1cil para nadie, as\u00ed que las personas con discapacidad desgraciadamente lo tienen un poco peor: En el empleo, en la educaci\u00f3n, en la atenci\u00f3n, en la participaci\u00f3n social o simple y llanamente para incluirse en la comunidad. Toca seguir.<\/p>\n<p><span style=\"font-size: 18.432px;\">Todo esto satura mi pobre disco duro y necesito la soledad para reiniciarme y seguir. Esa soledad deseada y disfrutada en la tranquilidad del pueblo, en mi terraza es un enorme privilegio por el que doy gracias cada d\u00eda.<\/span><\/p>\n<\/div><\/div><div class=\"et_pb_image_2 et_pb_image et_pb_module et_block_module\"><span class=\"et_pb_image_wrap\"><img loading=\"lazy\" decoding=\"async\" src=\"https:\/\/stage.fincasolmark.com\/wp-content\/uploads\/2020\/02\/finca_solmark_entrevista_isabel_viruet_03.jpg\" width=\"800\" height=\"597\" srcset=\"https:\/\/stage.fincasolmark.com\/wp-content\/uploads\/2020\/02\/finca_solmark_entrevista_isabel_viruet_03.jpg 800w, https:\/\/stage.fincasolmark.com\/wp-content\/uploads\/2020\/02\/finca_solmark_entrevista_isabel_viruet_03-480x358.jpg 480w\" sizes=\"(min-width: 0px) and (max-width: 480px) 480px, (min-width: 481px) 800px, 100vw\" class=\"wp-image-246307\" \/><\/span><\/div><div class=\"et_pb_text_10 et_pb_text et_pb_bg_layout_light et_pb_module et_block_module\"><div class=\"et_pb_text_inner\"><p><strong>\u00bfC\u00f3mo es la realidad del d\u00eda a d\u00eda de una mujer con discapacidad visual en el medio rural? En su caso, \u00bfha sido duro?\u00a0 \u00bfTuvo usted la posibilidad de formarse?<\/strong><\/p>\n<p>Dur\u00edsima, la realidad de una mujer con discapacidad en el mundo rural es muy dura. Aqu\u00ed hagas lo que hagas no te sirve porque no tienes posibilidad de un empleo digno. La realidad te expulsa del pueblo brutalmente y sales a formarte fuera y a trabajar fuera con una meta clara en mente, volver. Eso s\u00ed, no puedes volver hasta que no vuelvas jubilada y pensionada pues si no es as\u00ed lo \u00fanico que te queda es la atenci\u00f3n de tu familia y sus cuidados. Al final eso se siente como caridad y va a ser que no. Va a ser que no indudablemente.<\/p>\n<\/div><\/div><div class=\"et_pb_text_11 et_pb_text et_pb_bg_layout_light et_pb_module et_block_module\"><div class=\"et_pb_text_inner\"><p><strong>Hemos escuchado una frase suya, que nos parece realmente inspiradora a la vez que retante, \"La vida es como te la tomes\". \u00bfNos la puede explicar un poco m\u00e1s?<\/strong><\/p>\n<p>Me hace sonre\u00edr esta pregunta y me gusta.\u00a0 Conozco mucha gente que tienen vidas insoportablemente duras y dif\u00edciles, casi insufribles y que en lugar de ver lo que no tiene disfrutan lo que s\u00ed tienen. En lugar de mirar las\u00a0 dificultades como tal las miran como metas, como posibilidad para aprender y superarse y son felices, o mejor dicho disfrutan de muchos momentos de felicidad porque los buscan y los crean. Conozco m\u00e1s personas, desgraciadamente, que\u00a0 tambi\u00e9n con vidas dif\u00edciles no enfocan la mirada para encontrar esas r\u00e1fagas de felicidad tan necesarias. Solo se fijan en quienes tienen m\u00e1s que ellos, en lo que no tienen y no tendr\u00e1n y se olvidan de algo tan importante como la salud, el alimento, un techo, la familia. Solo con tener esas cosas cubiertas ya es obligatorio ser feliz pues muchas personas no los tienen. El otro d\u00eda le\u00ed una frase que dec\u00eda algo as\u00ed como \u201cllor\u00e9\u00a0 una vez porque no ten\u00eda zapatos, dej\u00e9 de hacerlo porque vi alguien que no ten\u00eda piernas\u201d.<\/p>\n<\/div><\/div><div class=\"et_pb_text_12 et_pb_text et_pb_bg_layout_light et_pb_module et_block_module\"><div class=\"et_pb_text_inner\"><p><strong>\u00bfDe d\u00f3nde saca ese optimismo tan contagioso?<\/strong><\/p>\n<p>No lo s\u00e9, cuando me planteo el esfuerzo que cuesta ser optimista y el que cuesta ser pesimista, casi es el mismo y al final el primero me ofrece mejores r\u00e9ditos, \u00bfNo?.<\/p>\n<\/div><\/div><div class=\"et_pb_text_13 et_pb_text et_pb_bg_layout_light et_pb_module et_block_module\"><div class=\"et_pb_text_inner\"><p><strong>\u00bfQu\u00e9 consejo dar\u00eda a la gente joven de Carratraca para que pueda cumplir sus sue\u00f1os?<\/strong><\/p>\n<p>Lucha. Lucha y Lucha..... si al final no lo consigues te sentir\u00e1s bien porque lo has peleado. La apat\u00eda y los brazos cruzados es lo peor del mundo est\u00e9s donde est\u00e9s, en un pueblo peque\u00f1o o en una ciudad gigantesca. Los sue\u00f1os y el\u00a0 futuro de las personas j\u00f3venes no se los va a regalar nadie y Carratraca menos, son ellos quienes han de crearlos, lucharlos y hacerlos crecer, y si en ellos est\u00e1 Carratraca mejor que mejor. Nuestro pueblo es el mejor lugar del mundo, no lo culpemos de aquello que no es responsable pues ya nos ofrece much\u00edsimo, toca disfrutarlo, cuidarlo y compartirlo.<\/p>\n<\/div><\/div><div class=\"et_pb_text_14 et_pb_text et_pb_bg_layout_light et_pb_module et_block_module\"><div class=\"et_pb_text_inner\"><p><strong>La hemos visto con cuenta en redes sociales. \u00bfDe d\u00f3nde le viene su inter\u00e9s por la tecnolog\u00eda y estas nuevas herramientas de comunicaci\u00f3n con el mundo?<\/strong><\/p>\n<p>Precisamente de vivir en una zona rural, alejada del mundo y de personas que ten\u00edan las mismas inquietudes que yo por compartir conmigo una discapacidad visual. Buscaba adem\u00e1s formas de satisfacer mi curiosidad por las cosas, dado que la accesibilidad en la lectura en la biblioteca era imposible sin que alguien me leyese, se cansaban de leerme cosas que no les interesaba. Las noticias, informaci\u00f3n para la universidad, y por qu\u00e9 no decirlo, conocer m\u00e1s gente, gente diferente.<\/p>\n<\/div><\/div><div class=\"et_pb_text_15 et_pb_text et_pb_bg_layout_light et_pb_module et_block_module\"><div class=\"et_pb_text_inner\"><p><strong>Finalmente \u00bfCree que ser\u00eda bueno dar m\u00e1s visibilidad a su pueblo para promover el turismo sostenible? \u00bfAlguna idea en concreto?<\/strong><strong>\u00a0<\/strong>\u00a0<\/p>\n<p>S\u00ed, visibilidad siempre. Lo tengo claro y lo pr\u00e1ctico, pero ojal\u00e1 tuviese ideas para que ese turismo sostenible llegase con garant\u00edas y para quedarse.<\/p>\n<\/div><\/div><div class=\"et_pb_text_16 et_pb_text et_pb_bg_layout_light et_pb_module et_block_module\"><div class=\"et_pb_text_inner\"><p><strong>\u00bfAlguna \u00faltima reflexi\u00f3n?<\/strong><\/p>\n<p>Solo me queda animar a las personas a disfrutar de todo lo maravilloso que poseemos. A abrir los ojos a\u00fan sin que estos puedan ver para mirar lo bueno de la vida. Es importante poner en valor, poner en pr\u00e1ctica\u00a0 aquellas frases que son tan tontas y que leemos en las redes sociales tan solo para que se las apliquen los dem\u00e1s, mejor dar la vuelta y aplicarla a nosotros mismos. La felicidad tan solo depende de nosotros mismos, la belleza depende desde los ojos que la miren, el agua fresca aporta felicidad si tienes sed, pero \u00bfy si tienes fr\u00edo?....<\/p>\n<p>&nbsp;<\/p>\n<p>Isabel Viruet.<\/p>\n<\/div><\/div><\/div><\/div><div class=\"et_pb_row_7 et_pb_row et_pb_gutters1 et_block_row\"><div class=\"et_pb_column_10 et_pb_column et_pb_column_4_4 et-last-child et_block_column et_pb_css_mix_blend_mode_passthrough\"><div class=\"et_pb_gallery_0 et_pb_gallery et_pb_bg_layout_light et_pb_gallery_grid et_pb_module\" data-auto-rotate=\"off\" data-auto-rotate-speed=\"\"><div class=\"et_pb_gallery_items et_post_gallery clearfix et_grid_module\" data-per_page=\"9\"><div class=\"et_pb_gallery_item et_pb_grid_item et_pb_gallery_item_0_0\"><div class=\"et_pb_gallery_image landscape\" data-per_page=\"9\"><a href=\"https:\/\/stage.fincasolmark.com\/wp-content\/uploads\/2020\/02\/finca_solmark_entrevista_isabel_viruet_cab.jpg\" title=\"finca_solmark_entrevista_isabel_viruet_cab\"><img loading=\"lazy\" decoding=\"async\" width=\"400\" height=\"284\" src=\"https:\/\/stage.fincasolmark.com\/wp-content\/uploads\/2020\/02\/finca_solmark_entrevista_isabel_viruet_cab-400x284.jpg\" alt=\"Entrevista a Isabel Viruet - Finca Solmark\" class=\"wp-image-246293\" srcset=\"https:\/\/stage.fincasolmark.com\/wp-content\/uploads\/2020\/02\/finca_solmark_entrevista_isabel_viruet_cab.jpg 479w, https:\/\/stage.fincasolmark.com\/wp-content\/uploads\/2020\/02\/finca_solmark_entrevista_isabel_viruet_cab-400x284.jpg 480w\" sizes=\"(max-width:479px) 479px, 100vw\" \/><span class=\"et_overlay\" data-icon=\"\" data-icon-tablet=\"\" data-icon-phone=\"\"><\/span><\/a><\/div><\/div><div class=\"et_pb_gallery_item et_pb_grid_item et_pb_gallery_item_0_1\"><div class=\"et_pb_gallery_image landscape\" data-per_page=\"9\"><a href=\"https:\/\/stage.fincasolmark.com\/wp-content\/uploads\/2020\/02\/finca_solmark_entrevista_isabel_viruet_01.jpg\" title=\"finca_solmark_entrevista_isabel_viruet_01\"><img loading=\"lazy\" decoding=\"async\" width=\"400\" height=\"284\" src=\"https:\/\/stage.fincasolmark.com\/wp-content\/uploads\/2020\/02\/finca_solmark_entrevista_isabel_viruet_01-400x284.jpg\" alt=\"Isabel Viruet\" class=\"wp-image-246298\" srcset=\"https:\/\/stage.fincasolmark.com\/wp-content\/uploads\/2020\/02\/finca_solmark_entrevista_isabel_viruet_01.jpg 479w, https:\/\/stage.fincasolmark.com\/wp-content\/uploads\/2020\/02\/finca_solmark_entrevista_isabel_viruet_01-400x284.jpg 480w\" sizes=\"(max-width:479px) 479px, 100vw\" \/><span class=\"et_overlay\" data-icon=\"\" data-icon-tablet=\"\" data-icon-phone=\"\"><\/span><\/a><\/div><\/div><div class=\"et_pb_gallery_item et_pb_grid_item et_pb_gallery_item_0_2\"><div class=\"et_pb_gallery_image landscape\" data-per_page=\"9\"><a href=\"https:\/\/stage.fincasolmark.com\/wp-content\/uploads\/2020\/02\/finca_solmark_entrevista_isabel_viruet_02.jpg\" title=\"finca_solmark_entrevista_isabel_viruet_02\"><img loading=\"lazy\" decoding=\"async\" width=\"400\" height=\"284\" src=\"https:\/\/stage.fincasolmark.com\/wp-content\/uploads\/2020\/02\/finca_solmark_entrevista_isabel_viruet_02-400x284.jpg\" alt=\"Isabel Viruet\" class=\"wp-image-246301\" srcset=\"https:\/\/stage.fincasolmark.com\/wp-content\/uploads\/2020\/02\/finca_solmark_entrevista_isabel_viruet_02.jpg 479w, https:\/\/stage.fincasolmark.com\/wp-content\/uploads\/2020\/02\/finca_solmark_entrevista_isabel_viruet_02-400x284.jpg 480w\" sizes=\"(max-width:479px) 479px, 100vw\" \/><span class=\"et_overlay\" data-icon=\"\" data-icon-tablet=\"\" data-icon-phone=\"\"><\/span><\/a><\/div><\/div><div class=\"et_pb_gallery_item et_pb_grid_item et_pb_gallery_item_0_3\"><div class=\"et_pb_gallery_image landscape\" data-per_page=\"9\"><a href=\"https:\/\/stage.fincasolmark.com\/wp-content\/uploads\/2020\/02\/finca_solmark_entrevista_isabel_viruet_03.jpg\" title=\"finca_solmark_entrevista_isabel_viruet_03\"><img loading=\"lazy\" decoding=\"async\" width=\"400\" height=\"284\" src=\"https:\/\/stage.fincasolmark.com\/wp-content\/uploads\/2020\/02\/finca_solmark_entrevista_isabel_viruet_03-400x284.jpg\" alt=\"\" class=\"wp-image-246307\" srcset=\"https:\/\/stage.fincasolmark.com\/wp-content\/uploads\/2020\/02\/finca_solmark_entrevista_isabel_viruet_03.jpg 479w, https:\/\/stage.fincasolmark.com\/wp-content\/uploads\/2020\/02\/finca_solmark_entrevista_isabel_viruet_03-400x284.jpg 480w\" sizes=\"(max-width:479px) 479px, 100vw\" \/><span class=\"et_overlay\" data-icon=\"\" data-icon-tablet=\"\" data-icon-phone=\"\"><\/span><\/a><\/div><\/div><div class=\"et_pb_gallery_item et_pb_grid_item et_pb_gallery_item_0_4\"><div class=\"et_pb_gallery_image landscape\" data-per_page=\"9\"><a href=\"https:\/\/stage.fincasolmark.com\/wp-content\/uploads\/2020\/02\/finca_solmark_entrevista_isabel_viruet_04.jpg\" title=\"finca_solmark_entrevista_isabel_viruet_04\"><img loading=\"lazy\" decoding=\"async\" width=\"400\" height=\"284\" src=\"https:\/\/stage.fincasolmark.com\/wp-content\/uploads\/2020\/02\/finca_solmark_entrevista_isabel_viruet_04-400x284.jpg\" alt=\"\" class=\"wp-image-246310\" srcset=\"https:\/\/stage.fincasolmark.com\/wp-content\/uploads\/2020\/02\/finca_solmark_entrevista_isabel_viruet_04.jpg 479w, https:\/\/stage.fincasolmark.com\/wp-content\/uploads\/2020\/02\/finca_solmark_entrevista_isabel_viruet_04-400x284.jpg 480w\" sizes=\"(max-width:479px) 479px, 100vw\" \/><span class=\"et_overlay\" data-icon=\"\" data-icon-tablet=\"\" data-icon-phone=\"\"><\/span><\/a><\/div><\/div><div class=\"et_pb_gallery_item et_pb_grid_item et_pb_gallery_item_0_5\"><div class=\"et_pb_gallery_image landscape\" data-per_page=\"9\"><a href=\"https:\/\/stage.fincasolmark.com\/wp-content\/uploads\/2020\/02\/finca_solmark_entrevista_isabel_viruet_05.jpg\" title=\"finca_solmark_entrevista_isabel_viruet_05\"><img loading=\"lazy\" decoding=\"async\" width=\"400\" height=\"284\" src=\"https:\/\/stage.fincasolmark.com\/wp-content\/uploads\/2020\/02\/finca_solmark_entrevista_isabel_viruet_05-400x284.jpg\" alt=\"\" class=\"wp-image-246313\" srcset=\"https:\/\/stage.fincasolmark.com\/wp-content\/uploads\/2020\/02\/finca_solmark_entrevista_isabel_viruet_05.jpg 479w, https:\/\/stage.fincasolmark.com\/wp-content\/uploads\/2020\/02\/finca_solmark_entrevista_isabel_viruet_05-400x284.jpg 480w\" sizes=\"(max-width:479px) 479px, 100vw\" \/><span class=\"et_overlay\" data-icon=\"\" data-icon-tablet=\"\" data-icon-phone=\"\"><\/span><\/a><\/div><\/div><div class=\"et_pb_gallery_item et_pb_grid_item et_pb_gallery_item_0_6\"><div class=\"et_pb_gallery_image landscape\" data-per_page=\"9\"><a href=\"https:\/\/stage.fincasolmark.com\/wp-content\/uploads\/2020\/02\/finca_solmark_entrevista_isabel_viruet_06.jpg\" title=\"finca_solmark_entrevista_isabel_viruet_06\"><img loading=\"lazy\" decoding=\"async\" width=\"400\" height=\"284\" src=\"https:\/\/stage.fincasolmark.com\/wp-content\/uploads\/2020\/02\/finca_solmark_entrevista_isabel_viruet_06-400x284.jpg\" alt=\"\" class=\"wp-image-246316\" srcset=\"https:\/\/stage.fincasolmark.com\/wp-content\/uploads\/2020\/02\/finca_solmark_entrevista_isabel_viruet_06.jpg 479w, https:\/\/stage.fincasolmark.com\/wp-content\/uploads\/2020\/02\/finca_solmark_entrevista_isabel_viruet_06-400x284.jpg 480w\" sizes=\"(max-width:479px) 479px, 100vw\" \/><span class=\"et_overlay\" data-icon=\"\" data-icon-tablet=\"\" data-icon-phone=\"\"><\/span><\/a><\/div><\/div><div class=\"et_pb_gallery_item et_pb_grid_item et_pb_gallery_item_0_7\"><div class=\"et_pb_gallery_image landscape\" data-per_page=\"9\"><a href=\"https:\/\/stage.fincasolmark.com\/wp-content\/uploads\/2020\/02\/finca_solmark_entrevista_isabel_viruet_07.jpg\" title=\"finca_solmark_entrevista_isabel_viruet_07\"><img loading=\"lazy\" decoding=\"async\" width=\"400\" height=\"284\" src=\"https:\/\/stage.fincasolmark.com\/wp-content\/uploads\/2020\/02\/finca_solmark_entrevista_isabel_viruet_07-400x284.jpg\" alt=\"\" class=\"wp-image-246319\" srcset=\"https:\/\/stage.fincasolmark.com\/wp-content\/uploads\/2020\/02\/finca_solmark_entrevista_isabel_viruet_07.jpg 479w, https:\/\/stage.fincasolmark.com\/wp-content\/uploads\/2020\/02\/finca_solmark_entrevista_isabel_viruet_07-400x284.jpg 480w\" sizes=\"(max-width:479px) 479px, 100vw\" \/><span class=\"et_overlay\" data-icon=\"\" data-icon-tablet=\"\" data-icon-phone=\"\"><\/span><\/a><\/div><\/div><\/div><\/div><\/div><\/div><div class=\"et_pb_row_8 et_pb_row et_block_row\"><div class=\"et_pb_column_11 et_pb_column et_pb_column_1_2 et_block_column et_pb_css_mix_blend_mode_passthrough\"><div class=\"et_pb_image_3 et_pb_image et_pb_module et_block_module\"><span class=\"et_pb_image_wrap\"><img loading=\"lazy\" decoding=\"async\" src=\"https:\/\/stage.fincasolmark.com\/wp-content\/uploads\/2019\/10\/finca_solmark_i_jornada_puertas_abiertas_casita_rural.jpg\" width=\"800\" height=\"643\" srcset=\"https:\/\/stage.fincasolmark.com\/wp-content\/uploads\/2019\/10\/finca_solmark_i_jornada_puertas_abiertas_casita_rural.jpg 800w, https:\/\/stage.fincasolmark.com\/wp-content\/uploads\/2019\/10\/finca_solmark_i_jornada_puertas_abiertas_casita_rural-480x386.jpg 480w\" sizes=\"(min-width: 0px) and (max-width: 480px) 480px, (min-width: 481px) 800px, 100vw\" class=\"wp-image-242400\" \/><\/span><\/div><\/div><div class=\"et_pb_column_12 et_pb_column et_pb_column_1_2 et-last-child et_block_column et_pb_css_mix_blend_mode_passthrough\"><div class=\"et_pb_text_17 et_pb_text et_pb_bg_layout_light et_pb_module et_block_module\"><div class=\"et_pb_text_inner\"><p><strong>SOBRE FINCA SOLMARK<\/strong><\/p>\n<p><strong><em>Finca Solmark<\/em><\/strong><em><span>\u00a0<\/span>es un<strong><span>\u00a0<\/span>EcoTurismo Rural<\/strong> de origen hispano-sueco que se dedica a la fabricaci\u00f3n, comercializaci\u00f3n y exportaci\u00f3n\u00a0de aceite de oliva, aguacate y otros productos ecol\u00f3gicos a Europa.\u00a0Dispone de un alojamiento rural con encanto y de varios proyectos de concienciaci\u00f3n, divulgaci\u00f3n y educaci\u00f3n medioambiental.<\/em><\/p>\n<p>&nbsp;<\/p>\n<p><strong>Web:<\/strong><span>\u00a0<\/span><a href=\"https:\/\/stage.fincasolmark.com\/\">https:\/\/stage.fincasolmark.com\/<\/a><\/p>\n<p><strong>E-mail:<\/strong><span>\u00a0<\/span><a href=\"mailto:hi@fincasolmark.com\">hi@fincasolmark.com<\/a><\/p>\n<\/div><\/div><\/div><\/div><\/div>\n","protected":false},"excerpt":{"rendered":"<p>M\u00e1laga ha sido siempre conocida como tierra de agricultores, pescadores y artistas. Una regi\u00f3n humilde en la que el talento ha florecido con el trabajo de manos callosas y regado con gotas de sudor y constancia. Muchos de los grandes nombres que ha dado al mundo la regi\u00f3n malacitana, como Antonio Banderas, Marisol, Antonio Molina o Chiquito de la Calzada, provienen de familias modestas, de las que tomaron el ejemplo del ineluctable car\u00e1cter andaluz para luchar y salir adelante. <\/p>\n","protected":false},"author":1,"featured_media":246293,"comment_status":"closed","ping_status":"closed","sticky":false,"template":"","format":"standard","meta":{"footnotes":""},"categories":[120,1],"tags":[],"class_list":["post-246289","post","type-post","status-publish","format-standard","has-post-thumbnail","hentry","category-entrevistas","category-sin-categorizar"],"_links":{"self":[{"href":"https:\/\/stage.fincasolmark.com\/es\/wp-json\/wp\/v2\/posts\/246289","targetHints":{"allow":["GET"]}}],"collection":[{"href":"https:\/\/stage.fincasolmark.com\/es\/wp-json\/wp\/v2\/posts"}],"about":[{"href":"https:\/\/stage.fincasolmark.com\/es\/wp-json\/wp\/v2\/types\/post"}],"author":[{"embeddable":true,"href":"https:\/\/stage.fincasolmark.com\/es\/wp-json\/wp\/v2\/users\/1"}],"replies":[{"embeddable":true,"href":"https:\/\/stage.fincasolmark.com\/es\/wp-json\/wp\/v2\/comments?post=246289"}],"version-history":[{"count":2,"href":"https:\/\/stage.fincasolmark.com\/es\/wp-json\/wp\/v2\/posts\/246289\/revisions"}],"predecessor-version":[{"id":380633,"href":"https:\/\/stage.fincasolmark.com\/es\/wp-json\/wp\/v2\/posts\/246289\/revisions\/380633"}],"wp:featuredmedia":[{"embeddable":true,"href":"https:\/\/stage.fincasolmark.com\/es\/wp-json\/wp\/v2\/media\/246293"}],"wp:attachment":[{"href":"https:\/\/stage.fincasolmark.com\/es\/wp-json\/wp\/v2\/media?parent=246289"}],"wp:term":[{"taxonomy":"category","embeddable":true,"href":"https:\/\/stage.fincasolmark.com\/es\/wp-json\/wp\/v2\/categories?post=246289"},{"taxonomy":"post_tag","embeddable":true,"href":"https:\/\/stage.fincasolmark.com\/es\/wp-json\/wp\/v2\/tags?post=246289"}],"curies":[{"name":"wp","href":"https:\/\/api.w.org\/{rel}","templated":true}]}}