{"id":246906,"date":"2020-03-10T21:59:19","date_gmt":"2020-03-10T21:59:19","guid":{"rendered":"https:\/\/stage.fincasolmark.com\/?p=246906"},"modified":"2026-08-13T13:31:34","modified_gmt":"2026-08-13T11:31:34","slug":"finca-solmark-entrevista-a-juan-pedro-bandera","status":"publish","type":"post","link":"https:\/\/stage.fincasolmark.com\/es\/finca-solmark-entrevista-a-juan-pedro-bandera\/","title":{"rendered":"Finca Solmark entrevista a Juan Pedro Bandera"},"content":{"rendered":"\n<div class=\"et_pb_section_0 et_pb_section et_section_regular et_block_section\"><\/div><div class=\"et_pb_section_1 et_pb_section et_section_regular et_block_section\"><div class=\"et_pb_row_0 et_pb_row et_block_row\"><div class=\"et_pb_column_0 et_pb_column et_pb_column_1_3 et_block_column et_pb_css_mix_blend_mode_passthrough\"><div class=\"et_pb_text_0 et_pb_text et_pb_bg_layout_light et_pb_module et_block_module\"><div class=\"et_pb_text_inner\"><p>11<\/p>\n<\/div><\/div><div class=\"et_pb_divider_0 et_pb_divider et_pb_space et_pb_divider_position_top et_pb_module\"><div class=\"et_pb_divider_internal\"><\/div><\/div><div class=\"et_pb_text_1 et_pb_text et_pb_bg_layout_light et_pb_module et_block_module\"><div class=\"et_pb_text_inner\"><p>Marzo, 2020<\/p>\n<\/div><\/div><\/div><div class=\"et_pb_column_1 et_pb_column et_pb_column_2_3 et-last-child et_block_column et_pb_css_mix_blend_mode_passthrough\"><div class=\"et_pb_text_2 et_pb_text et_pb_bg_layout_light et_pb_module et_block_module\"><div class=\"et_pb_text_inner\"><h1><strong>Finca Solmark entrevista a <\/strong><\/h1>\n<h1><strong>Juan Pedro Bandera<\/strong><\/h1>\n<\/div><\/div><div class=\"et_pb_divider_1 et_pb_divider et_pb_space et_pb_divider_position_top et_pb_module\"><div class=\"et_pb_divider_internal\"><\/div><\/div><\/div><\/div><div class=\"et_pb_row_1 et_pb_row et_block_row\"><div class=\"et_pb_column_2 et_pb_column et_pb_column_4_4 et-last-child et_block_column et_pb_css_mix_blend_mode_passthrough\"><div class=\"et_pb_text_3 et_pb_text et_pb_bg_layout_light et_pb_module et_block_module\"><div class=\"et_pb_text_inner\"><p>Naci\u00f3 en la ciudad de <strong>M\u00e1laga<\/strong>, elegida recientemente la <strong>Capital Europea del Turismo Inteligente<\/strong>, y creci\u00f3 all\u00ed, mientras los fines de semana y festivos los pasaba en <strong>Carratraca<\/strong> y <strong>Canija<\/strong> (bajando por el Arroyo de las Ca\u00f1as, a la altura de la Venta San Antonio, que tambi\u00e9n fue patio de juegos de su infancia). En Canija, gestiona con su hermano y su padre sus tierras, en las que se cultivan <strong>aguacates, olivos, y lim\u00f3n ecol\u00f3gico<\/strong>. Estudi\u00f3 Telecomunicaciones en la UMA, acabando la carrera en 2003. Despu\u00e9s, continu\u00f3 en la Universidad, en el Departamento de Tecnolog\u00eda Electr\u00f3nica, donde present\u00f3 su Tesis sobre <strong>rob\u00f3tica social<\/strong> en 2010, y donde contin\u00faa trabajando desde 2017 como Profesor Titular de Universidad. Ha realizado estancias de investigaci\u00f3n en Singapur, Alemania, Inglaterra, Portugal y C\u00e1ceres, y participado en proyectos de Cooperaci\u00f3n Internacional. Actualmente trabaja y dirige proyectos de investigaci\u00f3n relacionados con los entornos inteligentes y la rob\u00f3tica social de asistencia. De hecho, precisamente en estos d\u00edas est\u00e1 desplegando un <strong>\u201crobot social\u201d<\/strong> en la residencia Vitalia Teatinos de M\u00e1laga, para ayudar en los quehaceres diarios de los trabajadores y actuar tambi\u00e9n como facilitador social para las personas mayores que est\u00e1n all\u00ed. Casado y con dos hijos, le encanta viajar, leer, jugar a rol, pintar miniaturas, jugar alguna partida de videojuegos de vez en cuando y, sobre todo, tocar la bater\u00eda. Comparte un grupo de m\u00fasica con su mujer y unos buenos amigos, con el que ya est\u00e1 saliendo a dar conciertos. Hoy entrevistamos a <strong>Juan Pedro Bandera<\/strong>.<\/p>\n<\/div><\/div><\/div><\/div><div class=\"et_pb_row_2 et_pb_row et_block_row\"><div class=\"et_pb_column_3 et_pb_column et_pb_column_1_2 et_block_column et_pb_css_mix_blend_mode_passthrough\"><div class=\"et_pb_image_0 et_pb_image et_pb_module et_block_module\"><span class=\"et_pb_image_wrap\"><img loading=\"lazy\" decoding=\"async\" src=\"https:\/\/stage.fincasolmark.com\/wp-content\/uploads\/2020\/03\/finca_solmark_entrevista_juan_pedro_bandera_01.jpg\" width=\"412\" height=\"638\" srcset=\"https:\/\/stage.fincasolmark.com\/wp-content\/uploads\/2020\/03\/finca_solmark_entrevista_juan_pedro_bandera_01.jpg 412w, https:\/\/stage.fincasolmark.com\/wp-content\/uploads\/2020\/03\/finca_solmark_entrevista_juan_pedro_bandera_01-194x300.jpg 194w\" sizes=\"(max-width: 412px) 100vw, 412px\" class=\"wp-image-246915\" \/><\/span><\/div><\/div><div class=\"et_pb_column_4 et_pb_column et_pb_column_1_2 et-last-child et_block_column et_pb_css_mix_blend_mode_passthrough\"><div class=\"et_pb_text_4 et_pb_text et_pb_bg_layout_light et_pb_module et_block_module\"><div class=\"et_pb_text_inner\"><p><strong>Eres profesor de Telecomunicaciones en la Universidad de M\u00e1laga. \u00bfD\u00f3nde surgi\u00f3 tu inter\u00e9s por esta profesi\u00f3n?<\/strong><\/p>\n<p>Desde joven, ya me gustaban los ordenadores y tambi\u00e9n me encantaba ver c\u00f3mo funcionaban los circuitos electr\u00f3nicos que montaba mi hermano, que estaba estudiando Teleco. Cuando me lleg\u00f3 el momento de escoger la carrera a estudiar, decid\u00ed seguir sus pasos.<\/p>\n<p>Lo del inter\u00e9s por la <strong>docencia<\/strong> vino despu\u00e9s. Me qued\u00e9 en la Universidad con una beca de investigaci\u00f3n del Ministerio, haciendo la Tesis sobre robots sociales. En el tercer a\u00f1o de beca pude empezar a dar clases y no perd\u00ed la oportunidad. Creo que intu\u00eda que me iba a gustar, aunque nunca lo hab\u00eda pensado muy en serio. La verdad es que s\u00ed que me gust\u00f3\u2026\u00a1 y mucho! A partir de ah\u00ed, tuve claro hacia d\u00f3nde quer\u00eda enfocar mi vida laboral: <strong>investigar y dar clases en la Universidad.<\/strong><\/p>\n<\/div><\/div><\/div><\/div><div class=\"et_pb_row_3 et_pb_row et_block_row\"><div class=\"et_pb_column_5 et_pb_column et_pb_column_4_4 et-last-child et_block_column et_pb_css_mix_blend_mode_passthrough\"><div class=\"et_pb_text_5 et_pb_text et_pb_bg_layout_light et_pb_module et_block_module\"><div class=\"et_pb_text_inner\"><p><strong>\u00bfQu\u00e9 actitudes y conocimientos crees que son necesarios para ser buen profesor?<\/strong><\/p>\n<p>Pues el caso es que hay muchos ingredientes que se deben tener en cuenta: vocaci\u00f3n, inter\u00e9s por la materia, nivel de conocimientos, esfuerzo, coherencia, responsabilidad, empat\u00eda, oratoria,... pero a la hora de combinarlos,\u2026\u00a1no hay una receta \u00fanica!. Puedes mezclar todo eso de muy diversas maneras para obtener un buen profesor. Eso s\u00ed, probablemente necesites una buena raci\u00f3n de cada cosa para tener a un docente que realmente destaque e impacte.<\/p>\n<p>Al final, lo que define a un buen profesor es su efecto sobre cada alumno. Si aprendiste en una asignatura, te lo pasaste razonablemente bien, te sirvi\u00f3 de inspiraci\u00f3n, y ten\u00edas las herramientas y las ganas para seguir aprendiendo cosas de ese tema, entonces es que tuviste un buen profesor. El objetivo del docente es ser un buen profesor para el mayor n\u00famero posible de sus alumnos.<\/p>\n<\/div><\/div><div class=\"et_pb_text_6 et_pb_text et_pb_bg_layout_light et_pb_module et_block_module\"><div class=\"et_pb_text_inner\"><p><strong>El mundo de las Telecomunicaciones ha cambiado y evolucionado mucho en estos \u00faltimos a\u00f1os. \u00bfPuedes resumirnos brevemente 2 o 3 tendencias de hacia d\u00f3nde van los tiros en este sector?<\/strong><\/p>\n<p>Bueno, puedo darte una idea de esas tendencias en los temas que controlo m\u00e1s: <strong>entornos inteligentes y rob\u00f3tica de \u00faltima generaci\u00f3n.<\/strong><\/p>\n<p>En <strong>entornos inteligentes<\/strong> vamos hacia un mundo poblado de sensores, sistemas de captaci\u00f3n de informaci\u00f3n, procesadores empotrados integrados en cualquier objeto, y, en definitiva, automatismos cada vez m\u00e1s complejos. Ciudades capaces no ya de detectar, sino de predecir atascos, y redirigir el tr\u00e1fico antes de que ocurran. Edificios que avisan si hay un grifo goteando. Aulas que regulan la luz de forma autom\u00e1tica seg\u00fan el tipo de clase, la cantidad de alumnos, y d\u00f3nde est\u00e1n sentados. Ordenadores que detectan cu\u00e1ndo te has levantado y bloquean autom\u00e1ticamente la pantalla. Sistemas de riego que adaptan la cantidad diaria de agua en diferentes sectores de la finca seg\u00fan est\u00e9n el suelo, la planta y el tiempo,\u2026.\u00a1te podr\u00eda dar tantos ejemplos!.<\/p>\n<p>Por supuesto, tambi\u00e9n hay quien quiere usar esta informaci\u00f3n para ver en qu\u00e9 anuncio se para la gente, d\u00f3nde sueles ir ciertas horas, ciertos d\u00edas, qu\u00e9 rutinas diarias tienen los habitantes de una comunidad de vecinos, y cosas as\u00ed. Y querr\u00e1n vender esos datos. Por desgracia, hoy d\u00eda hay demasiado inter\u00e9s en nuestros datos personales. Ser\u00e1 necesario tomarse muy en serio conceptos como la privacidad, la seguridad, la responsabilidad y la \u00e9tica para que todos estos sensores que aparecen en todas partes se usen de forma adecuada.<\/p>\n<p>En cuanto a la <strong>rob\u00f3tica<\/strong>, est\u00e1 dando el salto a nuestros hogares. Los robots ya no son cosa de ciencia ficci\u00f3n, y tampoco algo que s\u00f3lo vas a encontrar en una f\u00e1brica, detr\u00e1s de un cartel que pone 'no pasar'. Ahora, en la industria tenemos co-bots, robots que cooperan mano a mano con personas, aprendiendo a ayudarlos de la mejor forma posible. Tambi\u00e9n tenemos robots en las carreteras: coches auton\u00f3mos que nos pueden llevar y traer sin que tengamos que preocuparnos de nada. Y se empiezan a ver robots en las casas, en los bares, en los aeropuertos,... Y no s\u00f3lo limpiando, sino hablando con la gente.<\/p>\n<p>La rob\u00f3tica social va a permitir a los robots trabajar en entornos cotidianos, con gente que puede darles \u00f3rdenes y preguntarles cosas simplemente habl\u00e1ndoles o haci\u00e9ndoles gestos. Estos robots tienen un potencial enorme, que empieza por fin a cristalizar. Pero de nuevo, se hace fundamental pensar bien c\u00f3mo se van a usar estas <strong>herramientas tecnol\u00f3gicas<\/strong>. Por ejemplo, uno puede dise\u00f1ar un robot social de asistencia para que reemplace al acompa\u00f1ante de una persona mayor. O puede dise\u00f1arlo para que ayude a ese acompa\u00f1ante en su quehacer. En el primer caso estamos reemplazando una relaci\u00f3n entre personas, con una relaci\u00f3n entre la persona y una m\u00e1quina. En el segundo caso, estamos ayudando a que las personas tengan m\u00e1s tiempo para estar unos con otros. Desde un punto de vista \u00e9tico, psicol\u00f3gico y social, en el primer caso estamos metiendo la pata hasta el fondo. En el segundo caso, estamos ayudando.<\/p>\n<\/div><\/div><\/div><\/div><div class=\"et_pb_row_4 et_pb_row et_block_row\"><div class=\"et_pb_column_6 et_pb_column et_pb_column_1_2 et_block_column et_pb_css_mix_blend_mode_passthrough\"><div class=\"et_pb_image_1 et_pb_image et_pb_module et_block_module\"><span class=\"et_pb_image_wrap\"><img loading=\"lazy\" decoding=\"async\" src=\"https:\/\/stage.fincasolmark.com\/wp-content\/uploads\/2020\/03\/finca_solmark_entrevista_juan_pedro_bandera_07-1.jpg\" width=\"412\" height=\"593\" srcset=\"https:\/\/stage.fincasolmark.com\/wp-content\/uploads\/2020\/03\/finca_solmark_entrevista_juan_pedro_bandera_07-1.jpg 412w, https:\/\/stage.fincasolmark.com\/wp-content\/uploads\/2020\/03\/finca_solmark_entrevista_juan_pedro_bandera_07-1-208x300.jpg 208w\" sizes=\"(max-width: 412px) 100vw, 412px\" class=\"wp-image-246957\" \/><\/span><\/div><\/div><div class=\"et_pb_column_7 et_pb_column et_pb_column_1_2 et-last-child et_block_column et_pb_css_mix_blend_mode_passthrough\"><div class=\"et_pb_image_2 et_pb_image et_pb_module et_block_module\"><span class=\"et_pb_image_wrap\"><img loading=\"lazy\" decoding=\"async\" src=\"https:\/\/stage.fincasolmark.com\/wp-content\/uploads\/2020\/03\/finca_solmark_entrevista_juan_pedro_bandera_08.jpg\" width=\"412\" height=\"593\" srcset=\"https:\/\/stage.fincasolmark.com\/wp-content\/uploads\/2020\/03\/finca_solmark_entrevista_juan_pedro_bandera_08.jpg 412w, https:\/\/stage.fincasolmark.com\/wp-content\/uploads\/2020\/03\/finca_solmark_entrevista_juan_pedro_bandera_08-208x300.jpg 208w\" sizes=\"(max-width: 412px) 100vw, 412px\" class=\"wp-image-246927\" \/><\/span><\/div><\/div><\/div><div class=\"et_pb_row_5 et_pb_row et_block_row\"><div class=\"et_pb_column_8 et_pb_column et_pb_column_4_4 et-last-child et_block_column et_pb_css_mix_blend_mode_passthrough\"><div class=\"et_pb_text_7 et_pb_text et_pb_bg_layout_light et_pb_module et_block_module\"><div class=\"et_pb_text_inner\"><p><strong>\u00bfCrees que Carratraca tiene unas buenas infraestructuras de Telecomunicaciones? <\/strong><\/p>\n<p>Creo que tiene suficiente para poder trabajar desde all\u00ed, y para montar iniciativas relacionadas con las Telecomunicaciones y el Internet de las Cosas (IoT) en el pueblo y su entorno. Realmente hoy d\u00eda, si tienes cobertura 4G se puede decir que tienes lo que necesitas.<\/p>\n<\/div><\/div><div class=\"et_pb_text_8 et_pb_text et_pb_bg_layout_light et_pb_module et_block_module\"><div class=\"et_pb_text_inner\"><p><strong>\u00bfAlguna sugerencia, idea o iniciativa para mejorarlas?<\/strong><\/p>\n<p>Estar\u00eda bien que hubiese m\u00e1s opciones de operadoras de telefon\u00eda. Aparte de eso, creo que Carratraca podr\u00eda ser una opci\u00f3n muy buena para montar una red IoT que permita medir, en el pueblo y su entorno, condiciones ambientales, variables atmosf\u00e9ricas, consumo energ\u00e9tico y de agua, o nivel de ruido. Luego, toda esa informaci\u00f3n se puede procesar con sistemas de Inteligencia Artificial para aumentar la eficiencia energ\u00e9tica, detectar y predecir aver\u00edas, o realizar sugerencias de uso sostenible de luz y agua. Ahora mismo se hacen estas cosas a nivel de edificio, y creo que ser\u00eda factible, bonito y muy \u00fatil montar una red de este tipo a nivel municipal. Me har\u00eda mucha ilusi\u00f3n que Carratraca se situase a la vanguardia del despliegue de redes IoT rurales.<\/p>\n<\/div><\/div><div class=\"et_pb_text_9 et_pb_text et_pb_bg_layout_light et_pb_module et_block_module\"><div class=\"et_pb_text_inner\"><p><strong>Hoy se habla de IA, 5G, IoT, Blockchain, Big Data, Deep Learning... \u00bfQu\u00e9 consejo dar\u00edas a las personas del mundo rural para aprender las nuevas tendencias y adoptarlas poco a poco para no quedarse atr\u00e1s?<\/strong><\/p>\n<p>Lo principal creo que es sacudirse, de una vez por todas, los complejos que nos han repetido durante d\u00e9cadas muchos pol\u00edticos, empresarios sanguijuelas de la costa del golf, y muchos que iban de modernos. \u00a1Cambiar el chip! Y, sobre todo, tener claro que vivir del campo es una opci\u00f3n tan v\u00e1lida y profesional como cualquier otra.<\/p>\n<p>Aclarado eso, hay que ponerse al d\u00eda. Las t\u00e9cnicas tradicionales pueden valer en ocasiones. Pero, en otras, es necesario actualizarse, reciclarse, formarse, aprender cosas nuevas. Como en cualquier otro trabajo. La adopci\u00f3n de nuevas tecnolog\u00edas debe verse como algo natural para tener una finca, o un negocio rural, competitivo y rentable. Y para eso, las personas del mundo rural s\u00f3lo necesitan lo que cualquier otra persona hoy d\u00eda: formaci\u00f3n, educaci\u00f3n. S\u00f3lo as\u00ed se adquiere la capacidad para valorar y utilizar todas estas nuevas herramientas.<\/p>\n<\/div><\/div><div class=\"et_pb_text_10 et_pb_text et_pb_bg_layout_light et_pb_module et_block_module\"><div class=\"et_pb_text_inner\"><p><strong>En los medios leemos \u00faltimamente mucho sobre \"el impacto ambiental de las telecomunicaciones\". \u00bfNos puedes ampliar este concepto y por qu\u00e9 es importante?<\/strong><\/p>\n<p>\u00a1Es importante para nuestra salud! Vivimos inmersos en ondas de radio, de telefon\u00eda, WiFi, Bluetooth... todo eso est\u00e1 ah\u00ed. Que no cunda el p\u00e1nico: no tiene por qu\u00e9 ser malo. Pero si que hay que analizar bien si tiene alg\u00fan efecto sobre nosotros, o sobre nuestro entorno.<\/p>\n<p>El problema que veo es que hay tantos intereses econ\u00f3micos de por medio, y muchas veces, tan poca \u00e9tica, que no vamos a tener datos fiables sobre ese posible impacto. No antes de que se haya producido, al menos. Me resultaba sorprendente, hace unos meses, leer en el mismo diario una noticia indicando que un comit\u00e9 de expertos aconsejaba esperar antes de implantar el 5G... y al lado otra noticia dando una lista de ciudades donde iban a empezar a montar redes 5G. \u00a1Eso no es coherente!<\/p>\n<p>Lo \u00fanico que nos queda es mantener una sana desconfianza acerca de esos informes tan positivos, hechos muchas veces por las mismas empresas que pretenden vender esa tecnolog\u00eda. Y a partir de ah\u00ed, no dramatizar, y simplemente plantearse qu\u00e9 necesito realmente, para usar la tecnolog\u00eda como lo que es: una herramienta. Si hace falta, la usas. Si no hace falta, no te la compras. Al igual que debemos ser responsables con el agua que usamos, tambi\u00e9n debemos ser responsables con las Telecomunicaciones que usamos.<\/p>\n<\/div><\/div><div class=\"et_pb_text_11 et_pb_text et_pb_bg_layout_light et_pb_module et_block_module\"><div class=\"et_pb_text_inner\"><p><strong>\u00bfHay alg\u00fan proyecto del \u00e1mbito de las telecomunicaciones en M\u00e1laga que crees necesario impulsar?<\/strong><\/p>\n<p>Cualquiera que se centre en crear algo \u00fatil, sostenible y respetuoso con las personas que lo est\u00e1n usando. Me fastidian las necesidades creadas, el dise\u00f1o de tecnolog\u00edas adictivas, y el uso de las personas como productos.<\/p>\n<\/div><\/div><div class=\"et_pb_text_12 et_pb_text et_pb_bg_layout_light et_pb_module et_block_module\"><div class=\"et_pb_text_inner\"><p><strong>Nos hemos enterado de que una de tus aficiones es el Heavy Metal. \u00bfNos puedes contar un poco m\u00e1s sobe este hobby? \u00bfDe d\u00f3nde te viene y qu\u00e9 grupos sigues?<\/strong><\/p>\n<p>Empez\u00f3 con el rock and roll y el rockabilly que escuchaban mi hermano y mi primo Pedro (el arque\u00f3logo al que le hab\u00e9is entrevistado tambi\u00e9n). Pero en la adolescencia, me fui yendo cada vez m\u00e1s al heavy metal y al rock duro. AC\/DC, Iron Maiden, Metallica y Guns'n'Roses, en bucle. Luego la carrera fue una especie de par\u00f3n hasta que, ya \u201ccurrando\u201d en mi Tesis, empec\u00e9 a ir a conciertos. A conocer nuevos grupos. \u201cLa Caravana del Metal\u201d, como nos llam\u00e1bamos los amigos que ya est\u00e1bamos por aquella \u00e9poca a la caza de festivales y conciertos, no paraba. Y en cada concierto, me quedaba embobado mirando la bater\u00eda.<\/p>\n<p>As\u00ed que me acab\u00e9 pillando una bater\u00eda de segunda mano, y montando un grupo con unos amigos. De eso ya hace quince a\u00f1os. Y, desde entonces, no he dejado de tocar. A base de darle a las baquetas, y sorteando un par de tendinitis en las mu\u00f1ecas, acab\u00e9 dando conciertos en M\u00e1laga y alrededores, incluyendo Carratraca, donde tuve la suerte de poder tocar en <strong>La Bocacha<\/strong>, y tambi\u00e9n, en una noche m\u00e1gica para m\u00ed, en el bar de la Plaza de Toros, junto a otros dos grupos con sangre carratraque\u00f1a en sus filas.\u00a0\u00a0\u00a0<\/p>\n<p>Ahora disfruto tocando en un grupo (siempre rock, como dec\u00eda Bar\u00f3n Rojo) con el que empezamos a salir de nuevo del local, a dar conciertos. Espero tener la oportunidad de poder tocar por aqu\u00ed cerca otra vez.<\/p>\n<\/div><\/div><div class=\"et_pb_image_3 et_pb_image et_pb_module et_block_module\"><span class=\"et_pb_image_wrap\"><img loading=\"lazy\" decoding=\"async\" src=\"https:\/\/stage.fincasolmark.com\/wp-content\/uploads\/2020\/03\/finca_solmark_entrevista_juan_pedro_bandera_02.jpg\" width=\"900\" height=\"600\" srcset=\"https:\/\/stage.fincasolmark.com\/wp-content\/uploads\/2020\/03\/finca_solmark_entrevista_juan_pedro_bandera_02.jpg 900w, https:\/\/stage.fincasolmark.com\/wp-content\/uploads\/2020\/03\/finca_solmark_entrevista_juan_pedro_bandera_02-480x320.jpg 480w\" sizes=\"(min-width: 0px) and (max-width: 480px) 480px, (min-width: 481px) 900px, 100vw\" class=\"wp-image-246918\" \/><\/span><\/div><div class=\"et_pb_text_13 et_pb_text et_pb_bg_layout_light et_pb_module et_block_module\"><div class=\"et_pb_text_inner\"><p><b><span>\u00bfAlg\u00fan comentario que a\u00f1adir?<\/span><\/b><\/p>\n<p>Pocas veces me siento tan bien, tan en mi sitio, como cuando voy llevando una carga de aceitunas en el todoterreno por el carril, despu\u00e9s de todo el d\u00eda verdeando. Y aunque me flipa viajar, y he tenido el privilegio y el placer de ver los cerezos en flor en Jap\u00f3n, cada invierno, cuando subo a hacer le\u00f1a, o a curar del repilo, o a coger aguacates, y veo los almendros, pienso lo mismo: \u00a1como la flor de estos almendros, ninguna!.<\/p>\n<\/div><\/div><\/div><\/div><\/div><div class=\"et_pb_section_2 et_pb_section et_section_regular et_block_section\"><div class=\"et_pb_row_6 et_pb_row et_pb_gutters1 et_block_row\"><div class=\"et_pb_column_9 et_pb_column et_pb_column_4_4 et-last-child et_block_column et_pb_css_mix_blend_mode_passthrough\"><div class=\"et_pb_gallery_0 et_pb_gallery et_pb_bg_layout_light et_pb_gallery_grid et_pb_module\" data-auto-rotate=\"off\" data-auto-rotate-speed=\"\"><div class=\"et_pb_gallery_items et_post_gallery clearfix et_grid_module\" data-per_page=\"30\"><div class=\"et_pb_gallery_item et_pb_grid_item et_pb_gallery_item_0_0\"><div class=\"et_pb_gallery_image landscape\" data-per_page=\"30\"><a href=\"https:\/\/stage.fincasolmark.com\/wp-content\/uploads\/2020\/03\/finca_solmark_entrevista_juan_pedro_bandera_cab.jpg\" title=\"finca_solmark_entrevista_juan_pedro_bandera_cab\"><img loading=\"lazy\" decoding=\"async\" width=\"400\" height=\"284\" src=\"https:\/\/stage.fincasolmark.com\/wp-content\/uploads\/2020\/03\/finca_solmark_entrevista_juan_pedro_bandera_cab-400x284.jpg\" alt=\"Entrevista a Juan Pedro Bandera - Finca Solmark\" class=\"wp-image-246912\" srcset=\"https:\/\/stage.fincasolmark.com\/wp-content\/uploads\/2020\/03\/finca_solmark_entrevista_juan_pedro_bandera_cab.jpg 479w, https:\/\/stage.fincasolmark.com\/wp-content\/uploads\/2020\/03\/finca_solmark_entrevista_juan_pedro_bandera_cab-400x284.jpg 480w\" sizes=\"(max-width:479px) 479px, 100vw\" \/><span class=\"et_overlay\" data-icon=\"\" data-icon-tablet=\"\" data-icon-phone=\"\"><\/span><\/a><\/div><\/div><div class=\"et_pb_gallery_item et_pb_grid_item et_pb_gallery_item_0_1\"><div class=\"et_pb_gallery_image landscape\" data-per_page=\"30\"><a href=\"https:\/\/stage.fincasolmark.com\/wp-content\/uploads\/2020\/03\/finca_solmark_entrevista_juan_pedro_bandera_01.jpg\" title=\"finca_solmark_entrevista_juan_pedro_bandera_01\"><img loading=\"lazy\" decoding=\"async\" width=\"400\" height=\"284\" src=\"https:\/\/stage.fincasolmark.com\/wp-content\/uploads\/2020\/03\/finca_solmark_entrevista_juan_pedro_bandera_01-400x284.jpg\" alt=\"\" class=\"wp-image-246915\" srcset=\"https:\/\/stage.fincasolmark.com\/wp-content\/uploads\/2020\/03\/finca_solmark_entrevista_juan_pedro_bandera_01.jpg 479w, https:\/\/stage.fincasolmark.com\/wp-content\/uploads\/2020\/03\/finca_solmark_entrevista_juan_pedro_bandera_01-400x284.jpg 480w\" sizes=\"(max-width:479px) 479px, 100vw\" \/><span class=\"et_overlay\" data-icon=\"\" data-icon-tablet=\"\" data-icon-phone=\"\"><\/span><\/a><\/div><\/div><div class=\"et_pb_gallery_item et_pb_grid_item et_pb_gallery_item_0_2\"><div class=\"et_pb_gallery_image landscape\" data-per_page=\"30\"><a href=\"https:\/\/stage.fincasolmark.com\/wp-content\/uploads\/2020\/03\/finca_solmark_entrevista_juan_pedro_bandera_07-1.jpg\" title=\"finca_solmark_entrevista_juan_pedro_bandera_07\"><img loading=\"lazy\" decoding=\"async\" width=\"400\" height=\"284\" src=\"https:\/\/stage.fincasolmark.com\/wp-content\/uploads\/2020\/03\/finca_solmark_entrevista_juan_pedro_bandera_07-1-400x284.jpg\" alt=\"\" class=\"wp-image-246957\" srcset=\"https:\/\/stage.fincasolmark.com\/wp-content\/uploads\/2020\/03\/finca_solmark_entrevista_juan_pedro_bandera_07-1.jpg 479w, https:\/\/stage.fincasolmark.com\/wp-content\/uploads\/2020\/03\/finca_solmark_entrevista_juan_pedro_bandera_07-1-400x284.jpg 480w\" sizes=\"(max-width:479px) 479px, 100vw\" \/><span class=\"et_overlay\" data-icon=\"\" data-icon-tablet=\"\" data-icon-phone=\"\"><\/span><\/a><\/div><\/div><div class=\"et_pb_gallery_item et_pb_grid_item et_pb_gallery_item_0_3\"><div class=\"et_pb_gallery_image landscape\" data-per_page=\"30\"><a href=\"https:\/\/stage.fincasolmark.com\/wp-content\/uploads\/2020\/03\/finca_solmark_entrevista_juan_pedro_bandera_08.jpg\" title=\"finca_solmark_entrevista_juan_pedro_bandera_08\"><img loading=\"lazy\" decoding=\"async\" width=\"400\" height=\"284\" src=\"https:\/\/stage.fincasolmark.com\/wp-content\/uploads\/2020\/03\/finca_solmark_entrevista_juan_pedro_bandera_08-400x284.jpg\" alt=\"\" class=\"wp-image-246927\" srcset=\"https:\/\/stage.fincasolmark.com\/wp-content\/uploads\/2020\/03\/finca_solmark_entrevista_juan_pedro_bandera_08.jpg 479w, https:\/\/stage.fincasolmark.com\/wp-content\/uploads\/2020\/03\/finca_solmark_entrevista_juan_pedro_bandera_08-400x284.jpg 480w\" sizes=\"(max-width:479px) 479px, 100vw\" \/><span class=\"et_overlay\" data-icon=\"\" data-icon-tablet=\"\" data-icon-phone=\"\"><\/span><\/a><\/div><\/div><div class=\"et_pb_gallery_item et_pb_grid_item et_pb_gallery_item_0_4\"><div class=\"et_pb_gallery_image landscape\" data-per_page=\"30\"><a href=\"https:\/\/stage.fincasolmark.com\/wp-content\/uploads\/2020\/03\/finca_solmark_entrevista_juan_pedro_bandera_03.jpg\" title=\"finca_solmark_entrevista_juan_pedro_bandera_03\"><img loading=\"lazy\" decoding=\"async\" width=\"400\" height=\"284\" src=\"https:\/\/stage.fincasolmark.com\/wp-content\/uploads\/2020\/03\/finca_solmark_entrevista_juan_pedro_bandera_03-400x284.jpg\" alt=\"\" class=\"wp-image-246930\" srcset=\"https:\/\/stage.fincasolmark.com\/wp-content\/uploads\/2020\/03\/finca_solmark_entrevista_juan_pedro_bandera_03.jpg 479w, https:\/\/stage.fincasolmark.com\/wp-content\/uploads\/2020\/03\/finca_solmark_entrevista_juan_pedro_bandera_03-400x284.jpg 480w\" sizes=\"(max-width:479px) 479px, 100vw\" \/><span class=\"et_overlay\" data-icon=\"\" data-icon-tablet=\"\" data-icon-phone=\"\"><\/span><\/a><\/div><\/div><div class=\"et_pb_gallery_item et_pb_grid_item et_pb_gallery_item_0_5\"><div class=\"et_pb_gallery_image landscape\" data-per_page=\"30\"><a href=\"https:\/\/stage.fincasolmark.com\/wp-content\/uploads\/2020\/03\/finca_solmark_entrevista_juan_pedro_bandera_04.jpg\" title=\"finca_solmark_entrevista_juan_pedro_bandera_04\"><img loading=\"lazy\" decoding=\"async\" width=\"400\" height=\"284\" src=\"https:\/\/stage.fincasolmark.com\/wp-content\/uploads\/2020\/03\/finca_solmark_entrevista_juan_pedro_bandera_04-400x284.jpg\" alt=\"\" class=\"wp-image-246933\" srcset=\"https:\/\/stage.fincasolmark.com\/wp-content\/uploads\/2020\/03\/finca_solmark_entrevista_juan_pedro_bandera_04.jpg 479w, https:\/\/stage.fincasolmark.com\/wp-content\/uploads\/2020\/03\/finca_solmark_entrevista_juan_pedro_bandera_04-400x284.jpg 480w\" sizes=\"(max-width:479px) 479px, 100vw\" \/><span class=\"et_overlay\" data-icon=\"\" data-icon-tablet=\"\" data-icon-phone=\"\"><\/span><\/a><\/div><\/div><div class=\"et_pb_gallery_item et_pb_grid_item et_pb_gallery_item_0_6\"><div class=\"et_pb_gallery_image landscape\" data-per_page=\"30\"><a href=\"https:\/\/stage.fincasolmark.com\/wp-content\/uploads\/2020\/03\/finca_solmark_entrevista_juan_pedro_bandera_05.jpg\" title=\"finca_solmark_entrevista_juan_pedro_bandera_05\"><img loading=\"lazy\" decoding=\"async\" width=\"400\" height=\"284\" src=\"https:\/\/stage.fincasolmark.com\/wp-content\/uploads\/2020\/03\/finca_solmark_entrevista_juan_pedro_bandera_05-400x284.jpg\" alt=\"\" class=\"wp-image-246936\" srcset=\"https:\/\/stage.fincasolmark.com\/wp-content\/uploads\/2020\/03\/finca_solmark_entrevista_juan_pedro_bandera_05.jpg 479w, https:\/\/stage.fincasolmark.com\/wp-content\/uploads\/2020\/03\/finca_solmark_entrevista_juan_pedro_bandera_05-400x284.jpg 480w\" sizes=\"(max-width:479px) 479px, 100vw\" \/><span class=\"et_overlay\" data-icon=\"\" data-icon-tablet=\"\" data-icon-phone=\"\"><\/span><\/a><\/div><\/div><div class=\"et_pb_gallery_item et_pb_grid_item et_pb_gallery_item_0_7\"><div class=\"et_pb_gallery_image landscape\" data-per_page=\"30\"><a href=\"https:\/\/stage.fincasolmark.com\/wp-content\/uploads\/2020\/03\/finca_solmark_entrevista_juan_pedro_bandera_02.jpg\" title=\"finca_solmark_entrevista_juan_pedro_bandera_02\"><img loading=\"lazy\" decoding=\"async\" width=\"400\" height=\"284\" src=\"https:\/\/stage.fincasolmark.com\/wp-content\/uploads\/2020\/03\/finca_solmark_entrevista_juan_pedro_bandera_02-400x284.jpg\" alt=\"\" class=\"wp-image-246918\" srcset=\"https:\/\/stage.fincasolmark.com\/wp-content\/uploads\/2020\/03\/finca_solmark_entrevista_juan_pedro_bandera_02.jpg 479w, https:\/\/stage.fincasolmark.com\/wp-content\/uploads\/2020\/03\/finca_solmark_entrevista_juan_pedro_bandera_02-400x284.jpg 480w\" sizes=\"(max-width:479px) 479px, 100vw\" \/><span class=\"et_overlay\" data-icon=\"\" data-icon-tablet=\"\" data-icon-phone=\"\"><\/span><\/a><\/div><\/div><div class=\"et_pb_gallery_item et_pb_grid_item et_pb_gallery_item_0_8\"><div class=\"et_pb_gallery_image landscape\" data-per_page=\"30\"><a href=\"https:\/\/stage.fincasolmark.com\/wp-content\/uploads\/2020\/03\/finca_solmark_entrevista_juan_pedro_bandera_06.jpg\" title=\"finca_solmark_entrevista_juan_pedro_bandera_06\"><img loading=\"lazy\" decoding=\"async\" width=\"400\" height=\"284\" src=\"https:\/\/stage.fincasolmark.com\/wp-content\/uploads\/2020\/03\/finca_solmark_entrevista_juan_pedro_bandera_06-400x284.jpg\" alt=\"\" class=\"wp-image-246939\" srcset=\"https:\/\/stage.fincasolmark.com\/wp-content\/uploads\/2020\/03\/finca_solmark_entrevista_juan_pedro_bandera_06.jpg 479w, https:\/\/stage.fincasolmark.com\/wp-content\/uploads\/2020\/03\/finca_solmark_entrevista_juan_pedro_bandera_06-400x284.jpg 480w\" sizes=\"(max-width:479px) 479px, 100vw\" \/><span class=\"et_overlay\" data-icon=\"\" data-icon-tablet=\"\" data-icon-phone=\"\"><\/span><\/a><\/div><\/div><div class=\"et_pb_gallery_item et_pb_grid_item et_pb_gallery_item_0_9\"><div class=\"et_pb_gallery_image landscape\" data-per_page=\"30\"><a href=\"https:\/\/stage.fincasolmark.com\/wp-content\/uploads\/2020\/03\/finca_solmark_entrevista_juan_pedro_bandera_09.jpg\" title=\"finca_solmark_entrevista_juan_pedro_bandera_09\"><img loading=\"lazy\" decoding=\"async\" width=\"400\" height=\"284\" src=\"https:\/\/stage.fincasolmark.com\/wp-content\/uploads\/2020\/03\/finca_solmark_entrevista_juan_pedro_bandera_09-400x284.jpg\" alt=\"\" class=\"wp-image-246942\" srcset=\"https:\/\/stage.fincasolmark.com\/wp-content\/uploads\/2020\/03\/finca_solmark_entrevista_juan_pedro_bandera_09.jpg 479w, https:\/\/stage.fincasolmark.com\/wp-content\/uploads\/2020\/03\/finca_solmark_entrevista_juan_pedro_bandera_09-400x284.jpg 480w\" sizes=\"(max-width:479px) 479px, 100vw\" \/><span class=\"et_overlay\" data-icon=\"\" data-icon-tablet=\"\" data-icon-phone=\"\"><\/span><\/a><\/div><\/div><div class=\"et_pb_gallery_item et_pb_grid_item et_pb_gallery_item_0_10\"><div class=\"et_pb_gallery_image landscape\" data-per_page=\"30\"><a href=\"https:\/\/stage.fincasolmark.com\/wp-content\/uploads\/2020\/03\/finca_solmark_entrevista_juan_pedro_bandera_10.jpg\" title=\"finca_solmark_entrevista_juan_pedro_bandera_10\"><img loading=\"lazy\" decoding=\"async\" width=\"400\" height=\"284\" src=\"https:\/\/stage.fincasolmark.com\/wp-content\/uploads\/2020\/03\/finca_solmark_entrevista_juan_pedro_bandera_10-400x284.jpg\" alt=\"\" class=\"wp-image-246945\" srcset=\"https:\/\/stage.fincasolmark.com\/wp-content\/uploads\/2020\/03\/finca_solmark_entrevista_juan_pedro_bandera_10.jpg 479w, https:\/\/stage.fincasolmark.com\/wp-content\/uploads\/2020\/03\/finca_solmark_entrevista_juan_pedro_bandera_10-400x284.jpg 480w\" sizes=\"(max-width:479px) 479px, 100vw\" \/><span class=\"et_overlay\" data-icon=\"\" data-icon-tablet=\"\" data-icon-phone=\"\"><\/span><\/a><\/div><\/div><\/div><\/div><\/div><\/div><div class=\"et_pb_row_7 et_pb_row et_block_row\"><div class=\"et_pb_column_10 et_pb_column et_pb_column_1_2 et_block_column et_pb_css_mix_blend_mode_passthrough\"><div class=\"et_pb_image_4 et_pb_image et_pb_module et_block_module\"><span class=\"et_pb_image_wrap\"><img loading=\"lazy\" decoding=\"async\" src=\"https:\/\/stage.fincasolmark.com\/wp-content\/uploads\/2019\/10\/finca_solmark_i_jornada_puertas_abiertas_casita_rural.jpg\" width=\"800\" height=\"643\" srcset=\"https:\/\/stage.fincasolmark.com\/wp-content\/uploads\/2019\/10\/finca_solmark_i_jornada_puertas_abiertas_casita_rural.jpg 800w, https:\/\/stage.fincasolmark.com\/wp-content\/uploads\/2019\/10\/finca_solmark_i_jornada_puertas_abiertas_casita_rural-480x386.jpg 480w\" sizes=\"(min-width: 0px) and (max-width: 480px) 480px, (min-width: 481px) 800px, 100vw\" class=\"wp-image-242400\" \/><\/span><\/div><\/div><div class=\"et_pb_column_11 et_pb_column et_pb_column_1_2 et-last-child et_block_column et_pb_css_mix_blend_mode_passthrough\"><div class=\"et_pb_text_14 et_pb_text et_pb_bg_layout_light et_pb_module et_block_module\"><div class=\"et_pb_text_inner\"><p><strong>SOBRE FINCA SOLMARK<\/strong><\/p>\n<p><strong><em>Finca Solmark<\/em><\/strong><em><span>\u00a0<\/span>es un<strong><span>\u00a0<\/span>EcoTurismo Rural<\/strong> de origen hispano-sueco que se dedica a la fabricaci\u00f3n, comercializaci\u00f3n y exportaci\u00f3n\u00a0de aceite de oliva, aguacate y otros productos ecol\u00f3gicos a Europa.\u00a0Dispone de un alojamiento rural con encanto y de varios proyectos de concienciaci\u00f3n, divulgaci\u00f3n y educaci\u00f3n medioambiental.<\/em><\/p>\n<p>&nbsp;<\/p>\n<p><strong>Web:<\/strong><span>\u00a0<\/span><a href=\"https:\/\/stage.fincasolmark.com\/\">https:\/\/stage.fincasolmark.com\/<\/a><\/p>\n<p><strong>E-mail:<\/strong><span>\u00a0<\/span><a href=\"mailto:hi@fincasolmark.com\">hi@fincasolmark.com<\/a><\/p>\n<\/div><\/div><\/div><\/div><\/div>\n","protected":false},"excerpt":{"rendered":"<p>Naci\u00f3 en la ciudad de M\u00e1laga, elegida recientemente la Capital Europea del Turismo Inteligente, y creci\u00f3 all\u00ed, mientras los fines de semana y festivos los pasaba en Carratraca y Canija (bajando por el Arroyo de las Ca\u00f1as, a la altura de la Venta San Antonio, que tambi\u00e9n fue patio de juegos de su infancia). En Canija, gestiona con su hermano y su padre sus tierras, en las que se cultivan aguacates, olivos, y lim\u00f3n ecol\u00f3gico. Hoy entrevistamos a Juan Pedro Bandera.<\/p>\n","protected":false},"author":1,"featured_media":246912,"comment_status":"closed","ping_status":"closed","sticky":false,"template":"","format":"standard","meta":{"footnotes":""},"categories":[120,1],"tags":[],"class_list":["post-246906","post","type-post","status-publish","format-standard","has-post-thumbnail","hentry","category-entrevistas","category-sin-categorizar"],"_links":{"self":[{"href":"https:\/\/stage.fincasolmark.com\/es\/wp-json\/wp\/v2\/posts\/246906","targetHints":{"allow":["GET"]}}],"collection":[{"href":"https:\/\/stage.fincasolmark.com\/es\/wp-json\/wp\/v2\/posts"}],"about":[{"href":"https:\/\/stage.fincasolmark.com\/es\/wp-json\/wp\/v2\/types\/post"}],"author":[{"embeddable":true,"href":"https:\/\/stage.fincasolmark.com\/es\/wp-json\/wp\/v2\/users\/1"}],"replies":[{"embeddable":true,"href":"https:\/\/stage.fincasolmark.com\/es\/wp-json\/wp\/v2\/comments?post=246906"}],"version-history":[{"count":2,"href":"https:\/\/stage.fincasolmark.com\/es\/wp-json\/wp\/v2\/posts\/246906\/revisions"}],"predecessor-version":[{"id":380636,"href":"https:\/\/stage.fincasolmark.com\/es\/wp-json\/wp\/v2\/posts\/246906\/revisions\/380636"}],"wp:featuredmedia":[{"embeddable":true,"href":"https:\/\/stage.fincasolmark.com\/es\/wp-json\/wp\/v2\/media\/246912"}],"wp:attachment":[{"href":"https:\/\/stage.fincasolmark.com\/es\/wp-json\/wp\/v2\/media?parent=246906"}],"wp:term":[{"taxonomy":"category","embeddable":true,"href":"https:\/\/stage.fincasolmark.com\/es\/wp-json\/wp\/v2\/categories?post=246906"},{"taxonomy":"post_tag","embeddable":true,"href":"https:\/\/stage.fincasolmark.com\/es\/wp-json\/wp\/v2\/tags?post=246906"}],"curies":[{"name":"wp","href":"https:\/\/api.w.org\/{rel}","templated":true}]}}