{"id":248975,"date":"2020-09-21T18:24:45","date_gmt":"2020-09-21T18:24:45","guid":{"rendered":"https:\/\/stage.fincasolmark.com\/?p=248975"},"modified":"2026-08-13T13:32:13","modified_gmt":"2026-08-13T11:32:13","slug":"finca-solmark-entrevista-a-lourdes-millan","status":"publish","type":"post","link":"https:\/\/stage.fincasolmark.com\/es\/finca-solmark-entrevista-a-lourdes-millan\/","title":{"rendered":"Finca Solmark entrevista a Lourdes Mill\u00e1n"},"content":{"rendered":"\n<div class=\"et_pb_section_0 et_pb_section et_section_regular et_block_section\"><\/div><div class=\"et_pb_section_1 et_pb_section et_section_regular et_block_section\"><div class=\"et_pb_row_0 et_pb_row et_block_row\"><div class=\"et_pb_column_0 et_pb_column et_pb_column_1_3 et_block_column et_pb_css_mix_blend_mode_passthrough\"><div class=\"et_pb_text_0 et_pb_text et_pb_bg_layout_light et_pb_module et_block_module\"><div class=\"et_pb_text_inner\"><p>22<\/p>\n<\/div><\/div><div class=\"et_pb_divider_0 et_pb_divider et_pb_space et_pb_divider_position_top et_pb_module\"><div class=\"et_pb_divider_internal\"><\/div><\/div><div class=\"et_pb_text_1 et_pb_text et_pb_bg_layout_light et_pb_module et_block_module\"><div class=\"et_pb_text_inner\"><p>Septiembre, 2020<\/p>\n<\/div><\/div><\/div><div class=\"et_pb_column_1 et_pb_column et_pb_column_2_3 et-last-child et_block_column et_pb_css_mix_blend_mode_passthrough\"><div class=\"et_pb_text_2 et_pb_text et_pb_bg_layout_light et_pb_module et_block_module\"><div class=\"et_pb_text_inner\"><h1><strong>Finca Solmark entrevista a <\/strong><\/h1>\n<h1><strong>Lourdes Mill\u00e1n<br \/> <\/strong><\/h1>\n<\/div><\/div><div class=\"et_pb_divider_1 et_pb_divider et_pb_space et_pb_divider_position_top et_pb_module\"><div class=\"et_pb_divider_internal\"><\/div><\/div><\/div><\/div><div class=\"et_pb_row_1 et_pb_row et_block_row\"><div class=\"et_pb_column_2 et_pb_column et_pb_column_4_4 et-last-child et_block_column et_pb_css_mix_blend_mode_passthrough\"><div class=\"et_pb_text_3 et_pb_text et_pb_bg_layout_light et_pb_module et_block_module\"><div class=\"et_pb_text_inner\"><p>Emprendedora por naturaleza, estudi\u00f3 Administraci\u00f3n de Empresas y Relaciones P\u00fablicas, de lo que ejerci\u00f3 varios a\u00f1os. Ha dirigido varias compa\u00f1\u00edas de diferentes \u00e1mbitos, algunas de ellas relacionadas con el Turismo, Hosteler\u00eda y Administraci\u00f3n. Durante 10 a\u00f1os, lider\u00f3 el Departamento de Administraci\u00f3n de una empresa de Restauraci\u00f3n de edificios emblem\u00e1ticos y despu\u00e9s, en 2011, fund\u00f3 su primer empresa, un Catering con impacto social, que operaba en el consorcio Guadalteba. Su principal eje era suministrar comidas a los centros sociales de los diferentes municipios aunque tambi\u00e9n dispon\u00eda de otra l\u00ednea con reparto a domicilio, principalmente a personas mayores que viv\u00edan solas. As\u00ed se aseguraba que, al menos una vez al d\u00eda, este colectivo tuviera acceso una comida sana y nutritiva, con men\u00fas elaborados por nutricionistas que se adaptaban a las patolog\u00edas y necesidades de los clientes.<\/p>\n<p>En 2015, su vida da un giro importante por motivos personales, coincidiendo este hecho en el tiempo con la apertura del Caminito del Rey. En ese momento, vio claro una oportunidad de negocio. \u00a1Estaba en el lugar y en el momento adecuado! Fue entonces cuando se decide a crear Galeota Tourism, agencia local de viajes receptivas de las visitas guiadas al Caminito del rey, que da servicios en 5 idiomas y cuenta con personal altamente cualificado en historia, geolog\u00eda, ornitolog\u00eda, t\u00e9cnicos del medio natural, etc.<\/p>\n<p>Hoy entrevistamos a <strong>Lourdes Mill\u00e1n<\/strong>.<\/p>\n<ul>\n<li><strong>Como fundadora de Galeota Tourism, \u00bfqu\u00e9 consideras desde tu experiencia que es lo m\u00e1s importante para lanzarte a emprender?<\/strong><\/li>\n<\/ul>\n<p>Sin duda, tener ilusi\u00f3n y creer plenamente en tu proyecto.<\/p>\n<\/div><\/div><div class=\"et_pb_image_0 et_pb_image et_pb_module et_block_module\"><span class=\"et_pb_image_wrap\"><img loading=\"lazy\" decoding=\"async\" src=\"https:\/\/stage.fincasolmark.com\/wp-content\/uploads\/2020\/09\/finca_solmark_entrevista_lourdes_millan_01.jpg\" width=\"1024\" height=\"683\" srcset=\"https:\/\/stage.fincasolmark.com\/wp-content\/uploads\/2020\/09\/finca_solmark_entrevista_lourdes_millan_01.jpg 1024w, https:\/\/stage.fincasolmark.com\/wp-content\/uploads\/2020\/09\/finca_solmark_entrevista_lourdes_millan_01-980x654.jpg 980w, https:\/\/stage.fincasolmark.com\/wp-content\/uploads\/2020\/09\/finca_solmark_entrevista_lourdes_millan_01-480x320.jpg 480w\" sizes=\"(min-width: 0px) and (max-width: 480px) 480px, (min-width: 481px) and (max-width: 980px) 980px, (min-width: 981px) 1024px, 100vw\" class=\"wp-image-248983\" alt=\"Santiago Beruete - Finca Solmark\" title=\"finca_solmark_entrevista_lourdes_millan_01\" \/><\/span><\/div><div class=\"et_pb_text_4 et_pb_text et_pb_bg_layout_light et_pb_module et_block_module\"><div class=\"et_pb_text_inner\"><ul>\n<li><strong>\u00bfQu\u00e9 te hizo dar el paso para tener tu propia empresa?<\/strong><\/li>\n<\/ul>\n<p>Anteriormente ya hab\u00eda tenido varias empresas. Pero la idea de crear la actual, <strong><a href=\"https:\/\/www.galeotatourism.com\/\">Galeota Tourism<\/a><\/strong>, surgi\u00f3 despu\u00e9s de mi separaci\u00f3n. Vi una oportunidad de negocio en torno al <strong>Caminito del Rey<\/strong> y me lanc\u00e9. Creo que estaba en el momento justo y decid\u00ed dar el paso.<\/p>\n<p>Desde el inicio, con Galeota Tourism apost\u00e9 por un turismo sostenible de calidad y hecho a medida, donde fomento principalmente el turismo de interior, con productos culturales y econ\u00f3micos, destacando el fuerte v\u00ednculo con la comunidad local, ya que los habitantes y sus modos de vida son el atractivo diferenciador entre un destino tur\u00edstico y otro. Esta es una de las claves de su \u00e9xito, el poder permitir a los visitantes acercarse y comprender de primera mano los estilos de vida, costumbres, tradiciones, festividades, historia, arquitectura, gastronom\u00eda y monumentos del lugar visitado.<\/p>\n<\/div><\/div><div class=\"et_pb_text_5 et_pb_text et_pb_bg_layout_light et_pb_module et_block_module\"><div class=\"et_pb_text_inner\"><ul>\n<li><strong>\u00bfCrees que las mujeres lo tenemos m\u00e1s dif\u00edcil?<\/strong><\/li>\n<\/ul>\n<p>Pienso que actualmente las mujeres emprenden mucho m\u00e1s que antes, pero la mayor dificultad que se encuentran es, como cualquier otro emprendedor, las trabas por parte de las administraciones, que son largas. Lamentablemente, muchas se quedan a mitad de camino. Y luego est\u00e1 el tema de conciliaci\u00f3n, los impedimentos para poder compaginar el mundo familiar y el laboral. \u00a1Es muy duro! En mi casa, ejerzo de padre y madre y a veces cuesta mucho y me veo obligada a \u201ctirar de la familia\u201d para que me echen una mano, principalmente cuando viajo o tengo reuniones fuera.<\/p>\n<\/div><\/div><div class=\"et_pb_image_1 et_pb_image et_pb_module et_block_module\"><span class=\"et_pb_image_wrap\"><img loading=\"lazy\" decoding=\"async\" src=\"https:\/\/stage.fincasolmark.com\/wp-content\/uploads\/2020\/09\/finca_solmark_entrevista_lourdes_millan_03.jpg\" width=\"960\" height=\"712\" srcset=\"https:\/\/stage.fincasolmark.com\/wp-content\/uploads\/2020\/09\/finca_solmark_entrevista_lourdes_millan_03.jpg 960w, https:\/\/stage.fincasolmark.com\/wp-content\/uploads\/2020\/09\/finca_solmark_entrevista_lourdes_millan_03-480x356.jpg 480w\" sizes=\"(min-width: 0px) and (max-width: 480px) 480px, (min-width: 481px) 960px, 100vw\" class=\"wp-image-249002\" alt=\"Visita guiada Caminito del rey - Finca Solmark\" title=\"finca_solmark_entrevista_lourdes_millan_03\" \/><\/span><\/div><div class=\"et_pb_text_6 et_pb_text et_pb_bg_layout_light et_pb_module et_block_module\"><div class=\"et_pb_text_inner\"><ul>\n<li><strong>\u00bfQu\u00e9 es lo que m\u00e1s te gusta de tu trabajo?<\/strong><\/li>\n<\/ul>\n<p>Me apasiona lo que hago pero especialmente me encanta la comunicaci\u00f3n, el dar a conocer los lugares de primera mano, con la esencia del lugar.<\/p>\n<\/div><\/div><div class=\"et_pb_text_7 et_pb_text et_pb_bg_layout_light et_pb_module et_block_module\"><div class=\"et_pb_text_inner\"><ul>\n<li><strong>Para aquellos que no conozcan Galeota Tourism, \u00bfpuedes resumir qu\u00e9 hac\u00e9is y qu\u00e9 servicios ofrec\u00e9is?<\/strong><\/li>\n<\/ul>\n<p>B\u00e1sicamente viajes combinados por Andaluc\u00eda (visitas, alojamientos, transfer, traductores, experiencias, etc). Nuestros principales clientes son otras agencias, en su mayor\u00eda internacionales, a las cuales les organizamos el circuito a media, seg\u00fan caracter\u00edsticas del grupo.<\/p>\n<p><strong>Galeota Tourism<\/strong> es una agencia receptiva de Andaluc\u00eda, donde nuestro principal fuerte es el <strong>Caminito del Rey<\/strong>, por ser una empresa local y una de las <strong>agencias oficiales<\/strong> de las visitas guiadas al Caminito del Rey.<\/p>\n<p>Nuestra estrategia est\u00e1 dirigida a satisfacer las necesidades e intereses del visitante.<\/p>\n<p>A partir de bienes culturales, es capaz de generar ingresos y rentabilidad a favor de la comunidad local.<\/p>\n<p>- Permite conocer los modos de vida diferentes, adem\u00e1s de promover un intercambio cultural entre la comunidad anfitriona y el visitante.<\/p>\n<p>- Puede ser un medio de formaci\u00f3n o aprendizaje y respeto por otra u otras culturas.<\/p>\n<p>- Presenta un enfoque de conservaci\u00f3n de los recursos naturales y no degradar o destruir el escenario natural donde se desarrolla la actividad tur\u00edstico cultural.<\/p>\n<p>- Pone en valor el patrimonio Inmaterial de un pueblo.<\/p>\n<p>- Y, fundamentalmente, impulsa el Turismo Responsable.<\/p>\n<\/div><\/div><div class=\"et_pb_image_2 et_pb_image et_pb_module et_block_module\"><span class=\"et_pb_image_wrap\"><img loading=\"lazy\" decoding=\"async\" src=\"https:\/\/stage.fincasolmark.com\/wp-content\/uploads\/2020\/09\/finca_solmark_entrevista_lourdes_millan_02.jpg\" width=\"960\" height=\"639\" srcset=\"https:\/\/stage.fincasolmark.com\/wp-content\/uploads\/2020\/09\/finca_solmark_entrevista_lourdes_millan_02.jpg 960w, https:\/\/stage.fincasolmark.com\/wp-content\/uploads\/2020\/09\/finca_solmark_entrevista_lourdes_millan_02-480x320.jpg 480w\" sizes=\"(min-width: 0px) and (max-width: 480px) 480px, (min-width: 481px) 960px, 100vw\" class=\"wp-image-248999\" alt=\"Visita guiada Caminito del Rey - Finca Solmark\" title=\"finca_solmark_entrevista_lourdes_millan_02\" \/><\/span><\/div><div class=\"et_pb_text_8 et_pb_text et_pb_bg_layout_light et_pb_module et_block_module\"><div class=\"et_pb_text_inner\"><ul>\n<li><strong>\u00bfQu\u00e9 tiene que hacer la gente que quiera conocer el Caminito del Rey? \u00bfQu\u00e9 opciones hay para visitarlo?<\/strong><\/li>\n<\/ul>\n<p>Ponerse en contacto con nosotros. Nuestra web es <strong><a href=\"https:\/\/www.galeotatourism.com\/\">https:\/\/www.galeotatourism.com\/<\/a><\/strong>. La mejor opci\u00f3n de Conocer Caminito del Rey es con un gu\u00eda oficial. Los visitantes siempre quedan sorprendidos de toda la historia que posee el lugar y quedan, adem\u00e1s, maravillados las incre\u00edbles vistas que ofrece al valle, a las monta\u00f1as y al r\u00edo Guadalhorce.<\/p>\n<\/div><\/div><div class=\"et_pb_text_9 et_pb_text et_pb_bg_layout_light et_pb_module et_block_module\"><div class=\"et_pb_text_inner\"><ul>\n<li><strong>\u00bfQu\u00e9 es lo que m\u00e1s te gust\u00f3 particularmente a ti la primera vez que pudiste verlo de primera mano?<\/strong><\/li>\n<\/ul>\n<p>\u00a1Fue un amor a primera vista! El lugar posee un encanto natural sobrecogedor. A d\u00eda de hoy, que casi lo podr\u00eda hacer con los ojos cerrados, me sigue sorprendiendo. Es incre\u00edble pero cada visita es \u00fanica y diferente, y nunca se ve igual. Depende de la estaci\u00f3n, de la luz del sol, de la hora de la visita, de si llueve o no, de los animales que van apareciendo en el recorrido,...Nunca, nunca, nunca una visita es igual que otra.<\/p>\n<\/div><\/div><div class=\"et_pb_text_10 et_pb_text et_pb_bg_layout_light et_pb_module et_block_module\"><div class=\"et_pb_text_inner\"><ul>\n<li><strong>\u00bfTienes esperanza de que logre ser Patrimonio de la Humanidad?<\/strong><\/li>\n<\/ul>\n<p>\u00bfEsperanza? \u00a1Claro! Ser\u00e1 seguro Patrimonio de la Humanidad, ya tenemos m\u00e1s candidaturas que los D\u00f3lmenes de Antequera cuando ellos lo obtuvieron.<\/p>\n<\/div><\/div><\/div><\/div><div class=\"et_pb_row_2 et_pb_row et_block_row\"><div class=\"et_pb_column_3 et_pb_column et_pb_column_1_2 et_block_column et_pb_css_mix_blend_mode_passthrough\"><div class=\"et_pb_image_3 et_pb_image et_pb_module et_block_module\"><span class=\"et_pb_image_wrap\"><img loading=\"lazy\" decoding=\"async\" src=\"https:\/\/stage.fincasolmark.com\/wp-content\/uploads\/2020\/09\/finca_solmark_entrevista_lourdes_millan_07.jpg\" width=\"619\" height=\"411\" srcset=\"https:\/\/stage.fincasolmark.com\/wp-content\/uploads\/2020\/09\/finca_solmark_entrevista_lourdes_millan_07.jpg 619w, https:\/\/stage.fincasolmark.com\/wp-content\/uploads\/2020\/09\/finca_solmark_entrevista_lourdes_millan_07-480x319.jpg 480w\" sizes=\"(min-width: 0px) and (max-width: 480px) 480px, (min-width: 481px) 619px, 100vw\" class=\"wp-image-249011\" alt=\"Caminito del Rey - Patrimonio de la Humanidad\" title=\"finca_solmark_entrevista_lourdes_millan_07\" \/><\/span><\/div><\/div><div class=\"et_pb_column_4 et_pb_column et_pb_column_1_2 et-last-child et_block_column et_pb_css_mix_blend_mode_passthrough\"><div class=\"et_pb_text_11 et_pb_text et_pb_bg_layout_light et_pb_module et_block_module\"><div class=\"et_pb_text_inner\"><ul>\n<li><strong>\u00bfAlguna forma de que entre todos podamos apoyar que se logre?<\/strong><\/li>\n<\/ul>\n<p>Claro, sumando nuestra candidatura a <strong><a href=\"http:\/\/www.caminitodelrey.info\/unesco\/es\/\" target=\"_blank\" rel=\"noopener noreferrer\">http:\/\/www.caminitodelrey.info\/unesco\/es\/<\/a><\/strong><\/p>\n<p>Aqu\u00ed pod\u00e9is votar o como particular o como empresa.<\/p>\n<p>\"NECESITAMOS TU VOTO\"<\/p>\n<\/div><\/div><\/div><\/div><div class=\"et_pb_row_3 et_pb_row et_block_row\"><div class=\"et_pb_column_5 et_pb_column et_pb_column_4_4 et-last-child et_block_column et_pb_css_mix_blend_mode_passthrough\"><div class=\"et_pb_text_12 et_pb_text et_pb_bg_layout_light et_pb_module et_block_module\"><div class=\"et_pb_text_inner\"><ul>\n<li><strong>\u00bfC\u00f3mo ha afectado el coronavirus al turismo en Andaluc\u00eda?<\/strong><\/li>\n<\/ul>\n<p>Andaluc\u00eda es un destino Top a nivel tur\u00edstico. Se ha estimado que hemos recibido en nuestra Comunidad Aut\u00f3noma alrededor de 8 millones de turistas menos, por lo que este hecho est\u00e1 repercutiendo gravemente al sector tur\u00edstico y servicios. Este acontecimiento traer\u00e1 importantes consecuencias en las empresas del sector, lo que est\u00e1 provocando que muchas de ellas est\u00e9n cerrando debido a las numerosas cancelaciones.<\/p>\n<\/div><\/div><\/div><\/div><div class=\"et_pb_row_4 et_pb_row et_block_row\"><div class=\"et_pb_column_6 et_pb_column et_pb_column_1_2 et_block_column et_pb_css_mix_blend_mode_passthrough\"><div class=\"et_pb_text_13 et_pb_text et_pb_bg_layout_light et_pb_module et_block_module\"><div class=\"et_pb_text_inner\"><ul>\n<li><strong>\u00bfPiensas que un turismo sostenible es posible?<\/strong><\/li>\n<\/ul>\n<p>No solo es posible, \u00a1es el tipo de Turismo que debemos hacer! El turismo sostenible y responsable es nuestra filosof\u00eda.<\/p>\n<p>Su meta es garantizar que la actividad tur\u00edstica est\u00e1 produciendo el menor impacto posible sobre el medio ambiente y la comunidad, favoreciendo la compatibilidad entre la actividad tur\u00edstica y el entorno natural y cultural del lugar donde se desarrolla. En s\u00edntesis, los productos tur\u00edsticos deben desarrollarse en armon\u00eda con el medio ambiente y la cultura local, de modo que la comunidad no sea vea perjudicada, sino que se beneficie de la actividad tur\u00edstica y no s\u00f3lo en el plano econ\u00f3mico, sino que tambi\u00e9n cultural, ambiental y social.<\/p>\n<p>Entre los principios b\u00e1sicos del turismo cultural sostenible destacan valoraci\u00f3n de la diversidad e intercambio cultural, o involucrar a las comunidades locales como anfitrionas y representantes de la cultura local viva, por citar algunos ejemplos.<\/p>\n<\/div><\/div><\/div><div class=\"et_pb_column_7 et_pb_column et_pb_column_1_2 et-last-child et_block_column et_pb_css_mix_blend_mode_passthrough\"><div class=\"et_pb_image_4 et_pb_image et_pb_module et_block_module\"><span class=\"et_pb_image_wrap\"><img loading=\"lazy\" decoding=\"async\" src=\"https:\/\/stage.fincasolmark.com\/wp-content\/uploads\/2020\/09\/finca_solmark_entrevista_lourdes_millan_06.jpg\" width=\"720\" height=\"960\" srcset=\"https:\/\/stage.fincasolmark.com\/wp-content\/uploads\/2020\/09\/finca_solmark_entrevista_lourdes_millan_06.jpg 720w, https:\/\/stage.fincasolmark.com\/wp-content\/uploads\/2020\/09\/finca_solmark_entrevista_lourdes_millan_06-480x640.jpg 480w\" sizes=\"(min-width: 0px) and (max-width: 480px) 480px, (min-width: 481px) 720px, 100vw\" class=\"wp-image-249008\" alt=\"Turismo y tradiciones - Finca Solmark\" title=\"finca_solmark_entrevista_lourdes_millan_06\" \/><\/span><\/div><\/div><\/div><div class=\"et_pb_row_5 et_pb_row et_block_row\"><div class=\"et_pb_column_8 et_pb_column et_pb_column_4_4 et-last-child et_block_column et_pb_css_mix_blend_mode_passthrough\"><div class=\"et_pb_text_14 et_pb_text et_pb_bg_layout_light et_pb_module et_block_module\"><div class=\"et_pb_text_inner\"><ul>\n<li><strong>\u00bfAlgunas ideas para lograrlo?<\/strong><\/li>\n<\/ul>\n<p>Estamos elaborando en un proyecto junto a Diputaci\u00f3n donde estamos trabajando en un manual de buenas pr\u00e1cticas de Turismo sostenible, donde hay varios puntos a desarrollar.<\/p>\n<p><strong>1. \u00c1rea Social:<\/strong> Est\u00e1 dirigido a satisfacer las necesidades e intereses de las personas.<\/p>\n<p><strong>2. \u00c1rea Econ\u00f3mica:<\/strong> A partir de bienes culturales, es capaz de generar ingresos y rentabilidad a favor de la comunidad local.<\/p>\n<p><strong>3. \u00c1rea Cultural:<\/strong> Permite conocer los modos de vida diferentes, adem\u00e1s de promover un intercambio cultural entre la comunidad anfitriona y visitante.<\/p>\n<p><strong>4. \u00c1rea Educativa:<\/strong> Puede ser un medio de formaci\u00f3n o aprendizaje y respeto por otra u otras culturas.<\/p>\n<p><strong>5. \u00c1rea Medioambiental:<\/strong> Debe presentar un enfoque de conservaci\u00f3n de los recursos naturales, y no degradar o destruir el escenario natural donde se desarrolla la actividad tur\u00edstico cultural.<\/p>\n<p><strong>6. \u00c1rea Pol\u00edtica:<\/strong> Permite responder a los lineamientos, programas y planes de desarrollo a nivel nacional, regional y comunal, como por ejemplo, los Planes de Desarrollo Comunal, Estrategias Regionales de Desarrollo, etc.<\/p>\n<\/div><\/div><div class=\"et_pb_text_15 et_pb_text et_pb_bg_layout_light et_pb_module et_block_module\"><div class=\"et_pb_text_inner\"><ul>\n<li><strong>\u00bfTe has tenido que reinventar de alguna forma durante la pandemia? <\/strong><\/li>\n<\/ul>\n<p>M\u00e1s que reinventarme, en la empresa hemos tenido que readaptarnos a los nuevos perfiles de turistas. Antes de la pandemia, el 80 % de nuestros visitantes eran internacionales. Ahora los visitantes son m\u00e1s nacionales y de cercan\u00eda. Apenas tenemos turistas internacionales y los extranjeros que van, residen principalmente en Andaluc\u00eda.<\/p>\n<\/div><\/div><div class=\"et_pb_image_5 et_pb_image et_pb_module et_block_module\"><span class=\"et_pb_image_wrap\"><img loading=\"lazy\" decoding=\"async\" src=\"https:\/\/stage.fincasolmark.com\/wp-content\/uploads\/2020\/09\/finca_solmark_entrevista_lourdes_millan_05.jpg\" width=\"1024\" height=\"683\" srcset=\"https:\/\/stage.fincasolmark.com\/wp-content\/uploads\/2020\/09\/finca_solmark_entrevista_lourdes_millan_05.jpg 1024w, https:\/\/stage.fincasolmark.com\/wp-content\/uploads\/2020\/09\/finca_solmark_entrevista_lourdes_millan_05-980x654.jpg 980w, https:\/\/stage.fincasolmark.com\/wp-content\/uploads\/2020\/09\/finca_solmark_entrevista_lourdes_millan_05-480x320.jpg 480w\" sizes=\"(min-width: 0px) and (max-width: 480px) 480px, (min-width: 481px) and (max-width: 980px) 980px, (min-width: 981px) 1024px, 100vw\" class=\"wp-image-249005\" alt=\"Visita Laguna de Fuente de Piedra - Finca Solmark\" title=\"finca_solmark_entrevista_lourdes_millan_05\" \/><\/span><\/div><div class=\"et_pb_text_16 et_pb_text et_pb_bg_layout_light et_pb_module et_block_module\"><div class=\"et_pb_text_inner\"><ul>\n<li><strong>\u00bfEn qu\u00e9 proyectos te encuentras trabajando actualmente? <\/strong><\/li>\n<\/ul>\n<p>Ahora me encuentro en el proceso de <strong>readaptar nuestros circuitos con sustentabilidad socio econ\u00f3mica<\/strong>. Esto involucra un respeto por la diversidad sociocultural y, particularmente, un respeto por la cultura local.<\/p>\n<p>Adem\u00e1s, dentro del <strong>Grupo de Desarrollo Rural Guadalteba<\/strong>, yo formo parte de la junta directiva, donde estamos desarrollando nuevas estrategias en com\u00fan con los 8 municipios que forman la Comarca de Guadalteba.<\/p>\n<p>1. Los Grupos de Desarrollo Rural son asociaciones sin \u00e1nimo de lucro con casi 3 d\u00e9cadas de experiencia en la gesti\u00f3n de Fondos Europeos. Est\u00e1n integrados por las administraciones locales, organizaciones empresariales, agrarias y de otros sectores como sindicales, ecologistas, culturales, as\u00ed como asociaciones de j\u00f3venes y mujeres, entre otros.<\/p>\n<p>Los Grupos de Desarrollo Rural gestionan bajo el m\u00e9todo LEADER ayudas del Fondo Europeo Agr\u00edcola de Desarrollo Rural (FEADER) y de la Junta de Andaluc\u00eda, dirigidas a apoyar a personas emprendedoras, a mejorar y crear peque\u00f1as infraestructuras de uso p\u00fablico, y a impulsar proyectos que creen empleo, riqueza y mejoren la calidad de vida de los habitantes del medio rural fomentando la igualdad de oportunidades entre mujeres y hombres en su territorio.<\/p>\n<p>2. Profesionalizar la empresa familiar. Estamos trabajando un modelo de negocio para mejorar y acondicionar nuestra empresa familiar. B\u00e1sicamente queremos ampliar el n\u00famero de camas del hotelito y mejorar y modernizar el Restaurante, donde queremos poner en valor las industrias alimentarias de la zona del entorno de Caminito del Rey, as\u00ed como los agricultores o ganaderos, de la zona, entre otros.<\/p>\n<p>3. Mesas de trabajo junto a Diputaci\u00f3n.<\/p>\n<\/div><\/div><div class=\"et_pb_text_17 et_pb_text et_pb_bg_layout_light et_pb_module et_block_module\"><div class=\"et_pb_text_inner\"><ul>\n<li><strong>Dado que conoces de cerca la Finca Solmark, \u00bfqu\u00e9 es lo que m\u00e1s te gusta de su filosof\u00eda?<\/strong><\/li>\n<\/ul>\n<p>Precisamente eso, que es una filosof\u00eda con visi\u00f3n de futuro, que no solo mira el presente, con perspectivas de progreso, desarrollo, evoluci\u00f3n y crecimiento: poner en valor los recursos naturales de la zona, como producci\u00f3n, naturaleza, colaboraci\u00f3n empresarial, energ\u00edas renovables, etc. Pienso que puede ser un gran modelo a seguir.<\/p>\n<\/div><\/div><div class=\"et_pb_text_18 et_pb_text et_pb_bg_layout_light et_pb_module et_block_module\"><div class=\"et_pb_text_inner\"><ul>\n<li><strong>\u00bfQu\u00e9 colaboraci\u00f3n llev\u00e1is a cabo entre Galeota Tourism y Finca Solmark? \u00bfPuedes mencionar alguna promoci\u00f3n u oferta especial que les pueda interesar a nuestros seguidores y futuros visitantes?<\/strong><\/li>\n<\/ul>\n<\/div><\/div><\/div><\/div><div class=\"et_pb_row_6 et_pb_row et_block_row\"><div class=\"et_pb_column_9 et_pb_column et_pb_column_1_2 et_block_column et_pb_css_mix_blend_mode_passthrough\"><div class=\"et_pb_text_19 et_pb_text et_pb_bg_layout_light et_pb_module et_block_module\"><div class=\"et_pb_text_inner\"><p>La colaboraci\u00f3n entre Galeota Tourism y Finca Solmark es una oferta en com\u00fan de productos y servicios. Se trata de que el visitante pueda conocer la esencia de la finca, disfrutar de la naturaleza, conocer su actividad de producci\u00f3n de aceite de oliva y aguacates, adquirir all\u00ed mismo los productos ecol\u00f3gicos ,...y lo pueda combinar con visitas guiadas al entorno de Caminito del Rey o el interior de la provincia de M\u00e1laga, por citar un ejemplo. Tambi\u00e9n lanzamos promociones puntuales en las que se regala 1 entrada para visitar el Caminito del Rey por la compra de una caja de 6 botellas de aceite de oliva virgen extra de la nueva cosecha de la finca.<\/p>\n<\/div><\/div><\/div><div class=\"et_pb_column_10 et_pb_column et_pb_column_1_2 et-last-child et_block_column et_pb_css_mix_blend_mode_passthrough\"><div class=\"et_pb_image_6 et_pb_image et_pb_module et_block_module\"><span class=\"et_pb_image_wrap\"><img loading=\"lazy\" decoding=\"async\" src=\"https:\/\/stage.fincasolmark.com\/wp-content\/uploads\/2020\/09\/finca_solmark_entrevista_lourdes_millan_08.jpg\" width=\"640\" height=\"427\" srcset=\"https:\/\/stage.fincasolmark.com\/wp-content\/uploads\/2020\/09\/finca_solmark_entrevista_lourdes_millan_08.jpg 640w, https:\/\/stage.fincasolmark.com\/wp-content\/uploads\/2020\/09\/finca_solmark_entrevista_lourdes_millan_08-480x320.jpg 480w\" sizes=\"(min-width: 0px) and (max-width: 480px) 480px, (min-width: 481px) 640px, 100vw\" class=\"wp-image-249014\" alt=\"Degustaci\u00f3n Productos Ecol\u00f3gicos - Finca Solmark\" title=\"finca_solmark_entrevista_lourdes_millan_08\" \/><\/span><\/div><\/div><\/div><div class=\"et_pb_row_7 et_pb_row et_block_row\"><div class=\"et_pb_column_11 et_pb_column et_pb_column_4_4 et-last-child et_block_column et_pb_css_mix_blend_mode_passthrough\"><div class=\"et_pb_text_20 et_pb_text et_pb_bg_layout_light et_pb_module et_block_module\"><div class=\"et_pb_text_inner\"><ul>\n<li><strong>\u00bfAlg\u00fan \u00faltimo comentario que quieras mencionar?<\/strong><\/li>\n<\/ul>\n<p>Aunque a\u00fan tenemos mucho que hacer conjuntamente, con las empresas de la zona, estoy muy ilusionada por los nuevos servicios en los que estamos trabajando, que adem\u00e1s de ser muy aut\u00e9nticos y totalmente experienciales, est\u00e1n hechos a medida y con mucha ilusi\u00f3n. Estoy convencida de que van a gustar mucho porque, aparte del cari\u00f1o que estamos depositando en ellos, estamos en una etapa de colaboraciones en la que es vital apoyarnos unos a otros hacia turismo responsable, sostenible y socialmente innovador.<\/p>\n<\/div><\/div><\/div><\/div><\/div><div class=\"et_pb_section_2 et_pb_section et_section_regular et_block_section\"><div class=\"et_pb_row_8 et_pb_row et_block_row\"><div class=\"et_pb_column_12 et_pb_column et_pb_column_1_2 et_block_column et_pb_css_mix_blend_mode_passthrough\"><div class=\"et_pb_image_7 et_pb_image et_pb_module et_block_module\"><span class=\"et_pb_image_wrap\"><img loading=\"lazy\" decoding=\"async\" src=\"https:\/\/stage.fincasolmark.com\/wp-content\/uploads\/2019\/10\/finca_solmark_i_jornada_puertas_abiertas_casita_rural.jpg\" width=\"800\" height=\"643\" srcset=\"https:\/\/stage.fincasolmark.com\/wp-content\/uploads\/2019\/10\/finca_solmark_i_jornada_puertas_abiertas_casita_rural.jpg 800w, https:\/\/stage.fincasolmark.com\/wp-content\/uploads\/2019\/10\/finca_solmark_i_jornada_puertas_abiertas_casita_rural-480x386.jpg 480w\" sizes=\"(min-width: 0px) and (max-width: 480px) 480px, (min-width: 481px) 800px, 100vw\" class=\"wp-image-242400\" \/><\/span><\/div><\/div><div class=\"et_pb_column_13 et_pb_column et_pb_column_1_2 et-last-child et_block_column et_pb_css_mix_blend_mode_passthrough\"><div class=\"et_pb_text_21 et_pb_text et_pb_bg_layout_light et_pb_module et_block_module\"><div class=\"et_pb_text_inner\"><p><strong>SOBRE FINCA SOLMARK<\/strong><\/p>\n<p><strong><em>Finca Solmark<\/em><\/strong><em><span>\u00a0<\/span>es un<strong><span>\u00a0<\/span>EcoTurismo Rural<\/strong> de origen hispano-sueco que se dedica a la fabricaci\u00f3n, comercializaci\u00f3n y exportaci\u00f3n\u00a0de aceite de oliva, aguacate y otros productos ecol\u00f3gicos a Europa.\u00a0Dispone de un alojamiento rural con encanto y de varios proyectos de concienciaci\u00f3n, divulgaci\u00f3n y educaci\u00f3n medioambiental.<\/em><\/p>\n<p>&nbsp;<\/p>\n<p><strong>Web:<\/strong><span>\u00a0<\/span><a href=\"https:\/\/stage.fincasolmark.com\/\">https:\/\/stage.fincasolmark.com\/<\/a><\/p>\n<p><strong>E-mail:<\/strong><span>\u00a0<\/span><a href=\"mailto:hi@fincasolmark.com\">hi@fincasolmark.com<\/a><\/p>\n<\/div><\/div><\/div><\/div><\/div>\n","protected":false},"excerpt":{"rendered":"<p>Emprendedora por naturaleza, estudi\u00f3 Administraci\u00f3n de Empresas y Relaciones P\u00fablicas, de lo que ejerci\u00f3 varios a\u00f1os. Ha dirigido varias compa\u00f1\u00edas de diferentes \u00e1mbitos, algunas de ellas relacionadas con el Turismo, Hosteler\u00eda y Administraci\u00f3n. Durante 10 a\u00f1os, lider\u00f3 el Departamento de Administraci\u00f3n de una empresa de Restauraci\u00f3n de edificios emblem\u00e1ticos y despu\u00e9s, en 2011, fund\u00f3 su primer empresa, un Catering con impacto social, que operaba en el consorcio Guadalteba.<br \/>\nHoy entrevistamos a Lourdes Mill\u00e1n.<\/p>\n","protected":false},"author":1,"featured_media":248978,"comment_status":"closed","ping_status":"closed","sticky":false,"template":"","format":"standard","meta":{"footnotes":""},"categories":[120],"tags":[],"class_list":["post-248975","post","type-post","status-publish","format-standard","has-post-thumbnail","hentry","category-entrevistas"],"_links":{"self":[{"href":"https:\/\/stage.fincasolmark.com\/es\/wp-json\/wp\/v2\/posts\/248975","targetHints":{"allow":["GET"]}}],"collection":[{"href":"https:\/\/stage.fincasolmark.com\/es\/wp-json\/wp\/v2\/posts"}],"about":[{"href":"https:\/\/stage.fincasolmark.com\/es\/wp-json\/wp\/v2\/types\/post"}],"author":[{"embeddable":true,"href":"https:\/\/stage.fincasolmark.com\/es\/wp-json\/wp\/v2\/users\/1"}],"replies":[{"embeddable":true,"href":"https:\/\/stage.fincasolmark.com\/es\/wp-json\/wp\/v2\/comments?post=248975"}],"version-history":[{"count":2,"href":"https:\/\/stage.fincasolmark.com\/es\/wp-json\/wp\/v2\/posts\/248975\/revisions"}],"predecessor-version":[{"id":380654,"href":"https:\/\/stage.fincasolmark.com\/es\/wp-json\/wp\/v2\/posts\/248975\/revisions\/380654"}],"wp:featuredmedia":[{"embeddable":true,"href":"https:\/\/stage.fincasolmark.com\/es\/wp-json\/wp\/v2\/media\/248978"}],"wp:attachment":[{"href":"https:\/\/stage.fincasolmark.com\/es\/wp-json\/wp\/v2\/media?parent=248975"}],"wp:term":[{"taxonomy":"category","embeddable":true,"href":"https:\/\/stage.fincasolmark.com\/es\/wp-json\/wp\/v2\/categories?post=248975"},{"taxonomy":"post_tag","embeddable":true,"href":"https:\/\/stage.fincasolmark.com\/es\/wp-json\/wp\/v2\/tags?post=248975"}],"curies":[{"name":"wp","href":"https:\/\/api.w.org\/{rel}","templated":true}]}}