{"id":249029,"date":"2020-09-23T16:05:13","date_gmt":"2020-09-23T16:05:13","guid":{"rendered":"https:\/\/stage.fincasolmark.com\/?p=249029"},"modified":"2026-08-13T13:32:14","modified_gmt":"2026-08-13T11:32:14","slug":"pelle-lundborg-nuevo-delegado-de-la-camara-de-comercio-hispano-sueca-en-la-costa-del-sol","status":"publish","type":"post","link":"https:\/\/stage.fincasolmark.com\/es\/pelle-lundborg-nuevo-delegado-de-la-camara-de-comercio-hispano-sueca-en-la-costa-del-sol\/","title":{"rendered":"Pelle Lundborg, nuevo Delegado de la C\u00e1mara de Comercio Hispano-Sueca en la Costa del Sol"},"content":{"rendered":"\n<div class=\"et_pb_section_0 et_pb_section et_section_regular et_block_section\"><\/div><div class=\"et_pb_section_1 et_pb_section et_section_regular et_block_section\"><div class=\"et_pb_row_0 et_pb_row et_block_row\"><div class=\"et_pb_column_0 et_pb_column et_pb_column_1_3 et_block_column et_pb_css_mix_blend_mode_passthrough\"><div class=\"et_pb_text_0 et_pb_text et_pb_bg_layout_light et_pb_module et_block_module\"><div class=\"et_pb_text_inner\"><p>24<\/p>\n<\/div><\/div><div class=\"et_pb_divider_0 et_pb_divider et_pb_space et_pb_divider_position_top et_pb_module\"><div class=\"et_pb_divider_internal\"><\/div><\/div><div class=\"et_pb_text_1 et_pb_text et_pb_bg_layout_light et_pb_module et_block_module\"><div class=\"et_pb_text_inner\"><p>Septiembre, 2020<\/p>\n<\/div><\/div><\/div><div class=\"et_pb_column_1 et_pb_column et_pb_column_2_3 et-last-child et_block_column et_pb_css_mix_blend_mode_passthrough\"><div class=\"et_pb_text_2 et_pb_text et_pb_bg_layout_light et_pb_module et_block_module\"><div class=\"et_pb_text_inner\"><h1><strong>Pelle Lundborg, nuevo Delegado de la C\u00e1mara de Comercio Hispano-Sueca en la Costa del Sol<br \/>\n<\/strong><\/h1>\n<\/div><\/div><div class=\"et_pb_divider_1 et_pb_divider et_pb_space et_pb_divider_position_top et_pb_module\"><div class=\"et_pb_divider_internal\"><\/div><\/div><\/div><\/div><div class=\"et_pb_row_1 et_pb_row et_block_row\"><div class=\"et_pb_column_2 et_pb_column et_pb_column_4_4 et-last-child et_block_column et_pb_css_mix_blend_mode_passthrough\"><div class=\"et_pb_image_0 et_pb_image et_pb_module et_block_module\"><span class=\"et_pb_image_wrap\"><img loading=\"lazy\" decoding=\"async\" src=\"https:\/\/stage.fincasolmark.com\/wp-content\/uploads\/2020\/09\/logo-finca-solmark-camara-comercio-hispano-sueca.jpg\" width=\"700\" height=\"300\" srcset=\"https:\/\/stage.fincasolmark.com\/wp-content\/uploads\/2020\/09\/logo-finca-solmark-camara-comercio-hispano-sueca.jpg 700w, https:\/\/stage.fincasolmark.com\/wp-content\/uploads\/2020\/09\/logo-finca-solmark-camara-comercio-hispano-sueca-480x206.jpg 480w\" sizes=\"(min-width: 0px) and (max-width: 480px) 480px, (min-width: 481px) 700px, 100vw\" class=\"wp-image-249041\" alt=\"logo-fincasolmark\" title=\"logo-finca-solmark-camara-comercio-hispano-sueca\" \/><\/span><\/div><\/div><\/div><div class=\"et_pb_row_2 et_pb_row et_block_row\"><div class=\"et_pb_column_3 et_pb_column et_pb_column_4_4 et-last-child et_block_column et_pb_css_mix_blend_mode_passthrough\"><div class=\"et_pb_text_3 et_pb_text et_pb_bg_layout_light et_pb_module et_block_module\"><div class=\"et_pb_text_inner\"><p>La <strong>C\u00e1mara de Comercio Hispano-Sueca<\/strong>, fundada en 1950 y con m\u00e1s de 200 socios en Espa\u00f1a, ha nombrado a <strong>Pelle Lundborg<\/strong> nuevo <strong>Delegado en la Costa del Sol<\/strong>. Ha sido designado por la Presidenta de la instituci\u00f3n, Luisa Alli, y los dem\u00e1s miembros de la Junta Directiva, sucediendo en el puesto a Mats Bj\u00f6rkman, quien lo desempe\u00f1aba hasta ahora. Lundborg reportar\u00e1 a Anna Fransson, Directora General de la C\u00e1mara.<\/p>\n<p>Nacido en \u00d6rebro (Suecia) y con mentalidad emprendedora, <strong>Pelle Lundborg<\/strong> cuenta con una larga y exitosa trayectoria profesional a sus espaldas. Cre\u00f3 en Link\u00f6ping y con tan solo 16 a\u00f1os su primera compa\u00f1\u00eda, una tienda de videojuegos, y desde entonces no ha parado de lanzar proyectos y gestionar empresas. Entre sus hitos destacan, entre otros, el lanzamiento de la primera cadena de tiendas de videojuegos de Suecia, Nordic Games, que despu\u00e9s adopt\u00f3 el nombre de <strong>GamePlay<\/strong>, el lanzamiento en el mercado n\u00f3rdico de las gu\u00edas de videojuegos y juegos para PC, <strong>Piggyback<\/strong>, o la co-fundaci\u00f3n de THQ Nordic, hoy una compa\u00f1\u00eda cotizada en bolsa que ha pasado a llamarse <a href=\"https:\/\/embracer.com\/\">Embracer Group<\/a>, con una plantilla de m\u00e1s de 4.000 empleados.<\/p>\n<p>Tras 25 a\u00f1os trabajando en esta industria de los videojuegos, en el a\u00f1o 2014, su inter\u00e9s por hacer llegar la cultura del aceite a Suecia, le llev\u00f3 a crear junto a un socio la marca <strong>Mainake<\/strong>. A principios del 2018, su pasi\u00f3n por el cuidado del medioambiente, la salud y el bienestar personal, unido a la experiencia de atravesar un problema de salud que le exigi\u00f3 llevar una vida m\u00e1s pausada y tranquila, le llev\u00f3 a fundar la <a href=\"https:\/\/stage.fincasolmark.com\/es\/\" >Finca Solmark<\/a>, un agroturismo rural que exporta aguacates, aceite de oliva y otros productos ecol\u00f3gicos a Suecia, entre otras originales actividades como el apadrinamiento de \u00e1rboles, visitas para ense\u00f1ar el proceso de fabricaci\u00f3n del aceite de oliva o el alojamiento con encanto en plena naturaleza. Lundborg, adem\u00e1s, es conocido en su entorno por su gran conciencia y sensibilizaci\u00f3n social. Ha sido voluntario en hospitales, ayudando y asesorando a gestionar asuntos personales a extranjeros, haciendo de traductor o simplemente acompa\u00f1ando personas que necesitan alg\u00fan tipo de apoyo. Tambi\u00e9n es habitual verle apoyar de forma altruista proyectos relacionados con el mundo de la ciencia, naturaleza, deporte, salud mental o emprendimiento, entre otros.<\/p>\n<p>Seg\u00fan declaraciones de <strong>Luisa Alli<\/strong>, Presidenta de la Junta Directiva de la C\u00e1mara de Comercio Hispano-Sueca y Directora de Comunicaci\u00f3n de IKEA: \"El conjugar lo mejor de Suecia y Espa\u00f1a, unido a su inter\u00e9s por la Innovaci\u00f3n, Tecnolog\u00eda, Sostenibilidad, Diversidad y en general por el Progreso, le hacen sin lugar a dudas el directivo id\u00f3neo para afrontar esta nueva etapa de la C\u00e1mara\".<\/p>\n<p>Por su parte, <strong>Anna Fransson <\/strong>tambi\u00e9n ha querido felicitar a Lundborg y desearle lo mejor: \u201cEstamos encantados con la incorporaci\u00f3n de Pelle. Su perfil encaja a la perfecci\u00f3n con el tipo de personas que queremos que formen parte de nuestro equipo, con iniciativa, creatividad, buenas ideas, actitud positiva, habilidades sociales, capacidad para conectar personas....aparte de ser un aut\u00e9ntico \"changemaker\".\u00a0<\/p>\n<p><strong>Lundborg<\/strong> comienza esta nueva etapa con mucha ilusi\u00f3n y ha comentado \"Me siento muy afortunado de afrontar este nuevo reto en la C\u00e1mara de Comercio Hispano-Sueca. Mats ha dejado el list\u00f3n muy alto y ha hecho un trabajo fabuloso durante todos estos a\u00f1os. Comienzo con mucho \u00e1nimo y traigo algunas ideas que espero gusten a los socios. Soy conscientemente de que incorporo en un momento apasionante de cambio en el que conf\u00edo, con la colaboraci\u00f3n de todos, seguir generando valor para todos nuestros socios de la Delegaci\u00f3n de la Costa del Sol y fomentar las relaciones comerciales y culturales entre Espa\u00f1a y Suecia. Por otro lado, estoy muy agradecido a todos los miembros del Comit\u00e9 Ejecutivo de la C\u00e1mara por la confianza que han depositado en m\u00ed\".<\/p>\n<p>&nbsp;<\/p>\n<p><strong>Acerca de la C\u00e1mara de Comercio Hispano-Sueca <\/strong><\/p>\n<p>La C\u00e1mara de Comercio Hispano-Sueca es una asociaci\u00f3n privada e independiente, sin fines lucrativos que tiene como objetivo fomentar las relaciones comerciales y culturales entre Espa\u00f1a y Suecia. La C\u00e1mara, ubicada en Madrid, se constituy\u00f3 en el a\u00f1o 1950. Adem\u00e1s de su sede central, cuenta con una red de delegados en las provincias de Valencia, Costa Blanca-Alicante, Costa del Sol-M\u00e1laga, Sevilla-Huelva, Pa\u00eds Vasco y en Suecia.<span style=\"font-size: 18.432px;\">\u00a0<\/span><\/p>\n<p>La C\u00e1mara ofrece una plataforma \u00fanica en el \u00e1mbito empresarial hispano sueco, dando lugar a un intercambio comercial, social y cultural a trav\u00e9s de oportunidades de negocio, difusi\u00f3n de conocimiento y una amplia red de contactos. Los socios se componen de multinacionales y pymes suecas y espa\u00f1olas, representando a la mayor parte de los sectores empresariales, as\u00ed como instituciones y asociaciones de ambos pa\u00edses. Las empresas representan un 72 % de los asociados, de las cuales el 70 % son suecas y el 30 % son espa\u00f1olas, el otro 28 % est\u00e1 formado por particulares con intereses bilaterales.<\/p>\n<\/div><\/div><\/div><\/div><\/div><div class=\"et_pb_section_2 et_pb_section et_section_regular et_block_section\"><div class=\"et_pb_row_3 et_pb_row et_block_row\"><div class=\"et_pb_column_4 et_pb_column et_pb_column_1_2 et_block_column et_pb_css_mix_blend_mode_passthrough\"><div class=\"et_pb_image_1 et_pb_image et_pb_module et_block_module\"><span class=\"et_pb_image_wrap\"><img loading=\"lazy\" decoding=\"async\" src=\"https:\/\/stage.fincasolmark.com\/wp-content\/uploads\/2019\/10\/finca_solmark_i_jornada_puertas_abiertas_casita_rural.jpg\" width=\"800\" height=\"643\" srcset=\"https:\/\/stage.fincasolmark.com\/wp-content\/uploads\/2019\/10\/finca_solmark_i_jornada_puertas_abiertas_casita_rural.jpg 800w, https:\/\/stage.fincasolmark.com\/wp-content\/uploads\/2019\/10\/finca_solmark_i_jornada_puertas_abiertas_casita_rural-480x386.jpg 480w\" sizes=\"(min-width: 0px) and (max-width: 480px) 480px, (min-width: 481px) 800px, 100vw\" class=\"wp-image-242400\" \/><\/span><\/div><\/div><div class=\"et_pb_column_5 et_pb_column et_pb_column_1_2 et-last-child et_block_column et_pb_css_mix_blend_mode_passthrough\"><div class=\"et_pb_text_4 et_pb_text et_pb_bg_layout_light et_pb_module et_block_module\"><div class=\"et_pb_text_inner\"><p><strong>SOBRE FINCA SOLMARK<\/strong><\/p>\n<p><strong><em>Finca Solmark<\/em><\/strong><em><span>\u00a0<\/span>es un<strong><span>\u00a0<\/span>EcoTurismo Rural<\/strong> de origen hispano-sueco que se dedica a la fabricaci\u00f3n, comercializaci\u00f3n y exportaci\u00f3n\u00a0de aceite de oliva, aguacate y otros productos ecol\u00f3gicos a Europa.\u00a0Dispone de un alojamiento rural con encanto y de varios proyectos de concienciaci\u00f3n, divulgaci\u00f3n y educaci\u00f3n medioambiental.<\/em><\/p>\n<p>&nbsp;<\/p>\n<p><strong>Web:<\/strong><span>\u00a0<\/span><a href=\"https:\/\/stage.fincasolmark.com\/\">https:\/\/stage.fincasolmark.com\/<\/a><\/p>\n<p><strong>E-mail:<\/strong><span>\u00a0<\/span><a href=\"mailto:hi@fincasolmark.com\">hi@fincasolmark.com<\/a><\/p>\n<\/div><\/div><\/div><\/div><\/div>\n","protected":false},"excerpt":{"rendered":"<p>La C\u00e1mara de Comercio Hispano-Sueca, fundada en 1950 y con m\u00e1s de 200 socios en Espa\u00f1a, ha nombrado a Pelle Lundborg nuevo Delegado en la Costa del Sol. Ha sido designado por la Presidenta de la instituci\u00f3n, Luisa Alli, y los dem\u00e1s miembros de la Junta Directiva, sucediendo en el puesto a Mats Bj\u00f6rkman, quien lo desempe\u00f1aba hasta ahora. Lundborg reportar\u00e1 a Anna Fransson, Directora General de la C\u00e1mara. <\/p>\n","protected":false},"author":1,"featured_media":249032,"comment_status":"closed","ping_status":"closed","sticky":false,"template":"","format":"standard","meta":{"footnotes":""},"categories":[99],"tags":[],"class_list":["post-249029","post","type-post","status-publish","format-standard","has-post-thumbnail","hentry","category-alianzas"],"_links":{"self":[{"href":"https:\/\/stage.fincasolmark.com\/es\/wp-json\/wp\/v2\/posts\/249029","targetHints":{"allow":["GET"]}}],"collection":[{"href":"https:\/\/stage.fincasolmark.com\/es\/wp-json\/wp\/v2\/posts"}],"about":[{"href":"https:\/\/stage.fincasolmark.com\/es\/wp-json\/wp\/v2\/types\/post"}],"author":[{"embeddable":true,"href":"https:\/\/stage.fincasolmark.com\/es\/wp-json\/wp\/v2\/users\/1"}],"replies":[{"embeddable":true,"href":"https:\/\/stage.fincasolmark.com\/es\/wp-json\/wp\/v2\/comments?post=249029"}],"version-history":[{"count":2,"href":"https:\/\/stage.fincasolmark.com\/es\/wp-json\/wp\/v2\/posts\/249029\/revisions"}],"predecessor-version":[{"id":380655,"href":"https:\/\/stage.fincasolmark.com\/es\/wp-json\/wp\/v2\/posts\/249029\/revisions\/380655"}],"wp:featuredmedia":[{"embeddable":true,"href":"https:\/\/stage.fincasolmark.com\/es\/wp-json\/wp\/v2\/media\/249032"}],"wp:attachment":[{"href":"https:\/\/stage.fincasolmark.com\/es\/wp-json\/wp\/v2\/media?parent=249029"}],"wp:term":[{"taxonomy":"category","embeddable":true,"href":"https:\/\/stage.fincasolmark.com\/es\/wp-json\/wp\/v2\/categories?post=249029"},{"taxonomy":"post_tag","embeddable":true,"href":"https:\/\/stage.fincasolmark.com\/es\/wp-json\/wp\/v2\/tags?post=249029"}],"curies":[{"name":"wp","href":"https:\/\/api.w.org\/{rel}","templated":true}]}}