{"id":245834,"date":"2019-10-14T10:01:40","date_gmt":"2019-10-14T10:01:40","guid":{"rendered":"https:\/\/stage.fincasolmark.com\/mer-an-400-personer-besokte-finca-solmark-under-deras-forsta-oppet-hus-om-miljo-ekologi-och-hallbar-turism\/"},"modified":"2020-01-29T10:05:00","modified_gmt":"2020-01-29T10:05:00","slug":"mer-an-400-personer-besokte-finca-solmark-under-deras-forsta-oppet-hus-om-miljo-ekologi-och-hallbar-turism","status":"publish","type":"post","link":"https:\/\/stage.fincasolmark.com\/sv\/mer-an-400-personer-besokte-finca-solmark-under-deras-forsta-oppet-hus-om-miljo-ekologi-och-hallbar-turism\/","title":{"rendered":"Mer \u00e4n 400 personer bes\u00f6kte Finca Solmark under deras f\u00f6rsta \u00d6ppet hus om milj\u00f6, ekologi och h\u00e5llbar turism"},"content":{"rendered":"<p>[et_pb_section fb_built=&#8221;1&#8243; custom_padding_last_edited=&#8221;on|desktop&#8221; _builder_version=&#8221;3.29.3&#8243; background_color=&#8221;#ffffff&#8221; background_image=&#8221;https:\/\/stage.fincasolmark.com\/wp-content\/uploads\/2019\/10\/finca_solmark_i_jornada_puertas_abiertas_medioambiente_ecologia_turismo_cab.jpg&#8221; parallax=&#8221;on&#8221; width=&#8221;100%&#8221; max_width=&#8221;100%&#8221; custom_padding=&#8221;||386px|||&#8221; custom_padding_tablet=&#8221;50px|0|226px|0||&#8221; custom_padding_phone=&#8221;50px|0|130px|0||&#8221;][\/et_pb_section][et_pb_section fb_built=&#8221;1&#8243; custom_padding_last_edited=&#8221;on|phone&#8221; admin_label=&#8221;Section&#8221; _builder_version=&#8221;3.29.3&#8243; background_enable_color=&#8221;off&#8221; custom_padding=&#8221;||3px|||&#8221; custom_padding_tablet=&#8221;50px|0|0px|0|false|false&#8221; custom_padding_phone=&#8221;&#8221; transparent_background=&#8221;off&#8221; make_fullwidth=&#8221;off&#8221; use_custom_width=&#8221;off&#8221; width_unit=&#8221;on&#8221;][et_pb_row column_structure=&#8221;1_3,2_3&#8243; padding_mobile=&#8221;on&#8221; column_padding_mobile=&#8221;on&#8221; admin_label=&#8221;row&#8221; _builder_version=&#8221;3.25&#8243; background_size=&#8221;initial&#8221; background_position=&#8221;top_left&#8221; background_repeat=&#8221;repeat&#8221; custom_padding=&#8221;0px||5px|||&#8221; make_fullwidth=&#8221;off&#8221; use_custom_width=&#8221;off&#8221; width_unit=&#8221;on&#8221;][et_pb_column type=&#8221;1_3&#8243; _builder_version=&#8221;3.25&#8243; custom_padding=&#8221;|||&#8221; custom_padding__hover=&#8221;|||&#8221;][et_pb_text admin_label=&#8221;Text&#8221; _builder_version=&#8221;3.29.3&#8243; text_font=&#8221;||||||||&#8221; text_text_color=&#8221;#323232&#8243; text_font_size=&#8221;5vw&#8221; text_line_height=&#8221;1.1em&#8221; background_size=&#8221;initial&#8221; background_position=&#8221;top_left&#8221; background_repeat=&#8221;repeat&#8221; custom_margin=&#8221;0px||0px|&#8221; text_font_size_tablet=&#8221;9vw&#8221; text_font_size_phone=&#8221;13vw&#8221; text_font_size_last_edited=&#8221;on|desktop&#8221; use_border_color=&#8221;off&#8221; border_color=&#8221;#ffffff&#8221; border_style=&#8221;solid&#8221;]<\/p>\n<p>14<\/p>\n<p>[\/et_pb_text][et_pb_divider color=&#8221;#aeaeac&#8221; admin_label=&#8221;Divider&#8221; _builder_version=&#8221;3.2&#8243; custom_css_main_element=&#8221;width:20px;&#8221; hide_on_mobile=&#8221;off&#8221;][\/et_pb_divider][et_pb_text admin_label=&#8221;Text&#8221; _builder_version=&#8221;3.29.3&#8243; text_font=&#8221;|700|||||||&#8221; text_text_color=&#8221;#363636&#8243; text_font_size=&#8221;18&#8243; background_size=&#8221;initial&#8221; background_position=&#8221;top_left&#8221; background_repeat=&#8221;repeat&#8221; custom_margin=&#8221;-10px||0px|&#8221; use_border_color=&#8221;off&#8221; border_color=&#8221;#ffffff&#8221; border_style=&#8221;solid&#8221;]Oktober, 2019[\/et_pb_text][\/et_pb_column][et_pb_column type=&#8221;2_3&#8243; _builder_version=&#8221;3.25&#8243; custom_padding=&#8221;|||&#8221; custom_padding__hover=&#8221;|||&#8221;][et_pb_text admin_label=&#8221;Text&#8221; _builder_version=&#8221;3.29.3&#8243; text_font=&#8221;Libre Franklin||||||||&#8221; text_text_color=&#8221;#02b875&#8243; header_font=&#8221;Libre Franklin||||||||&#8221; header_text_color=&#8221;#ad9a6b&#8221; background_size=&#8221;initial&#8221; background_position=&#8221;top_left&#8221; background_repeat=&#8221;repeat&#8221; min_height=&#8221;45px&#8221; custom_margin=&#8221;20px||-10px|||&#8221; custom_padding=&#8221;||0px|||&#8221; use_border_color=&#8221;off&#8221; border_color=&#8221;#ffffff&#8221; border_style=&#8221;solid&#8221;]<\/p>\n<h1><strong>Mer \u00e4n 400 personer bes\u00f6kte Finca Solmark under deras f\u00f6rsta \u00d6ppet hus om milj\u00f6, ekologi och h\u00e5llbar turism<\/strong><\/h1>\n<p>[\/et_pb_text][et_pb_text admin_label=&#8221;Text&#8221; _builder_version=&#8221;3.29.3&#8243; text_font=&#8221;||||||||&#8221; text_text_color=&#8221;#363636&#8243; text_font_size=&#8221;1.2vw&#8221; text_line_height=&#8221;1.4em&#8221; header_2_font_size=&#8221;1.7vw&#8221; background_size=&#8221;initial&#8221; background_position=&#8221;top_left&#8221; background_repeat=&#8221;repeat&#8221; custom_margin=&#8221;10px||0px|&#8221; custom_padding=&#8221;0px||0px|||&#8221; text_font_size_tablet=&#8221;2.3vw&#8221; text_font_size_phone=&#8221;3.7vw&#8221; text_font_size_last_edited=&#8221;on|phone&#8221; header_2_font_size_tablet=&#8221;2.7vw&#8221; header_2_font_size_phone=&#8221;2.8vw&#8221; header_2_font_size_last_edited=&#8221;on|phone&#8221; use_border_color=&#8221;off&#8221; border_color=&#8221;#ffffff&#8221; border_style=&#8221;solid&#8221;]<\/p>\n<h2>Eventet som gick av stapeln 5 oktober bes\u00f6ktes av Malagas provinspresident, DJ. Francisco Salado och borgm\u00e4starinnan i Carratraca, Francisca Jim\u00e9nez Morilla<\/h2>\n<p>[\/et_pb_text][et_pb_divider _builder_version=&#8221;3.29.2&#8243; custom_margin=&#8221;||-7px|||&#8221;][\/et_pb_divider][\/et_pb_column][\/et_pb_row][et_pb_row padding_mobile=&#8221;on&#8221; column_padding_mobile=&#8221;on&#8221; admin_label=&#8221;row&#8221; _builder_version=&#8221;3.25&#8243; background_size=&#8221;initial&#8221; background_position=&#8221;top_left&#8221; background_repeat=&#8221;repeat&#8221; custom_padding=&#8221;0px|||&#8221; make_fullwidth=&#8221;off&#8221; use_custom_width=&#8221;off&#8221; width_unit=&#8221;on&#8221;][et_pb_column type=&#8221;4_4&#8243; _builder_version=&#8221;3.25&#8243; custom_padding=&#8221;|||&#8221; custom_padding__hover=&#8221;|||&#8221;][et_pb_text admin_label=&#8221;Text&#8221; _builder_version=&#8221;3.29.3&#8243; text_font=&#8221;||||||||&#8221; text_text_color=&#8221;#363636&#8243; text_font_size=&#8221;1.2vw&#8221; text_line_height=&#8221;1.4em&#8221; background_size=&#8221;initial&#8221; background_position=&#8221;top_left&#8221; background_repeat=&#8221;repeat&#8221; custom_margin=&#8221;10px||0px|&#8221; custom_padding=&#8221;25px||5px|||&#8221; text_font_size_tablet=&#8221;2.3vw&#8221; text_font_size_phone=&#8221;3.7vw&#8221; text_font_size_last_edited=&#8221;on|phone&#8221; use_border_color=&#8221;off&#8221; border_color=&#8221;#ffffff&#8221; border_style=&#8221;solid&#8221;]<b><span style=\"color: #000000;\">Finca Solmark<\/span><\/b>, ekoturism p\u00e5 landsbygden med spansk-svenskt ursprung som satsar p\u00e5 ekologi, milj\u00f6v\u00e5rd och naturaktiviteter, hade sitt\u00a0<b>f\u00f6rsta \u00d6ppet hus den 5 oktober\u00a0<\/b>kl 11:00h i sina installationer i\u00a0<b>Carratraca, M\u00e1laga.<\/b>[\/et_pb_text][et_pb_text admin_label=&#8221;Text&#8221; _builder_version=&#8221;3.29.3&#8243; text_font=&#8221;||||||||&#8221; text_text_color=&#8221;#363636&#8243; text_font_size=&#8221;1.2vw&#8221; text_line_height=&#8221;1.4em&#8221; background_size=&#8221;initial&#8221; background_position=&#8221;top_left&#8221; background_repeat=&#8221;repeat&#8221; custom_margin=&#8221;10px||-5px|||&#8221; custom_padding=&#8221;12px||23px|||&#8221; text_font_size_tablet=&#8221;2.3vw&#8221; text_font_size_phone=&#8221;3.7vw&#8221; text_font_size_last_edited=&#8221;on|phone&#8221; use_border_color=&#8221;off&#8221; border_color=&#8221;#ffffff&#8221; border_style=&#8221;solid&#8221;]Syftet med aktiviteten var att g\u00f6ra g\u00e5rden k\u00e4nd, uppmuntra inv\u00e5narna i Carratracas och angr\u00e4nsande byar att tillbringa en dag i naturen med sina familjer och v\u00e4nner, delta i aktiviteterna som anordnades, provsmaka produkter fr\u00e5n omr\u00e5det och, framf\u00f6r allt, uppleva i f\u00f6rsta person g\u00e5rdens essens.[\/et_pb_text][\/et_pb_column][\/et_pb_row][et_pb_row column_structure=&#8221;1_2,1_2&#8243; _builder_version=&#8221;3.29.3&#8243;][et_pb_column type=&#8221;1_2&#8243; _builder_version=&#8221;3.29.3&#8243;][et_pb_image src=&#8221;https:\/\/stage.fincasolmark.com\/wp-content\/uploads\/2019\/10\/finca_solmark_i_jornada_puertas_abiertas_medioambiente_ecologia_turismo_13.jpg&#8221; _builder_version=&#8221;3.29.3&#8243; box_shadow_style=&#8221;preset1&#8243;][\/et_pb_image][\/et_pb_column][et_pb_column type=&#8221;1_2&#8243; _builder_version=&#8221;3.29.3&#8243;][et_pb_text admin_label=&#8221;Text&#8221; _builder_version=&#8221;3.29.3&#8243; text_font=&#8221;||||||||&#8221; text_text_color=&#8221;#363636&#8243; text_font_size=&#8221;1.2vw&#8221; text_line_height=&#8221;1.4em&#8221; background_size=&#8221;initial&#8221; background_position=&#8221;top_left&#8221; background_repeat=&#8221;repeat&#8221; custom_margin=&#8221;30%||0px||false|false&#8221; custom_margin_tablet=&#8221;0%||||false|false&#8221; custom_margin_phone=&#8221;&#8221; custom_margin_last_edited=&#8221;on|desktop&#8221; custom_padding=&#8221;0px||0px||false|false&#8221; text_font_size_tablet=&#8221;2.3vw&#8221; text_font_size_phone=&#8221;3.7vw&#8221; text_font_size_last_edited=&#8221;on|phone&#8221; use_border_color=&#8221;off&#8221; border_color=&#8221;#ffffff&#8221; border_style=&#8221;solid&#8221;]<b><i><span style=\"color: #000000;\">\u201cDet ligger i v\u00e5ra gener att vara ett socialt ansvarsfullt f\u00f6retag och en f\u00f6r\u00e4ndringsagent d\u00e5 v\u00e5rt projekt har en viktig p\u00e5verkan b\u00e5de socialt och p\u00e5 milj\u00f6n\u201d<\/span><\/i><\/b>, p\u00e5pekade \u00e4garen och grundaren, svensken Pelle Lundborg.[\/et_pb_text][\/et_pb_column][\/et_pb_row][et_pb_row column_padding_mobile=&#8221;on&#8221; custom_padding_last_edited=&#8221;on|desktop&#8221; admin_label=&#8221;Row&#8221; _builder_version=&#8221;3.29.3&#8243; background_size=&#8221;initial&#8221; background_position=&#8221;top_left&#8221; background_repeat=&#8221;repeat&#8221; custom_margin_tablet=&#8221;&#8221; custom_margin_phone=&#8221;&#8221; custom_margin_last_edited=&#8221;on|phone&#8221; custom_padding=&#8221;0px||||false|false&#8221; custom_padding_tablet=&#8221;0px||||false|false&#8221; custom_padding_phone=&#8221;&#8221; make_fullwidth=&#8221;off&#8221; use_custom_width=&#8221;off&#8221; width_unit=&#8221;on&#8221;][et_pb_column type=&#8221;4_4&#8243; _builder_version=&#8221;3.25&#8243; custom_padding=&#8221;|||&#8221; custom_padding__hover=&#8221;|||&#8221;][et_pb_text admin_label=&#8221;Text&#8221; _builder_version=&#8221;3.29.3&#8243; text_font=&#8221;||||||||&#8221; text_text_color=&#8221;#363636&#8243; text_font_size=&#8221;1.2vw&#8221; text_line_height=&#8221;1.4em&#8221; background_size=&#8221;initial&#8221; background_position=&#8221;top_left&#8221; background_repeat=&#8221;repeat&#8221; custom_margin=&#8221;10px||0px|&#8221; custom_margin_tablet=&#8221;0px||||false|false&#8221; custom_margin_phone=&#8221;&#8221; custom_margin_last_edited=&#8221;on|phone&#8221; custom_padding=&#8221;6px||25px||false|false&#8221; custom_padding_tablet=&#8221;||30px||false|false&#8221; custom_padding_phone=&#8221;||30px||false|false&#8221; custom_padding_last_edited=&#8221;on|tablet&#8221; text_font_size_tablet=&#8221;2.3vw&#8221; text_font_size_phone=&#8221;3.7vw&#8221; text_font_size_last_edited=&#8221;on|phone&#8221; use_border_color=&#8221;off&#8221; border_color=&#8221;#ffffff&#8221; border_style=&#8221;solid&#8221;]Denna dag med \u00d6ppet hus var dessutom en utm\u00e4rkt\u00a0<strong>chans f\u00f6r de lokala f\u00f6retagen i omr\u00e5<\/strong>det att synas och att l\u00e5ta bes\u00f6karna, direkt fr\u00e5n dessa, bilda sig en uppfattning om\u00a0<strong>produkterna, tj\u00e4nsterna och tendenserna i jordbrukssektorn.<\/strong>\u00a0Solmark hade bl.a. deltagare fr\u00e5n f\u00f6retag inom h\u00e5llbar landsbygdsturism (<strong>Galeota Turism, Carratraca Rural<\/strong>), ekokonstruktioner (<strong>Gronkode<\/strong>), milj\u00f6utbildning (UMA), jordbruksmaskiner (<strong>Agr\u00edcola Nevada<\/strong>), f\u00f6rnybar energi (<strong>Campohelios<\/strong>), bonsaikonst (<strong>Universo Bonsai<\/strong>), hembakat br\u00f6d (Piquitos Rubio) och v\u00e4lm\u00e5ende och personlig tillv\u00e4xt (<strong>Book for Wellness<\/strong>).[\/et_pb_text][et_pb_image src=&#8221;https:\/\/stage.fincasolmark.com\/wp-content\/uploads\/2019\/10\/finca_solmark_i_jornada_puertas_abiertas_medioambiente_ecologia_turismo_02.jpg&#8221; show_bottom_space=&#8221;off&#8221; align=&#8221;center&#8221; align_tablet=&#8221;center&#8221; align_phone=&#8221;&#8221; align_last_edited=&#8221;on|desktop&#8221; admin_label=&#8221;Image&#8221; _builder_version=&#8221;3.29.3&#8243; animation_style=&#8221;fade&#8221; animation_duration=&#8221;500ms&#8221; box_shadow_style=&#8221;preset1&#8243; use_border_color=&#8221;off&#8221; border_color=&#8221;#ffffff&#8221; border_style=&#8221;solid&#8221; animation=&#8221;fade_in&#8221; sticky=&#8221;on&#8221; always_center_on_mobile=&#8221;on&#8221;][\/et_pb_image][\/et_pb_column][\/et_pb_row][et_pb_row _builder_version=&#8221;3.29.3&#8243;][et_pb_column type=&#8221;4_4&#8243; _builder_version=&#8221;3.29.3&#8243;][et_pb_text admin_label=&#8221;Text&#8221; _builder_version=&#8221;3.29.3&#8243; text_font=&#8221;||||||||&#8221; text_text_color=&#8221;#363636&#8243; text_font_size=&#8221;1.2vw&#8221; text_line_height=&#8221;1.4em&#8221; background_size=&#8221;initial&#8221; background_position=&#8221;top_left&#8221; background_repeat=&#8221;repeat&#8221; custom_margin=&#8221;10px||0px|&#8221; text_font_size_tablet=&#8221;2.3vw&#8221; text_font_size_phone=&#8221;3.7vw&#8221; text_font_size_last_edited=&#8221;on|phone&#8221; use_border_color=&#8221;off&#8221; border_color=&#8221;#ffffff&#8221; border_style=&#8221;solid&#8221;]Under dagen h\u00f6lls flera praktiska aktiviteter, fr\u00e5n\u00a0<strong>\u201dWorkshop om vattenlarver\u201d\u00a0<\/strong>, f\u00f6r att visa de allra minsta insekternas livscykel, till provsmakning av deras jungfruolivoljor eller bes\u00f6k p\u00e5 en utst\u00e4llning med mineraler som uppf\u00f6rts av genetikprofessorn p\u00e5 universitetet i M\u00e1laga, Dr. Enrique Viguera och utl\u00e5nad av \u201d<strong>M\u00f6ten med vetenskapen\u201d\u00a0<\/strong>dagen till \u00e4ra.[\/et_pb_text][\/et_pb_column][\/et_pb_row][et_pb_row column_structure=&#8221;1_2,1_2&#8243; _builder_version=&#8221;3.29.3&#8243;][et_pb_column type=&#8221;1_2&#8243; _builder_version=&#8221;3.29.3&#8243;][et_pb_image src=&#8221;https:\/\/stage.fincasolmark.com\/wp-content\/uploads\/2019\/10\/finca_solmark_i_jornada_puertas_abiertas_medioambiente_ecologia_turismo_14.jpg&#8221; _builder_version=&#8221;3.29.3&#8243; box_shadow_style=&#8221;preset1&#8243;][\/et_pb_image][\/et_pb_column][et_pb_column type=&#8221;1_2&#8243; _builder_version=&#8221;3.29.3&#8243;][et_pb_image src=&#8221;https:\/\/stage.fincasolmark.com\/wp-content\/uploads\/2019\/10\/finca_solmark_i_jornada_puertas_abiertas_medioambiente_ecologia_turismo_15.jpg&#8221; _builder_version=&#8221;3.29.3&#8243; box_shadow_style=&#8221;preset1&#8243;][\/et_pb_image][\/et_pb_column][\/et_pb_row][et_pb_row padding_mobile=&#8221;on&#8221; column_padding_mobile=&#8221;on&#8221; admin_label=&#8221;row&#8221; _builder_version=&#8221;3.25&#8243; background_size=&#8221;initial&#8221; background_position=&#8221;top_left&#8221; background_repeat=&#8221;repeat&#8221; custom_padding=&#8221;0px|||&#8221; make_fullwidth=&#8221;off&#8221; use_custom_width=&#8221;off&#8221; width_unit=&#8221;on&#8221;][et_pb_column type=&#8221;4_4&#8243; _builder_version=&#8221;3.25&#8243; custom_padding=&#8221;|||&#8221; custom_padding__hover=&#8221;|||&#8221;][et_pb_text admin_label=&#8221;Text&#8221; _builder_version=&#8221;3.29.3&#8243; text_font=&#8221;||||||||&#8221; text_text_color=&#8221;#363636&#8243; text_font_size=&#8221;1.2vw&#8221; text_line_height=&#8221;1.4em&#8221; background_size=&#8221;initial&#8221; background_position=&#8221;top_left&#8221; background_repeat=&#8221;repeat&#8221; custom_margin=&#8221;10px||0px|&#8221; text_font_size_tablet=&#8221;2.3vw&#8221; text_font_size_phone=&#8221;3.7vw&#8221; text_font_size_last_edited=&#8221;on|phone&#8221; use_border_color=&#8221;off&#8221; border_color=&#8221;#ffffff&#8221; border_style=&#8221;solid&#8221;]F\u00f6rutom att vara ett landsbygdsboende med charm, vill Solmark\u00a0<strong>fr\u00e4mja bytet fr\u00e5n konventionellt jordbruk till ett ekologiskt och h\u00e5llbart jordbruk,\u00a0<\/strong>samt st\u00f6tta den ekologiska turismen i Andalusien. D\u00e4rf\u00f6r bidrar man med l\u00f6sningar p\u00e5 landsbygdens avbefolkningsproblem i omr\u00e5det (aktiviteter, workshops, event och f\u00f6rel\u00e4sningar) och visar nya progressiva id\u00e9er f\u00f6r att v\u00e5rda och respektera milj\u00f6n. Under eventet visades n\u00e5gra av de kommande initiativen som h\u00e5ller p\u00e5 att organiseras, s\u00e5 som\u00a0<strong>\u201dSk\u00f6rdefesten f\u00f6r\u00a0<\/strong><a href=\"https:\/\/stage.fincasolmark.com\/adoptera-ett-olivtrad\/\"><strong>Adoption av olivtr\u00e4d<\/strong><\/a><strong>\u201d som firas den 23 november.<\/strong>[\/et_pb_text][et_pb_text admin_label=&#8221;Text&#8221; _builder_version=&#8221;3.29.3&#8243; text_font=&#8221;||||||||&#8221; text_text_color=&#8221;#363636&#8243; text_font_size=&#8221;1.2vw&#8221; text_line_height=&#8221;1.4em&#8221; background_size=&#8221;initial&#8221; background_position=&#8221;top_left&#8221; background_repeat=&#8221;repeat&#8221; custom_margin=&#8221;10px||0px|&#8221; text_font_size_tablet=&#8221;2.3vw&#8221; text_font_size_phone=&#8221;3.7vw&#8221; text_font_size_last_edited=&#8221;on|phone&#8221; use_border_color=&#8221;off&#8221; border_color=&#8221;#ffffff&#8221; border_style=&#8221;solid&#8221;]Detta f\u00f6rsta \u00d6ppet hus sammanfaller med att Finca Solmark ansluter sig till\u00a0<a href=\"https:\/\/foretica.org\/\"><strong>For\u00e9tica<\/strong><\/a>, en referensorganisation inom h\u00e5llbarhet och f\u00f6retags sociala ansvarstagande, vars uppgift \u00e4r att integrera de sociala aspekterna, milj\u00f6aspekterna och god styrning inom strategi och ledning av f\u00f6retag och organisationer.[\/et_pb_text][\/et_pb_column][\/et_pb_row][et_pb_row column_structure=&#8221;1_2,1_2&#8243; _builder_version=&#8221;3.29.3&#8243; custom_margin_tablet=&#8221;&#8221; custom_margin_phone=&#8221;&#8221; custom_margin_last_edited=&#8221;on|phone&#8221; custom_padding=&#8221;||0px||false|false&#8221;][et_pb_column type=&#8221;1_2&#8243; _builder_version=&#8221;3.29.3&#8243;][et_pb_image src=&#8221;https:\/\/stage.fincasolmark.com\/wp-content\/uploads\/2019\/10\/finca_solmark_i_jornada_puertas_abiertas_medioambiente_ecologia_turismo_08.jpg&#8221; _builder_version=&#8221;3.29.3&#8243; box_shadow_style=&#8221;preset1&#8243;][\/et_pb_image][\/et_pb_column][et_pb_column type=&#8221;1_2&#8243; _builder_version=&#8221;3.29.3&#8243;][et_pb_text admin_label=&#8221;Text&#8221; _builder_version=&#8221;3.29.3&#8243; text_font=&#8221;||||||||&#8221; text_text_color=&#8221;#363636&#8243; text_font_size=&#8221;1.2vw&#8221; text_line_height=&#8221;1.4em&#8221; background_size=&#8221;initial&#8221; background_position=&#8221;top_left&#8221; background_repeat=&#8221;repeat&#8221; custom_margin=&#8221;10px||0px|&#8221; custom_padding=&#8221;1px||23px|||&#8221; text_font_size_tablet=&#8221;2.3vw&#8221; text_font_size_phone=&#8221;3.7vw&#8221; text_font_size_last_edited=&#8221;on|phone&#8221; use_border_color=&#8221;off&#8221; border_color=&#8221;#ffffff&#8221; border_style=&#8221;solid&#8221;]Med Lundbergs egna ord, <strong><em>\u201ddet \u00e4r inte l\u00e4tt att uttrycka i ord vad g\u00e5rden \u00e4r, men h\u00e4r kan du koppla av mitt i naturen, adoptera ett olivtr\u00e4d, plantera ett avokadotr\u00e4d, plocka ekologisk frukt i tr\u00e4dg\u00e5rdslandet, bes\u00f6ka insektshotell, ta dig till n\u00e5got av de vackra h\u00f6rnen f\u00f6r att meditera, njuta av jungfruolivoljan som vi tillverkar eller anm\u00e4la dig till n\u00e5gon av st\u00e4dnings- \u00e5tervinningsaktiviteterna vi organiserar, f\u00f6r att ge n\u00e5gra exempel. Det viktigaste \u00e4r att plantera milj\u00f6medvetenhet och att folk f\u00f6rst\u00e5r att vi alla \u00e4r ansvariga f\u00f6r att v\u00e5rda planeten, inte minst vi sj\u00e4lva. M\u00e5nga pratar och tittar men g\u00f6r ingenting, de kommer inte till handling\u201d.<\/em><\/strong>[\/et_pb_text][\/et_pb_column][\/et_pb_row][et_pb_row column_structure=&#8221;1_2,1_2&#8243; _builder_version=&#8221;3.29.3&#8243; custom_padding=&#8221;4px|||||&#8221;][et_pb_column type=&#8221;1_2&#8243; _builder_version=&#8221;3.29.3&#8243;][et_pb_text admin_label=&#8221;Text&#8221; _builder_version=&#8221;3.29.3&#8243; text_font=&#8221;||||||||&#8221; text_text_color=&#8221;#363636&#8243; text_font_size=&#8221;1.2vw&#8221; text_line_height=&#8221;1.4em&#8221; background_size=&#8221;initial&#8221; background_position=&#8221;top_left&#8221; background_repeat=&#8221;repeat&#8221; custom_margin=&#8221;10px||0px|&#8221; custom_padding=&#8221;25px||23px|||&#8221; custom_padding_tablet=&#8221;0px||10px||false|false&#8221; custom_padding_phone=&#8221;&#8221; custom_padding_last_edited=&#8221;on|phone&#8221; text_font_size_tablet=&#8221;2.3vw&#8221; text_font_size_phone=&#8221;3.7vw&#8221; text_font_size_last_edited=&#8221;on|phone&#8221; use_border_color=&#8221;off&#8221; border_color=&#8221;#ffffff&#8221; border_style=&#8221;solid&#8221;]Under dagen planterade vi en korkek till Candela Arroyos \u00e4ra, en av de idrottare som tillsammans med sitt lag i \u00e5r har blivit Spanska m\u00e4stare i strandhandboll i kategorin flickor juvenil\u201d.[\/et_pb_text][\/et_pb_column][et_pb_column type=&#8221;1_2&#8243; _builder_version=&#8221;3.29.3&#8243;][et_pb_image src=&#8221;https:\/\/stage.fincasolmark.com\/wp-content\/uploads\/2019\/10\/finca_solmark_i_jornada_puertas_abiertas_medioambiente_ecologia_turismo_04.jpg&#8221; _builder_version=&#8221;3.29.3&#8243;][\/et_pb_image][\/et_pb_column][\/et_pb_row][\/et_pb_section][et_pb_section fb_built=&#8221;1&#8243; _builder_version=&#8221;3.22.7&#8243; custom_padding=&#8221;20px||4px|||&#8221; bottom_divider_flip=&#8221;vertical&#8221;][et_pb_row use_custom_gutter=&#8221;on&#8221; gutter_width=&#8221;1&#8243; make_equal=&#8221;on&#8221; _builder_version=&#8221;3.25&#8243; width=&#8221;90%&#8221; max_width=&#8221;90%&#8221; custom_padding=&#8221;27px||62px|||&#8221;][et_pb_column type=&#8221;4_4&#8243; _builder_version=&#8221;3.25&#8243; custom_padding=&#8221;|||&#8221; custom_padding__hover=&#8221;|||&#8221;][et_pb_gallery gallery_ids=&#8221;242838,242841,242834,242831,242828,242825,242850,242861,242853,242858,242864,242867&#8243; posts_number=&#8221;100&#8243; show_title_and_caption=&#8221;off&#8221; hover_icon=&#8221;%%52%%&#8221; module_class=&#8221;galeria-carratraca&#8221; _builder_version=&#8221;3.29.3&#8243; title_font=&#8221;Libre Baskerville||||||||&#8221; title_font_size=&#8221;16px&#8221; text_orientation=&#8221;center&#8221; title_font_size_tablet=&#8221;13px&#8221; title_font_size_phone=&#8221;8px&#8221; title_font_size_last_edited=&#8221;on|phone&#8221; custom_css_overlay_icon__hover_enabled=&#8221;off&#8221;][\/et_pb_gallery][\/et_pb_column][\/et_pb_row][\/et_pb_section][et_pb_section fb_built=&#8221;1&#8243; _builder_version=&#8221;3.29.3&#8243; custom_margin_tablet=&#8221;&#8221; custom_margin_phone=&#8221;&#8221; custom_margin_last_edited=&#8221;on|phone&#8221; custom_padding=&#8221;0px||0px||false|false&#8221;][et_pb_row column_structure=&#8221;1_2,1_2&#8243; _builder_version=&#8221;3.29.3&#8243;][et_pb_column type=&#8221;1_2&#8243; _builder_version=&#8221;3.29.3&#8243;][et_pb_image src=&#8221;https:\/\/stage.fincasolmark.com\/wp-content\/uploads\/2019\/10\/finca_solmark_i_jornada_puertas_abiertas_casita_rural.jpg&#8221; _builder_version=&#8221;3.29.3&#8243; box_shadow_style=&#8221;preset1&#8243;][\/et_pb_image][\/et_pb_column][et_pb_column type=&#8221;1_2&#8243; _builder_version=&#8221;3.29.3&#8243;][et_pb_text _builder_version=&#8221;4.2.1&#8243; text_font=&#8221;||||||||&#8221; text_text_color=&#8221;#363636&#8243; text_font_size=&#8221;1.2vw&#8221; text_line_height=&#8221;1.4em&#8221; background_size=&#8221;initial&#8221; background_position=&#8221;top_left&#8221; background_repeat=&#8221;repeat&#8221; custom_margin=&#8221;10px||0px|&#8221; custom_padding=&#8221;0px|||||&#8221; text_font_size_tablet=&#8221;2.3vw&#8221; text_font_size_phone=&#8221;3.7vw&#8221; text_font_size_last_edited=&#8221;on|phone&#8221;]<\/p>\n<p><strong>OM FINCA SOLMARK<\/strong><\/p>\n<p><strong><em>Finca Solmark<\/em><\/strong><em> \u00e4r en<strong>\u00a0Ekoturism p\u00e5 landsbygden<\/strong>\u00a0med spansk-svenskt ursprung som \u00e4gnar sig \u00e5t framst\u00e4llning, f\u00f6rs\u00e4ljning och export till Europa av olivolja, avokado och andra ekologiska produkter. De har ett charmigt landsbygdsboende med flera projekt inom milj\u00f6medvetande, -f\u00f6rankring och -utbildning.<\/em><\/p>\n<p>&nbsp;<\/p>\n<p><strong>Web:<\/strong>\u00a0<a href=\"https:\/\/stage.fincasolmark.com\/\">https:\/\/stage.fincasolmark.com\/<\/a><\/p>\n<p><strong>E-mail:<\/strong>\u00a0<a href=\"mailto:hi@fincasolmark.com\">hi@fincasolmark.com<\/a><\/p>\n<p>[\/et_pb_text][\/et_pb_column][\/et_pb_row][\/et_pb_section]<\/p>\n","protected":false},"excerpt":{"rendered":"<p>Eventet som gick av stapeln 5 oktober bes\u00f6ktes av Malagas provinspresident, DJ. Francisco Salado och borgm\u00e4starinnan i Carratraca, Francisca Jim\u00e9nez Morilla.<\/p>\n","protected":false},"author":1,"featured_media":242978,"comment_status":"closed","ping_status":"closed","sticky":false,"template":"","format":"standard","meta":{"_et_pb_use_builder":"on","_et_pb_old_content":"","_et_gb_content_width":"","footnotes":""},"categories":[103,93,94,104,1,101],"tags":[],"class_list":["post-245834","post","type-post","status-publish","format-standard","has-post-thumbnail","hentry","category-alimentacion-sv","category-eventos-sv","category-medioambiente-sv","category-salud-bienestar-sv","category-sin-categorizar","category-turismo-rural-sv"],"_links":{"self":[{"href":"https:\/\/stage.fincasolmark.com\/sv\/wp-json\/wp\/v2\/posts\/245834","targetHints":{"allow":["GET"]}}],"collection":[{"href":"https:\/\/stage.fincasolmark.com\/sv\/wp-json\/wp\/v2\/posts"}],"about":[{"href":"https:\/\/stage.fincasolmark.com\/sv\/wp-json\/wp\/v2\/types\/post"}],"author":[{"embeddable":true,"href":"https:\/\/stage.fincasolmark.com\/sv\/wp-json\/wp\/v2\/users\/1"}],"replies":[{"embeddable":true,"href":"https:\/\/stage.fincasolmark.com\/sv\/wp-json\/wp\/v2\/comments?post=245834"}],"version-history":[{"count":0,"href":"https:\/\/stage.fincasolmark.com\/sv\/wp-json\/wp\/v2\/posts\/245834\/revisions"}],"wp:featuredmedia":[{"embeddable":true,"href":"https:\/\/stage.fincasolmark.com\/sv\/wp-json\/wp\/v2\/media\/242978"}],"wp:attachment":[{"href":"https:\/\/stage.fincasolmark.com\/sv\/wp-json\/wp\/v2\/media?parent=245834"}],"wp:term":[{"taxonomy":"category","embeddable":true,"href":"https:\/\/stage.fincasolmark.com\/sv\/wp-json\/wp\/v2\/categories?post=245834"},{"taxonomy":"post_tag","embeddable":true,"href":"https:\/\/stage.fincasolmark.com\/sv\/wp-json\/wp\/v2\/tags?post=245834"}],"curies":[{"name":"wp","href":"https:\/\/api.w.org\/{rel}","templated":true}]}}