{"id":245834,"date":"2019-10-14T10:01:40","date_gmt":"2019-10-14T10:01:40","guid":{"rendered":"https:\/\/stage.fincasolmark.com\/mer-an-400-personer-besokte-finca-solmark-under-deras-forsta-oppet-hus-om-miljo-ekologi-och-hallbar-turism\/"},"modified":"2026-08-13T13:30:52","modified_gmt":"2026-08-13T11:30:52","slug":"mer-an-400-personer-besokte-finca-solmark-under-deras-forsta-oppet-hus-om-miljo-ekologi-och-hallbar-turism","status":"publish","type":"post","link":"https:\/\/stage.fincasolmark.com\/sv\/mer-an-400-personer-besokte-finca-solmark-under-deras-forsta-oppet-hus-om-miljo-ekologi-och-hallbar-turism\/","title":{"rendered":"Mer \u00e4n 400 personer bes\u00f6kte Finca Solmark under deras f\u00f6rsta \u00d6ppet hus om milj\u00f6, ekologi och h\u00e5llbar turism"},"content":{"rendered":"\n<div class=\"et_pb_section_0 et_pb_section et_section_regular et_block_section et_pb_section_parallax\"><span class=\"et-pb-parallax-wrapper\"><span class=\"et-pb-parallax-background et-pb-parallax-background-module--divi-section-0\" style=\"background-image:url(https:\/\/stage.fincasolmark.com\/wp-content\/uploads\/2019\/10\/finca_solmark_i_jornada_puertas_abiertas_medioambiente_ecologia_turismo_cab.jpg)\"><\/span><\/span><\/div><div class=\"et_pb_section_1 et_pb_section et_section_regular et_block_section\"><div class=\"et_pb_row_0 et_pb_row et_block_row\"><div class=\"et_pb_column_0 et_pb_column et_pb_column_1_3 et_block_column et_pb_css_mix_blend_mode_passthrough\"><div class=\"et_pb_text_0 et_pb_text et_pb_bg_layout_light et_pb_module et_block_module\"><div class=\"et_pb_text_inner\"><p>14<\/p>\n<\/div><\/div><div class=\"et_pb_divider_0 et_pb_divider et_pb_space et_pb_divider_position_top et_pb_module\"><div class=\"et_pb_divider_internal\"><\/div><\/div><div class=\"et_pb_text_1 et_pb_text et_pb_bg_layout_light et_pb_module et_block_module\"><div class=\"et_pb_text_inner\"><p>Oktober, 2019<\/p>\n<\/div><\/div><\/div><div class=\"et_pb_column_1 et_pb_column et_pb_column_2_3 et-last-child et_block_column et_pb_css_mix_blend_mode_passthrough\"><div class=\"et_pb_text_2 et_pb_text et_pb_bg_layout_light et_pb_module et_block_module\"><div class=\"et_pb_text_inner\"><h1><strong>Mer \u00e4n 400 personer bes\u00f6kte Finca Solmark under deras f\u00f6rsta \u00d6ppet hus om milj\u00f6, ekologi och h\u00e5llbar turism<\/strong><\/h1>\n<\/div><\/div><div class=\"et_pb_text_3 et_pb_text et_pb_bg_layout_light et_pb_module et_block_module\"><div class=\"et_pb_text_inner\"><h2>Eventet som gick av stapeln 5 oktober bes\u00f6ktes av Malagas provinspresident, DJ. Francisco Salado och borgm\u00e4starinnan i Carratraca, Francisca Jim\u00e9nez Morilla<\/h2>\n<\/div><\/div><div class=\"et_pb_divider_1 et_pb_divider et_pb_space et_pb_divider_position_top et_pb_module\"><div class=\"et_pb_divider_internal\"><\/div><\/div><\/div><\/div><div class=\"et_pb_row_1 et_pb_row et_block_row\"><div class=\"et_pb_column_2 et_pb_column et_pb_column_4_4 et-last-child et_block_column et_pb_css_mix_blend_mode_passthrough\"><div class=\"et_pb_text_4 et_pb_text et_pb_bg_layout_light et_pb_module et_block_module\"><div class=\"et_pb_text_inner\"><p><b><span style=\"color: #000000;\">Finca Solmark<\/span><\/b>, ekoturism p\u00e5 landsbygden med spansk-svenskt ursprung som satsar p\u00e5 ekologi, milj\u00f6v\u00e5rd och naturaktiviteter, hade sitt\u00a0<b>f\u00f6rsta \u00d6ppet hus den 5 oktober\u00a0<\/b>kl 11:00h i sina installationer i\u00a0<b>Carratraca, M\u00e1laga.<\/b><\/p>\n<\/div><\/div><div class=\"et_pb_text_5 et_pb_text et_pb_bg_layout_light et_pb_module et_block_module\"><div class=\"et_pb_text_inner\"><p>Syftet med aktiviteten var att g\u00f6ra g\u00e5rden k\u00e4nd, uppmuntra inv\u00e5narna i Carratracas och angr\u00e4nsande byar att tillbringa en dag i naturen med sina familjer och v\u00e4nner, delta i aktiviteterna som anordnades, provsmaka produkter fr\u00e5n omr\u00e5det och, framf\u00f6r allt, uppleva i f\u00f6rsta person g\u00e5rdens essens.<\/p>\n<\/div><\/div><\/div><\/div><div class=\"et_pb_row_2 et_pb_row et_block_row\"><div class=\"et_pb_column_3 et_pb_column et_pb_column_1_2 et_block_column et_pb_css_mix_blend_mode_passthrough\"><div class=\"et_pb_image_0 et_pb_image et_pb_module et_block_module\"><span class=\"et_pb_image_wrap\"><img loading=\"lazy\" decoding=\"async\" src=\"https:\/\/stage.fincasolmark.com\/wp-content\/uploads\/2019\/10\/finca_solmark_i_jornada_puertas_abiertas_medioambiente_ecologia_turismo_13.jpg\" width=\"753\" height=\"670\" srcset=\"https:\/\/stage.fincasolmark.com\/wp-content\/uploads\/2019\/10\/finca_solmark_i_jornada_puertas_abiertas_medioambiente_ecologia_turismo_13.jpg 753w, https:\/\/stage.fincasolmark.com\/wp-content\/uploads\/2019\/10\/finca_solmark_i_jornada_puertas_abiertas_medioambiente_ecologia_turismo_13-480x427.jpg 480w\" sizes=\"(min-width: 0px) and (max-width: 480px) 480px, (min-width: 481px) 753px, 100vw\" class=\"wp-image-242966\" \/><\/span><\/div><\/div><div class=\"et_pb_column_4 et_pb_column et_pb_column_1_2 et-last-child et_block_column et_pb_css_mix_blend_mode_passthrough\"><div class=\"et_pb_text_6 et_pb_text et_pb_bg_layout_light et_pb_module et_block_module\"><div class=\"et_pb_text_inner\"><p><b><i><span style=\"color: #000000;\">\u201cDet ligger i v\u00e5ra gener att vara ett socialt ansvarsfullt f\u00f6retag och en f\u00f6r\u00e4ndringsagent d\u00e5 v\u00e5rt projekt har en viktig p\u00e5verkan b\u00e5de socialt och p\u00e5 milj\u00f6n\u201d<\/span><\/i><\/b>, p\u00e5pekade \u00e4garen och grundaren, svensken Pelle Lundborg.<\/p>\n<\/div><\/div><\/div><\/div><div class=\"et_pb_row_3 et_pb_row et_block_row\"><div class=\"et_pb_column_5 et_pb_column et_pb_column_4_4 et-last-child et_block_column et_pb_css_mix_blend_mode_passthrough\"><div class=\"et_pb_text_7 et_pb_text et_pb_bg_layout_light et_pb_module et_block_module\"><div class=\"et_pb_text_inner\"><p>Denna dag med \u00d6ppet hus var dessutom en utm\u00e4rkt\u00a0<strong>chans f\u00f6r de lokala f\u00f6retagen i omr\u00e5<\/strong>det att synas och att l\u00e5ta bes\u00f6karna, direkt fr\u00e5n dessa, bilda sig en uppfattning om\u00a0<strong>produkterna, tj\u00e4nsterna och tendenserna i jordbrukssektorn.<\/strong>\u00a0Solmark hade bl.a. deltagare fr\u00e5n f\u00f6retag inom h\u00e5llbar landsbygdsturism (<strong>Galeota Turism, Carratraca Rural<\/strong>), ekokonstruktioner (<strong>Gronkode<\/strong>), milj\u00f6utbildning (UMA), jordbruksmaskiner (<strong>Agr\u00edcola Nevada<\/strong>), f\u00f6rnybar energi (<strong>Campohelios<\/strong>), bonsaikonst (<strong>Universo Bonsai<\/strong>), hembakat br\u00f6d (Piquitos Rubio) och v\u00e4lm\u00e5ende och personlig tillv\u00e4xt (<strong>Book for Wellness<\/strong>).<\/p>\n<\/div><\/div><div class=\"et_pb_image_1 et_pb_image et_pb_image_sticky et_animated et_pb_module et_block_module\"><span class=\"et_pb_image_wrap\"><img loading=\"lazy\" decoding=\"async\" src=\"https:\/\/stage.fincasolmark.com\/wp-content\/uploads\/2019\/10\/finca_solmark_i_jornada_puertas_abiertas_medioambiente_ecologia_turismo_02.jpg\" width=\"800\" height=\"533\" srcset=\"https:\/\/stage.fincasolmark.com\/wp-content\/uploads\/2019\/10\/finca_solmark_i_jornada_puertas_abiertas_medioambiente_ecologia_turismo_02.jpg 800w, https:\/\/stage.fincasolmark.com\/wp-content\/uploads\/2019\/10\/finca_solmark_i_jornada_puertas_abiertas_medioambiente_ecologia_turismo_02-480x320.jpg 480w\" sizes=\"(min-width: 0px) and (max-width: 480px) 480px, (min-width: 481px) 800px, 100vw\" class=\"wp-image-242826\" \/><\/span><\/div><\/div><\/div><div class=\"et_pb_row_4 et_pb_row et_block_row\"><div class=\"et_pb_column_6 et_pb_column et_pb_column_4_4 et-last-child et_block_column et_pb_css_mix_blend_mode_passthrough\"><div class=\"et_pb_text_8 et_pb_text et_pb_bg_layout_light et_pb_module et_block_module\"><div class=\"et_pb_text_inner\"><p>Under dagen h\u00f6lls flera praktiska aktiviteter, fr\u00e5n\u00a0<strong>\u201dWorkshop om vattenlarver\u201d\u00a0<\/strong>, f\u00f6r att visa de allra minsta insekternas livscykel, till provsmakning av deras jungfruolivoljor eller bes\u00f6k p\u00e5 en utst\u00e4llning med mineraler som uppf\u00f6rts av genetikprofessorn p\u00e5 universitetet i M\u00e1laga, Dr. Enrique Viguera och utl\u00e5nad av \u201d<strong>M\u00f6ten med vetenskapen\u201d\u00a0<\/strong>dagen till \u00e4ra.<\/p>\n<\/div><\/div><\/div><\/div><div class=\"et_pb_row_5 et_pb_row et_block_row\"><div class=\"et_pb_column_7 et_pb_column et_pb_column_1_2 et_block_column et_pb_css_mix_blend_mode_passthrough\"><div class=\"et_pb_image_2 et_pb_image et_pb_module et_block_module\"><span class=\"et_pb_image_wrap\"><img loading=\"lazy\" decoding=\"async\" src=\"https:\/\/stage.fincasolmark.com\/wp-content\/uploads\/2019\/10\/finca_solmark_i_jornada_puertas_abiertas_medioambiente_ecologia_turismo_14.jpg\" width=\"600\" height=\"450\" srcset=\"https:\/\/stage.fincasolmark.com\/wp-content\/uploads\/2019\/10\/finca_solmark_i_jornada_puertas_abiertas_medioambiente_ecologia_turismo_14.jpg 600w, https:\/\/stage.fincasolmark.com\/wp-content\/uploads\/2019\/10\/finca_solmark_i_jornada_puertas_abiertas_medioambiente_ecologia_turismo_14-480x360.jpg 480w\" sizes=\"(min-width: 0px) and (max-width: 480px) 480px, (min-width: 481px) 600px, 100vw\" class=\"wp-image-242970\" \/><\/span><\/div><\/div><div class=\"et_pb_column_8 et_pb_column et_pb_column_1_2 et-last-child et_block_column et_pb_css_mix_blend_mode_passthrough\"><div class=\"et_pb_image_3 et_pb_image et_pb_module et_block_module\"><span class=\"et_pb_image_wrap\"><img loading=\"lazy\" decoding=\"async\" src=\"https:\/\/stage.fincasolmark.com\/wp-content\/uploads\/2019\/10\/finca_solmark_i_jornada_puertas_abiertas_medioambiente_ecologia_turismo_15.jpg\" width=\"600\" height=\"450\" srcset=\"https:\/\/stage.fincasolmark.com\/wp-content\/uploads\/2019\/10\/finca_solmark_i_jornada_puertas_abiertas_medioambiente_ecologia_turismo_15.jpg 600w, https:\/\/stage.fincasolmark.com\/wp-content\/uploads\/2019\/10\/finca_solmark_i_jornada_puertas_abiertas_medioambiente_ecologia_turismo_15-480x360.jpg 480w\" sizes=\"(min-width: 0px) and (max-width: 480px) 480px, (min-width: 481px) 600px, 100vw\" class=\"wp-image-242973\" \/><\/span><\/div><\/div><\/div><div class=\"et_pb_row_6 et_pb_row et_block_row\"><div class=\"et_pb_column_9 et_pb_column et_pb_column_4_4 et-last-child et_block_column et_pb_css_mix_blend_mode_passthrough\"><div class=\"et_pb_text_9 et_pb_text et_pb_bg_layout_light et_pb_module et_block_module\"><div class=\"et_pb_text_inner\"><p>F\u00f6rutom att vara ett landsbygdsboende med charm, vill Solmark\u00a0<strong>fr\u00e4mja bytet fr\u00e5n konventionellt jordbruk till ett ekologiskt och h\u00e5llbart jordbruk,\u00a0<\/strong>samt st\u00f6tta den ekologiska turismen i Andalusien. D\u00e4rf\u00f6r bidrar man med l\u00f6sningar p\u00e5 landsbygdens avbefolkningsproblem i omr\u00e5det (aktiviteter, workshops, event och f\u00f6rel\u00e4sningar) och visar nya progressiva id\u00e9er f\u00f6r att v\u00e5rda och respektera milj\u00f6n. Under eventet visades n\u00e5gra av de kommande initiativen som h\u00e5ller p\u00e5 att organiseras, s\u00e5 som\u00a0<strong>\u201dSk\u00f6rdefesten f\u00f6r\u00a0<\/strong><a href=\"https:\/\/stage.fincasolmark.com\/adoptera-ett-olivtrad\/\"><strong>Adoption av olivtr\u00e4d<\/strong><\/a><strong>\u201d som firas den 23 november.<\/strong><\/p>\n<\/div><\/div><div class=\"et_pb_text_10 et_pb_text et_pb_bg_layout_light et_pb_module et_block_module\"><div class=\"et_pb_text_inner\"><p>Detta f\u00f6rsta \u00d6ppet hus sammanfaller med att Finca Solmark ansluter sig till\u00a0<a href=\"https:\/\/foretica.org\/\"><strong>For\u00e9tica<\/strong><\/a>, en referensorganisation inom h\u00e5llbarhet och f\u00f6retags sociala ansvarstagande, vars uppgift \u00e4r att integrera de sociala aspekterna, milj\u00f6aspekterna och god styrning inom strategi och ledning av f\u00f6retag och organisationer.<\/p>\n<\/div><\/div><\/div><\/div><div class=\"et_pb_row_7 et_pb_row et_block_row\"><div class=\"et_pb_column_10 et_pb_column et_pb_column_1_2 et_block_column et_pb_css_mix_blend_mode_passthrough\"><div class=\"et_pb_image_4 et_pb_image et_pb_module et_block_module\"><span class=\"et_pb_image_wrap\"><img loading=\"lazy\" decoding=\"async\" src=\"https:\/\/stage.fincasolmark.com\/wp-content\/uploads\/2019\/10\/finca_solmark_i_jornada_puertas_abiertas_medioambiente_ecologia_turismo_08.jpg\" width=\"600\" height=\"400\" srcset=\"https:\/\/stage.fincasolmark.com\/wp-content\/uploads\/2019\/10\/finca_solmark_i_jornada_puertas_abiertas_medioambiente_ecologia_turismo_08.jpg 600w, https:\/\/stage.fincasolmark.com\/wp-content\/uploads\/2019\/10\/finca_solmark_i_jornada_puertas_abiertas_medioambiente_ecologia_turismo_08-480x320.jpg 480w\" sizes=\"(min-width: 0px) and (max-width: 480px) 480px, (min-width: 481px) 600px, 100vw\" class=\"wp-image-242848\" \/><\/span><\/div><\/div><div class=\"et_pb_column_11 et_pb_column et_pb_column_1_2 et-last-child et_block_column et_pb_css_mix_blend_mode_passthrough\"><div class=\"et_pb_text_11 et_pb_text et_pb_bg_layout_light et_pb_module et_block_module\"><div class=\"et_pb_text_inner\"><p>Med Lundbergs egna ord, <strong><em>\u201ddet \u00e4r inte l\u00e4tt att uttrycka i ord vad g\u00e5rden \u00e4r, men h\u00e4r kan du koppla av mitt i naturen, adoptera ett olivtr\u00e4d, plantera ett avokadotr\u00e4d, plocka ekologisk frukt i tr\u00e4dg\u00e5rdslandet, bes\u00f6ka insektshotell, ta dig till n\u00e5got av de vackra h\u00f6rnen f\u00f6r att meditera, njuta av jungfruolivoljan som vi tillverkar eller anm\u00e4la dig till n\u00e5gon av st\u00e4dnings- \u00e5tervinningsaktiviteterna vi organiserar, f\u00f6r att ge n\u00e5gra exempel. Det viktigaste \u00e4r att plantera milj\u00f6medvetenhet och att folk f\u00f6rst\u00e5r att vi alla \u00e4r ansvariga f\u00f6r att v\u00e5rda planeten, inte minst vi sj\u00e4lva. M\u00e5nga pratar och tittar men g\u00f6r ingenting, de kommer inte till handling\u201d.<\/em><\/strong><\/p>\n<\/div><\/div><\/div><\/div><div class=\"et_pb_row_8 et_pb_row et_block_row\"><div class=\"et_pb_column_12 et_pb_column et_pb_column_1_2 et_block_column et_pb_css_mix_blend_mode_passthrough\"><div class=\"et_pb_text_12 et_pb_text et_pb_bg_layout_light et_pb_module et_block_module\"><div class=\"et_pb_text_inner\"><p>Under dagen planterade vi en korkek till Candela Arroyos \u00e4ra, en av de idrottare som tillsammans med sitt lag i \u00e5r har blivit Spanska m\u00e4stare i strandhandboll i kategorin flickor juvenil\u201d.<\/p>\n<\/div><\/div><\/div><div class=\"et_pb_column_13 et_pb_column et_pb_column_1_2 et-last-child et_block_column et_pb_css_mix_blend_mode_passthrough\"><div class=\"et_pb_image_5 et_pb_image et_pb_module et_block_module\"><span class=\"et_pb_image_wrap\"><img loading=\"lazy\" decoding=\"async\" src=\"https:\/\/stage.fincasolmark.com\/wp-content\/uploads\/2019\/10\/finca_solmark_i_jornada_puertas_abiertas_medioambiente_ecologia_turismo_04.jpg\" width=\"512\" height=\"341\" srcset=\"https:\/\/stage.fincasolmark.com\/wp-content\/uploads\/2019\/10\/finca_solmark_i_jornada_puertas_abiertas_medioambiente_ecologia_turismo_04.jpg 512w, https:\/\/stage.fincasolmark.com\/wp-content\/uploads\/2019\/10\/finca_solmark_i_jornada_puertas_abiertas_medioambiente_ecologia_turismo_04-480x320.jpg 480w\" sizes=\"(min-width: 0px) and (max-width: 480px) 480px, (min-width: 481px) 512px, 100vw\" class=\"wp-image-242832\" \/><\/span><\/div><\/div><\/div><\/div><div class=\"et_pb_section_2 et_pb_section et_section_regular et_block_section\"><div class=\"et_pb_row_9 et_pb_row et_pb_equal_columns et_pb_gutters1 et_block_row\"><div class=\"et_pb_column_14 et_pb_column et_pb_column_4_4 et-last-child et_block_column et_pb_css_mix_blend_mode_passthrough\"><div class=\"et_pb_gallery_0 et_pb_gallery et_pb_bg_layout_light et_pb_text_align_center et_pb_gallery_grid et_pb_module galeria-carratraca\" data-auto-rotate=\"off\" data-auto-rotate-speed=\"\"><div class=\"et_pb_gallery_items et_post_gallery clearfix et_grid_module\" data-per_page=\"100\"><div class=\"et_pb_gallery_item et_pb_grid_item et_pb_gallery_item_0_0\"><div class=\"et_pb_gallery_image landscape\" data-per_page=\"100\"><a href=\"https:\/\/stage.fincasolmark.com\/wp-content\/uploads\/2019\/10\/finca_solmark_i_jornada_puertas_abiertas_medioambiente_ecologia_turismo_05.jpg\" title=\"finca_solmark_i_jornada_puertas_abiertas_medioambiente_ecologia_turismo_05\"><img loading=\"lazy\" decoding=\"async\" width=\"400\" height=\"284\" src=\"https:\/\/stage.fincasolmark.com\/wp-content\/uploads\/2019\/10\/finca_solmark_i_jornada_puertas_abiertas_medioambiente_ecologia_turismo_05-400x284.jpg\" alt=\"\" class=\"wp-image-242838\" srcset=\"https:\/\/stage.fincasolmark.com\/wp-content\/uploads\/2019\/10\/finca_solmark_i_jornada_puertas_abiertas_medioambiente_ecologia_turismo_05.jpg 479w, https:\/\/stage.fincasolmark.com\/wp-content\/uploads\/2019\/10\/finca_solmark_i_jornada_puertas_abiertas_medioambiente_ecologia_turismo_05-400x284.jpg 480w\" sizes=\"(max-width:479px) 479px, 100vw\" \/><span class=\"et_overlay\" data-icon=\"\" data-icon-tablet=\"\" data-icon-phone=\"\"><\/span><\/a><\/div><\/div><div class=\"et_pb_gallery_item et_pb_grid_item et_pb_gallery_item_0_1\"><div class=\"et_pb_gallery_image landscape\" data-per_page=\"100\"><a href=\"https:\/\/stage.fincasolmark.com\/wp-content\/uploads\/2019\/10\/finca_solmark_i_jornada_puertas_abiertas_medioambiente_ecologia_turismo_06.jpg\" title=\"finca_solmark_i_jornada_puertas_abiertas_medioambiente_ecologia_turismo_06\"><img loading=\"lazy\" decoding=\"async\" width=\"400\" height=\"284\" src=\"https:\/\/stage.fincasolmark.com\/wp-content\/uploads\/2019\/10\/finca_solmark_i_jornada_puertas_abiertas_medioambiente_ecologia_turismo_06-400x284.jpg\" alt=\"\" class=\"wp-image-242841\" srcset=\"https:\/\/stage.fincasolmark.com\/wp-content\/uploads\/2019\/10\/finca_solmark_i_jornada_puertas_abiertas_medioambiente_ecologia_turismo_06.jpg 479w, https:\/\/stage.fincasolmark.com\/wp-content\/uploads\/2019\/10\/finca_solmark_i_jornada_puertas_abiertas_medioambiente_ecologia_turismo_06-400x284.jpg 480w\" sizes=\"(max-width:479px) 479px, 100vw\" \/><span class=\"et_overlay\" data-icon=\"\" data-icon-tablet=\"\" data-icon-phone=\"\"><\/span><\/a><\/div><\/div><div class=\"et_pb_gallery_item et_pb_grid_item et_pb_gallery_item_0_2\"><div class=\"et_pb_gallery_image landscape\" data-per_page=\"100\"><a href=\"https:\/\/stage.fincasolmark.com\/wp-content\/uploads\/2019\/10\/finca_solmark_i_jornada_puertas_abiertas_medioambiente_ecologia_turismo_04.jpg\" title=\"finca_solmark_i_jornada_puertas_abiertas_medioambiente_ecologia_turismo_04\"><img loading=\"lazy\" decoding=\"async\" width=\"400\" height=\"284\" src=\"https:\/\/stage.fincasolmark.com\/wp-content\/uploads\/2019\/10\/finca_solmark_i_jornada_puertas_abiertas_medioambiente_ecologia_turismo_04-400x284.jpg\" alt=\"\" class=\"wp-image-242834\" srcset=\"https:\/\/stage.fincasolmark.com\/wp-content\/uploads\/2019\/10\/finca_solmark_i_jornada_puertas_abiertas_medioambiente_ecologia_turismo_04.jpg 479w, https:\/\/stage.fincasolmark.com\/wp-content\/uploads\/2019\/10\/finca_solmark_i_jornada_puertas_abiertas_medioambiente_ecologia_turismo_04-400x284.jpg 480w\" sizes=\"(max-width:479px) 479px, 100vw\" \/><span class=\"et_overlay\" data-icon=\"\" data-icon-tablet=\"\" data-icon-phone=\"\"><\/span><\/a><\/div><\/div><div class=\"et_pb_gallery_item et_pb_grid_item et_pb_gallery_item_0_3\"><div class=\"et_pb_gallery_image landscape\" data-per_page=\"100\"><a href=\"https:\/\/stage.fincasolmark.com\/wp-content\/uploads\/2019\/10\/finca_solmark_i_jornada_puertas_abiertas_medioambiente_ecologia_turismo_03.jpg\" title=\"finca_solmark_i_jornada_puertas_abiertas_medioambiente_ecologia_turismo_03\"><img loading=\"lazy\" decoding=\"async\" width=\"400\" height=\"284\" src=\"https:\/\/stage.fincasolmark.com\/wp-content\/uploads\/2019\/10\/finca_solmark_i_jornada_puertas_abiertas_medioambiente_ecologia_turismo_03-400x284.jpg\" alt=\"Medioambiente, ecolog\u00eda y turismo Finca Solmark\" class=\"wp-image-242831\" srcset=\"https:\/\/stage.fincasolmark.com\/wp-content\/uploads\/2019\/10\/finca_solmark_i_jornada_puertas_abiertas_medioambiente_ecologia_turismo_03.jpg 479w, https:\/\/stage.fincasolmark.com\/wp-content\/uploads\/2019\/10\/finca_solmark_i_jornada_puertas_abiertas_medioambiente_ecologia_turismo_03-400x284.jpg 480w\" sizes=\"(max-width:479px) 479px, 100vw\" \/><span class=\"et_overlay\" data-icon=\"\" data-icon-tablet=\"\" data-icon-phone=\"\"><\/span><\/a><\/div><\/div><div class=\"et_pb_gallery_item et_pb_grid_item et_pb_gallery_item_0_4\"><div class=\"et_pb_gallery_image landscape\" data-per_page=\"100\"><a href=\"https:\/\/stage.fincasolmark.com\/wp-content\/uploads\/2019\/10\/finca_solmark_i_jornada_puertas_abiertas_medioambiente_ecologia_turismo_02.jpg\" title=\"finca_solmark_i_jornada_puertas_abiertas_medioambiente_ecologia_turismo_02\"><img loading=\"lazy\" decoding=\"async\" width=\"400\" height=\"284\" src=\"https:\/\/stage.fincasolmark.com\/wp-content\/uploads\/2019\/10\/finca_solmark_i_jornada_puertas_abiertas_medioambiente_ecologia_turismo_02-400x284.jpg\" alt=\"\" class=\"wp-image-242828\" srcset=\"https:\/\/stage.fincasolmark.com\/wp-content\/uploads\/2019\/10\/finca_solmark_i_jornada_puertas_abiertas_medioambiente_ecologia_turismo_02.jpg 479w, https:\/\/stage.fincasolmark.com\/wp-content\/uploads\/2019\/10\/finca_solmark_i_jornada_puertas_abiertas_medioambiente_ecologia_turismo_02-400x284.jpg 480w\" sizes=\"(max-width:479px) 479px, 100vw\" \/><span class=\"et_overlay\" data-icon=\"\" data-icon-tablet=\"\" data-icon-phone=\"\"><\/span><\/a><\/div><\/div><div class=\"et_pb_gallery_item et_pb_grid_item et_pb_gallery_item_0_5\"><div class=\"et_pb_gallery_image landscape\" data-per_page=\"100\"><a href=\"https:\/\/stage.fincasolmark.com\/wp-content\/uploads\/2019\/10\/finca_solmark_i_jornada_puertas_abiertas_medioambiente_ecologia_turismo_01.jpg\" title=\"finca_solmark_i_jornada_puertas_abiertas_medioambiente_ecologia_turismo_01\"><img loading=\"lazy\" decoding=\"async\" width=\"400\" height=\"284\" src=\"https:\/\/stage.fincasolmark.com\/wp-content\/uploads\/2019\/10\/finca_solmark_i_jornada_puertas_abiertas_medioambiente_ecologia_turismo_01-400x284.jpg\" alt=\"Medioambiente, ecologia y turismo Finca Solmark\" class=\"wp-image-242825\" srcset=\"https:\/\/stage.fincasolmark.com\/wp-content\/uploads\/2019\/10\/finca_solmark_i_jornada_puertas_abiertas_medioambiente_ecologia_turismo_01.jpg 479w, https:\/\/stage.fincasolmark.com\/wp-content\/uploads\/2019\/10\/finca_solmark_i_jornada_puertas_abiertas_medioambiente_ecologia_turismo_01-400x284.jpg 480w\" sizes=\"(max-width:479px) 479px, 100vw\" \/><span class=\"et_overlay\" data-icon=\"\" data-icon-tablet=\"\" data-icon-phone=\"\"><\/span><\/a><\/div><\/div><div class=\"et_pb_gallery_item et_pb_grid_item et_pb_gallery_item_0_6\"><div class=\"et_pb_gallery_image landscape\" data-per_page=\"100\"><a href=\"https:\/\/stage.fincasolmark.com\/wp-content\/uploads\/2019\/10\/finca_solmark_i_jornada_puertas_abiertas_medioambiente_ecologia_turismo_08.jpg\" title=\"finca_solmark_i_jornada_puertas_abiertas_medioambiente_ecologia_turismo_08\"><img loading=\"lazy\" decoding=\"async\" width=\"400\" height=\"284\" src=\"https:\/\/stage.fincasolmark.com\/wp-content\/uploads\/2019\/10\/finca_solmark_i_jornada_puertas_abiertas_medioambiente_ecologia_turismo_08-400x284.jpg\" alt=\"\" class=\"wp-image-242850\" srcset=\"https:\/\/stage.fincasolmark.com\/wp-content\/uploads\/2019\/10\/finca_solmark_i_jornada_puertas_abiertas_medioambiente_ecologia_turismo_08.jpg 479w, https:\/\/stage.fincasolmark.com\/wp-content\/uploads\/2019\/10\/finca_solmark_i_jornada_puertas_abiertas_medioambiente_ecologia_turismo_08-400x284.jpg 480w\" sizes=\"(max-width:479px) 479px, 100vw\" \/><span class=\"et_overlay\" data-icon=\"\" data-icon-tablet=\"\" data-icon-phone=\"\"><\/span><\/a><\/div><\/div><div class=\"et_pb_gallery_item et_pb_grid_item et_pb_gallery_item_0_7\"><div class=\"et_pb_gallery_image landscape\" data-per_page=\"100\"><a href=\"https:\/\/stage.fincasolmark.com\/wp-content\/uploads\/2019\/10\/finca_solmark_i_jornada_puertas_abiertas_medioambiente_ecologia_turismo_10.jpg\" title=\"finca_solmark_i_jornada_puertas_abiertas_medioambiente_ecologia_turismo_10\"><img loading=\"lazy\" decoding=\"async\" width=\"400\" height=\"284\" src=\"https:\/\/stage.fincasolmark.com\/wp-content\/uploads\/2019\/10\/finca_solmark_i_jornada_puertas_abiertas_medioambiente_ecologia_turismo_10-400x284.jpg\" alt=\"\" class=\"wp-image-242861\" srcset=\"https:\/\/stage.fincasolmark.com\/wp-content\/uploads\/2019\/10\/finca_solmark_i_jornada_puertas_abiertas_medioambiente_ecologia_turismo_10.jpg 479w, https:\/\/stage.fincasolmark.com\/wp-content\/uploads\/2019\/10\/finca_solmark_i_jornada_puertas_abiertas_medioambiente_ecologia_turismo_10-400x284.jpg 480w\" sizes=\"(max-width:479px) 479px, 100vw\" \/><span class=\"et_overlay\" data-icon=\"\" data-icon-tablet=\"\" data-icon-phone=\"\"><\/span><\/a><\/div><\/div><div class=\"et_pb_gallery_item et_pb_grid_item et_pb_gallery_item_0_8\"><div class=\"et_pb_gallery_image landscape\" data-per_page=\"100\"><a href=\"https:\/\/stage.fincasolmark.com\/wp-content\/uploads\/2019\/10\/finca_solmark_i_jornada_puertas_abiertas_medioambiente_ecologia_turismo_07.jpg\" title=\"finca_solmark_i_jornada_puertas_abiertas_medioambiente_ecologia_turismo_07\"><img loading=\"lazy\" decoding=\"async\" width=\"400\" height=\"284\" src=\"https:\/\/stage.fincasolmark.com\/wp-content\/uploads\/2019\/10\/finca_solmark_i_jornada_puertas_abiertas_medioambiente_ecologia_turismo_07-400x284.jpg\" alt=\"\" class=\"wp-image-242853\" srcset=\"https:\/\/stage.fincasolmark.com\/wp-content\/uploads\/2019\/10\/finca_solmark_i_jornada_puertas_abiertas_medioambiente_ecologia_turismo_07.jpg 479w, https:\/\/stage.fincasolmark.com\/wp-content\/uploads\/2019\/10\/finca_solmark_i_jornada_puertas_abiertas_medioambiente_ecologia_turismo_07-400x284.jpg 480w\" sizes=\"(max-width:479px) 479px, 100vw\" \/><span class=\"et_overlay\" data-icon=\"\" data-icon-tablet=\"\" data-icon-phone=\"\"><\/span><\/a><\/div><\/div><div class=\"et_pb_gallery_item et_pb_grid_item et_pb_gallery_item_0_9\"><div class=\"et_pb_gallery_image landscape\" data-per_page=\"100\"><a href=\"https:\/\/stage.fincasolmark.com\/wp-content\/uploads\/2019\/10\/finca_solmark_i_jornada_puertas_abiertas_medioambiente_ecologia_turismo_09.jpg\" title=\"finca_solmark_i_jornada_puertas_abiertas_medioambiente_ecologia_turismo_09\"><img loading=\"lazy\" decoding=\"async\" width=\"400\" height=\"284\" src=\"https:\/\/stage.fincasolmark.com\/wp-content\/uploads\/2019\/10\/finca_solmark_i_jornada_puertas_abiertas_medioambiente_ecologia_turismo_09-400x284.jpg\" alt=\"Aceite de Oliva, Miel y Cer\u00e1mica\" class=\"wp-image-242858\" srcset=\"https:\/\/stage.fincasolmark.com\/wp-content\/uploads\/2019\/10\/finca_solmark_i_jornada_puertas_abiertas_medioambiente_ecologia_turismo_09.jpg 479w, https:\/\/stage.fincasolmark.com\/wp-content\/uploads\/2019\/10\/finca_solmark_i_jornada_puertas_abiertas_medioambiente_ecologia_turismo_09-400x284.jpg 480w\" sizes=\"(max-width:479px) 479px, 100vw\" \/><span class=\"et_overlay\" data-icon=\"\" data-icon-tablet=\"\" data-icon-phone=\"\"><\/span><\/a><\/div><\/div><div class=\"et_pb_gallery_item et_pb_grid_item et_pb_gallery_item_0_10\"><div class=\"et_pb_gallery_image landscape\" data-per_page=\"100\"><a href=\"https:\/\/stage.fincasolmark.com\/wp-content\/uploads\/2019\/10\/finca_solmark_i_jornada_puertas_abiertas_medioambiente_ecologia_turismo_11.jpg\" title=\"finca_solmark_i_jornada_puertas_abiertas_medioambiente_ecologia_turismo_11\"><img loading=\"lazy\" decoding=\"async\" width=\"400\" height=\"284\" src=\"https:\/\/stage.fincasolmark.com\/wp-content\/uploads\/2019\/10\/finca_solmark_i_jornada_puertas_abiertas_medioambiente_ecologia_turismo_11-400x284.jpg\" alt=\"\" class=\"wp-image-242864\" srcset=\"https:\/\/stage.fincasolmark.com\/wp-content\/uploads\/2019\/10\/finca_solmark_i_jornada_puertas_abiertas_medioambiente_ecologia_turismo_11.jpg 479w, https:\/\/stage.fincasolmark.com\/wp-content\/uploads\/2019\/10\/finca_solmark_i_jornada_puertas_abiertas_medioambiente_ecologia_turismo_11-400x284.jpg 480w\" sizes=\"(max-width:479px) 479px, 100vw\" \/><span class=\"et_overlay\" data-icon=\"\" data-icon-tablet=\"\" data-icon-phone=\"\"><\/span><\/a><\/div><\/div><div class=\"et_pb_gallery_item et_pb_grid_item et_pb_gallery_item_0_11\"><div class=\"et_pb_gallery_image landscape\" data-per_page=\"100\"><a href=\"https:\/\/stage.fincasolmark.com\/wp-content\/uploads\/2019\/10\/finca_solmark_i_jornada_puertas_abiertas_medioambiente_ecologia_turismo_12.jpg\" title=\"finca_solmark_i_jornada_puertas_abiertas_medioambiente_ecologia_turismo_12\"><img loading=\"lazy\" decoding=\"async\" width=\"400\" height=\"284\" src=\"https:\/\/stage.fincasolmark.com\/wp-content\/uploads\/2019\/10\/finca_solmark_i_jornada_puertas_abiertas_medioambiente_ecologia_turismo_12-400x284.jpg\" alt=\"\" class=\"wp-image-242867\" srcset=\"https:\/\/stage.fincasolmark.com\/wp-content\/uploads\/2019\/10\/finca_solmark_i_jornada_puertas_abiertas_medioambiente_ecologia_turismo_12.jpg 479w, https:\/\/stage.fincasolmark.com\/wp-content\/uploads\/2019\/10\/finca_solmark_i_jornada_puertas_abiertas_medioambiente_ecologia_turismo_12-400x284.jpg 480w\" sizes=\"(max-width:479px) 479px, 100vw\" \/><span class=\"et_overlay\" data-icon=\"\" data-icon-tablet=\"\" data-icon-phone=\"\"><\/span><\/a><\/div><\/div><\/div><div class=\"et_pb_gallery_pagination\"><\/div><\/div><\/div><\/div><\/div><div class=\"et_pb_section_3 et_pb_section et_section_regular et_block_section\"><div class=\"et_pb_row_10 et_pb_row et_block_row\"><div class=\"et_pb_column_15 et_pb_column et_pb_column_1_2 et_block_column et_pb_css_mix_blend_mode_passthrough\"><div class=\"et_pb_image_6 et_pb_image et_pb_module et_block_module\"><span class=\"et_pb_image_wrap\"><img loading=\"lazy\" decoding=\"async\" src=\"https:\/\/stage.fincasolmark.com\/wp-content\/uploads\/2019\/10\/finca_solmark_i_jornada_puertas_abiertas_casita_rural.jpg\" width=\"800\" height=\"643\" srcset=\"https:\/\/stage.fincasolmark.com\/wp-content\/uploads\/2019\/10\/finca_solmark_i_jornada_puertas_abiertas_casita_rural.jpg 800w, https:\/\/stage.fincasolmark.com\/wp-content\/uploads\/2019\/10\/finca_solmark_i_jornada_puertas_abiertas_casita_rural-480x386.jpg 480w\" sizes=\"(min-width: 0px) and (max-width: 480px) 480px, (min-width: 481px) 800px, 100vw\" class=\"wp-image-242400\" \/><\/span><\/div><\/div><div class=\"et_pb_column_16 et_pb_column et_pb_column_1_2 et-last-child et_block_column et_pb_css_mix_blend_mode_passthrough\"><div class=\"et_pb_text_13 et_pb_text et_pb_bg_layout_light et_pb_module et_block_module\"><div class=\"et_pb_text_inner\"><p><strong>OM FINCA SOLMARK<\/strong><\/p>\n<p><strong><em>Finca Solmark<\/em><\/strong><em> \u00e4r en<strong>\u00a0Ekoturism p\u00e5 landsbygden<\/strong>\u00a0med spansk-svenskt ursprung som \u00e4gnar sig \u00e5t framst\u00e4llning, f\u00f6rs\u00e4ljning och export till Europa av olivolja, avokado och andra ekologiska produkter. De har ett charmigt landsbygdsboende med flera projekt inom milj\u00f6medvetande, -f\u00f6rankring och -utbildning.<\/em><\/p>\n<p>&nbsp;<\/p>\n<p><strong>Web:<\/strong>\u00a0<a href=\"https:\/\/stage.fincasolmark.com\/\">https:\/\/stage.fincasolmark.com\/<\/a><\/p>\n<p><strong>E-mail:<\/strong>\u00a0<a href=\"mailto:hi@fincasolmark.com\">hi@fincasolmark.com<\/a><\/p>\n<\/div><\/div><\/div><\/div><\/div>\n","protected":false},"excerpt":{"rendered":"<p>Eventet som gick av stapeln 5 oktober bes\u00f6ktes av Malagas provinspresident, DJ. Francisco Salado och borgm\u00e4starinnan i Carratraca, Francisca Jim\u00e9nez Morilla.<\/p>\n","protected":false},"author":1,"featured_media":242978,"comment_status":"closed","ping_status":"closed","sticky":false,"template":"","format":"standard","meta":{"footnotes":""},"categories":[103,93,94,104,1,101],"tags":[],"class_list":["post-245834","post","type-post","status-publish","format-standard","has-post-thumbnail","hentry","category-alimentacion-sv","category-eventos-sv","category-medioambiente-sv","category-salud-bienestar-sv","category-sin-categorizar","category-turismo-rural-sv"],"_links":{"self":[{"href":"https:\/\/stage.fincasolmark.com\/sv\/wp-json\/wp\/v2\/posts\/245834","targetHints":{"allow":["GET"]}}],"collection":[{"href":"https:\/\/stage.fincasolmark.com\/sv\/wp-json\/wp\/v2\/posts"}],"about":[{"href":"https:\/\/stage.fincasolmark.com\/sv\/wp-json\/wp\/v2\/types\/post"}],"author":[{"embeddable":true,"href":"https:\/\/stage.fincasolmark.com\/sv\/wp-json\/wp\/v2\/users\/1"}],"replies":[{"embeddable":true,"href":"https:\/\/stage.fincasolmark.com\/sv\/wp-json\/wp\/v2\/comments?post=245834"}],"version-history":[{"count":1,"href":"https:\/\/stage.fincasolmark.com\/sv\/wp-json\/wp\/v2\/posts\/245834\/revisions"}],"predecessor-version":[{"id":380611,"href":"https:\/\/stage.fincasolmark.com\/sv\/wp-json\/wp\/v2\/posts\/245834\/revisions\/380611"}],"wp:featuredmedia":[{"embeddable":true,"href":"https:\/\/stage.fincasolmark.com\/sv\/wp-json\/wp\/v2\/media\/242978"}],"wp:attachment":[{"href":"https:\/\/stage.fincasolmark.com\/sv\/wp-json\/wp\/v2\/media?parent=245834"}],"wp:term":[{"taxonomy":"category","embeddable":true,"href":"https:\/\/stage.fincasolmark.com\/sv\/wp-json\/wp\/v2\/categories?post=245834"},{"taxonomy":"post_tag","embeddable":true,"href":"https:\/\/stage.fincasolmark.com\/sv\/wp-json\/wp\/v2\/tags?post=245834"}],"curies":[{"name":"wp","href":"https:\/\/api.w.org\/{rel}","templated":true}]}}