{"id":245844,"date":"2019-11-20T10:28:27","date_gmt":"2019-11-20T10:28:27","guid":{"rendered":"https:\/\/stage.fincasolmark.com\/aventyret-att-hitta-malagas-mineralskatter\/"},"modified":"2020-01-29T10:32:34","modified_gmt":"2020-01-29T10:32:34","slug":"aventyret-att-hitta-malagas-mineralskatter","status":"publish","type":"post","link":"https:\/\/stage.fincasolmark.com\/sv\/aventyret-att-hitta-malagas-mineralskatter\/","title":{"rendered":"\u00c4ventyret att hitta Malagas mineralskatter"},"content":{"rendered":"<p>[et_pb_section fb_built=&#8221;1&#8243; _builder_version=&#8221;4.0.6&#8243; background_image=&#8221;https:\/\/stage.fincasolmark.com\/wp-content\/uploads\/2019\/11\/finca_solmark_aventura_tesoros_minerales_malaga_cab.jpg&#8221; custom_padding=&#8221;134px||346px|||&#8221;][\/et_pb_section][et_pb_section fb_built=&#8221;1&#8243; custom_padding_last_edited=&#8221;on|phone&#8221; admin_label=&#8221;Section&#8221; _builder_version=&#8221;3.29.3&#8243; background_enable_color=&#8221;off&#8221; custom_margin=&#8221;2px|||||&#8221; custom_padding=&#8221;||3px|||&#8221; custom_padding_tablet=&#8221;50px|0|0px|0|false|false&#8221; custom_padding_phone=&#8221;&#8221; transparent_background=&#8221;off&#8221; make_fullwidth=&#8221;off&#8221; use_custom_width=&#8221;off&#8221; width_unit=&#8221;on&#8221;][et_pb_row column_structure=&#8221;1_3,2_3&#8243; padding_mobile=&#8221;on&#8221; column_padding_mobile=&#8221;on&#8221; admin_label=&#8221;row&#8221; _builder_version=&#8221;3.25&#8243; background_size=&#8221;initial&#8221; background_position=&#8221;top_left&#8221; background_repeat=&#8221;repeat&#8221; custom_padding=&#8221;0px||5px|||&#8221; make_fullwidth=&#8221;off&#8221; use_custom_width=&#8221;off&#8221; width_unit=&#8221;on&#8221;][et_pb_column type=&#8221;1_3&#8243; _builder_version=&#8221;3.25&#8243; custom_padding=&#8221;|||&#8221; custom_padding__hover=&#8221;|||&#8221;][et_pb_text admin_label=&#8221;Text&#8221; _builder_version=&#8221;4.0.6&#8243; text_font=&#8221;||||||||&#8221; text_text_color=&#8221;#323232&#8243; text_font_size=&#8221;5vw&#8221; text_line_height=&#8221;1.1em&#8221; background_size=&#8221;initial&#8221; background_position=&#8221;top_left&#8221; background_repeat=&#8221;repeat&#8221; custom_margin=&#8221;0px||0px|&#8221; text_font_size_tablet=&#8221;9vw&#8221; text_font_size_phone=&#8221;13vw&#8221; text_font_size_last_edited=&#8221;on|desktop&#8221; use_border_color=&#8221;off&#8221; border_color=&#8221;#ffffff&#8221; border_style=&#8221;solid&#8221;]20[\/et_pb_text][et_pb_divider color=&#8221;#aeaeac&#8221; admin_label=&#8221;Divider&#8221; _builder_version=&#8221;3.2&#8243; custom_css_main_element=&#8221;width:20px;&#8221; hide_on_mobile=&#8221;off&#8221;][\/et_pb_divider][et_pb_text admin_label=&#8221;Text&#8221; _builder_version=&#8221;4.0.6&#8243; text_font=&#8221;|700|||||||&#8221; text_text_color=&#8221;#363636&#8243; text_font_size=&#8221;18&#8243; background_size=&#8221;initial&#8221; background_position=&#8221;top_left&#8221; background_repeat=&#8221;repeat&#8221; custom_margin=&#8221;-10px||0px|&#8221; use_border_color=&#8221;off&#8221; border_color=&#8221;#ffffff&#8221; border_style=&#8221;solid&#8221;]November, 2019[\/et_pb_text][\/et_pb_column][et_pb_column type=&#8221;2_3&#8243; _builder_version=&#8221;3.25&#8243; custom_padding=&#8221;|||&#8221; custom_padding__hover=&#8221;|||&#8221;][et_pb_text admin_label=&#8221;Text&#8221; _builder_version=&#8221;4.0.6&#8243; text_font=&#8221;Libre Franklin||||||||&#8221; text_text_color=&#8221;#02b875&#8243; header_font=&#8221;Libre Franklin||||||||&#8221; header_text_color=&#8221;#ad9a6b&#8221; background_size=&#8221;initial&#8221; background_position=&#8221;top_left&#8221; background_repeat=&#8221;repeat&#8221; min_height=&#8221;45px&#8221; custom_margin=&#8221;20px||-10px|||&#8221; custom_padding=&#8221;||0px|||&#8221; use_border_color=&#8221;off&#8221; border_color=&#8221;#ffffff&#8221; border_style=&#8221;solid&#8221;]<\/p>\n<h1><strong>\u00c4ventyret att hitta Malagas mineralskatter<\/strong><\/h1>\n<p>[\/et_pb_text][et_pb_divider _builder_version=&#8221;3.29.2&#8243; custom_margin=&#8221;||-7px|||&#8221;][\/et_pb_divider][\/et_pb_column][\/et_pb_row][et_pb_row padding_mobile=&#8221;on&#8221; column_padding_mobile=&#8221;on&#8221; admin_label=&#8221;row&#8221; _builder_version=&#8221;3.25&#8243; background_size=&#8221;initial&#8221; background_position=&#8221;top_left&#8221; background_repeat=&#8221;repeat&#8221; custom_padding=&#8221;0px|||&#8221; make_fullwidth=&#8221;off&#8221; use_custom_width=&#8221;off&#8221; width_unit=&#8221;on&#8221;][et_pb_column type=&#8221;4_4&#8243; _builder_version=&#8221;3.25&#8243; custom_padding=&#8221;|||&#8221; custom_padding__hover=&#8221;|||&#8221;][et_pb_text admin_label=&#8221;Text&#8221; _builder_version=&#8221;4.0.6&#8243; text_font=&#8221;||||||||&#8221; text_text_color=&#8221;#363636&#8243; text_font_size=&#8221;1.2vw&#8221; text_line_height=&#8221;1.4em&#8221; background_size=&#8221;initial&#8221; background_position=&#8221;top_left&#8221; background_repeat=&#8221;repeat&#8221; custom_margin=&#8221;10px||0px|&#8221; custom_padding=&#8221;25px||5px|||&#8221; text_font_size_tablet=&#8221;2.3vw&#8221; text_font_size_phone=&#8221;3.7vw&#8221; text_font_size_last_edited=&#8221;on|phone&#8221; use_border_color=&#8221;off&#8221; border_color=&#8221;#ffffff&#8221; border_style=&#8221;solid&#8221;]&nbsp;<\/p>\n<p>Provinsen Malaga g\u00f6mmer massor av naturskatter att uppt\u00e4cka.\u00a0<a href=\"http:\/\/www.malaga.es\/es\/turismo\/naturaleza\/ds-1\/tp-0\/lis_pg-3\/lis_cd-4158\/chorrera-de-balastar-farajan-rincon-singular\"><strong>Magiska omr\u00e5den<\/strong><\/a>\u00a0som g\u00f6mmer sig i t\u00e4t v\u00e4xtlighet<a href=\"http:\/\/www.malaga.es\/es\/turismo\/naturaleza\/tp-0\/ds-1\/lis_pg-4\/lis_cd-1692\/cueva-del-gato-entrada-benaojan-rincon-singular\"><strong>, mystiska grottor<\/strong><\/a><strong>,\u00a0<\/strong><a href=\"http:\/\/www.malaga.es\/es\/turismo\/naturaleza\/ds-1\/tp-0\/lis_pg-1\/lis_cd-7801\/aguila-de-los-riscos-juzcar-cartajima-rincon-singular\"><strong>om\u00f6jliga klippor<\/strong><\/a><strong>,\u00a0<\/strong><a href=\"http:\/\/www.malaga.es\/es\/turismo\/naturaleza\/ds-1\/tp-0\/lis_pg-5\/lis_cd-9636\/mirador-del-cerro-alaminos-coin-rincon-singular\"><strong>otroliga utkiksplatser<\/strong><\/a><strong>\u00a0eller\u00a0<\/strong><a href=\"http:\/\/www.malaga.es\/es\/turismo\/naturaleza\/tp-0\/ds-1\/lis_pg-4\/lis_cd-1978\/dunas-de-artola-y-torre-de-los-ladrones-marbella-rincon-singular\"><strong>fantasisanddyner<\/strong><\/a><strong>,\u00a0<\/strong>bland m\u00e5nga andra, utg\u00f6r en varierande tavla med landskap fr\u00e5n Malaga. Och i alla dessa finns g\u00f6mda juveler att uppt\u00e4cka:\u00a0<strong>mineralerna i Malaga<\/strong><\/p>\n<p>Det \u00e4r n\u00e4mligen s\u00e5 att\u00a0<strong>Malaga \u00e4r en region med varierande geologi<\/strong>, med fyndigheter med olika vackra mineraler i fina och exceptionellt enast\u00e5ende f\u00e4rger som bara finns d\u00e4r, s\u00e5 som <strong>azurit<\/strong>\u00a0vars bl\u00e5 f\u00e4rg p\u00e5minner om Medelhavet p\u00e5 sommarkv\u00e4llarna eller\u00a0<strong>limonit<\/strong>, kanelf\u00e4rgad som jorden p\u00e5 de andalusiska olivodlingarna.[\/et_pb_text][\/et_pb_column][\/et_pb_row][et_pb_row column_structure=&#8221;1_2,1_2&#8243; _builder_version=&#8221;3.29.3&#8243;][et_pb_column type=&#8221;1_2&#8243; _builder_version=&#8221;3.29.3&#8243;][et_pb_image src=&#8221;https:\/\/stage.fincasolmark.com\/wp-content\/uploads\/2019\/11\/finca_solmark_aventura_tesoros_minerales_malaga_03.jpg&#8221; _builder_version=&#8221;4.0.6&#8243; max_width=&#8221;100%&#8221; module_alignment=&#8221;center&#8221; box_shadow_style=&#8221;preset1&#8243;][\/et_pb_image][\/et_pb_column][et_pb_column type=&#8221;1_2&#8243; _builder_version=&#8221;3.29.3&#8243;][et_pb_text admin_label=&#8221;Text&#8221; _builder_version=&#8221;4.0.6&#8243; text_font=&#8221;||||||||&#8221; text_text_color=&#8221;#363636&#8243; text_font_size=&#8221;1.2vw&#8221; text_line_height=&#8221;1.4em&#8221; background_size=&#8221;initial&#8221; background_position=&#8221;top_left&#8221; background_repeat=&#8221;repeat&#8221; custom_margin=&#8221;||0px||false|false&#8221; custom_margin_tablet=&#8221;0%||||false|false&#8221; custom_margin_phone=&#8221;&#8221; custom_margin_last_edited=&#8221;on|desktop&#8221; custom_padding=&#8221;0px||0px||false|false&#8221; text_font_size_tablet=&#8221;2.3vw&#8221; text_font_size_phone=&#8221;3.7vw&#8221; text_font_size_last_edited=&#8221;on|phone&#8221; use_border_color=&#8221;off&#8221; border_color=&#8221;#ffffff&#8221; border_style=&#8221;solid&#8221;]Denna mineralrikedom i provinsen Malaga \u00e4r s\u00e4rskilt viktig i\u00a0<strong>Carratraca,<\/strong>\u00a0kommunen d\u00e4r\u00a0<a href=\"https:\/\/stage.fincasolmark.com\/fincan\/\"><strong>Finca Solmark<\/strong><\/a><strong> ligger.<\/strong>\u00a0D\u00e4rf\u00f6r kommer vi inkludera\u00a0<strong>\u201dUtflykter f\u00f6r att l\u00e4ra k\u00e4nna mineralerna\u201d<\/strong>\u00a0i omr\u00e5det, i v\u00e5ra kommande aktiviteter d\u00e4r v\u00e5ra v\u00e4nner kan uppt\u00e4cka dessa juveler som g\u00f6mmer sig under v\u00e5ra f\u00f6tter.[\/et_pb_text][\/et_pb_column][\/et_pb_row][et_pb_row _builder_version=&#8221;3.29.3&#8243;][et_pb_column type=&#8221;4_4&#8243; _builder_version=&#8221;3.29.3&#8243;][et_pb_text admin_label=&#8221;Text&#8221; _builder_version=&#8221;4.0.6&#8243; text_font=&#8221;||||||||&#8221; text_text_color=&#8221;#363636&#8243; text_font_size=&#8221;1.2vw&#8221; text_line_height=&#8221;1.4em&#8221; background_size=&#8221;initial&#8221; background_position=&#8221;top_left&#8221; background_repeat=&#8221;repeat&#8221; custom_margin=&#8221;||0px||false|false&#8221; custom_margin_tablet=&#8221;0%||||false|false&#8221; custom_margin_phone=&#8221;&#8221; custom_margin_last_edited=&#8221;on|desktop&#8221; custom_padding=&#8221;0px||0px||false|false&#8221; text_font_size_tablet=&#8221;2.3vw&#8221; text_font_size_phone=&#8221;3.7vw&#8221; text_font_size_last_edited=&#8221;on|phone&#8221; use_border_color=&#8221;off&#8221; border_color=&#8221;#ffffff&#8221; border_style=&#8221;solid&#8221;]F\u00f6r utvecklingen av denna aktivitet samarbetar vi med den vetenskapliga plattformen\u00a0<a href=\"https:\/\/www.encuentrosconlaciencia.es\/\"><strong>Encuentros con la Ciencia<\/strong><\/a><strong>,\u00a0<\/strong>som koordineras av Enrique Viguera och Ana Grande, genetikl\u00e4rare vid Malagas universitet\u00a0och <a href=\"http:\/\/www.malaga.es\/es\/turismo\/patrimonio\/lis_cd-11367\/aula-museo-geologia-malaga\"><strong>det geologiska museets klassrum<\/strong><\/a><strong>,\u00a0<\/strong>framtaget av geologen Juan Carlos Romero. Vad mer kan man beg\u00e4ra?[\/et_pb_text][et_pb_image src=&#8221;https:\/\/stage.fincasolmark.com\/wp-content\/uploads\/2019\/10\/finca_solmark_i_jornada_puertas_abiertas_medioambiente_ecologia_turismo_15.jpg&#8221; align=&#8221;center&#8221; _builder_version=&#8221;4.0.6&#8243; custom_margin=&#8221;10px||||false|false&#8221; custom_margin_tablet=&#8221;&#8221; custom_margin_phone=&#8221;&#8221; custom_margin_last_edited=&#8221;on|phone&#8221; box_shadow_style=&#8221;preset1&#8243;][\/et_pb_image][\/et_pb_column][\/et_pb_row][et_pb_row column_structure=&#8221;2_5,3_5&#8243; column_padding_mobile=&#8221;on&#8221; custom_padding_last_edited=&#8221;on|desktop&#8221; admin_label=&#8221;Row&#8221; _builder_version=&#8221;3.29.3&#8243; background_size=&#8221;initial&#8221; background_position=&#8221;top_left&#8221; background_repeat=&#8221;repeat&#8221; custom_margin_tablet=&#8221;&#8221; custom_margin_phone=&#8221;&#8221; custom_margin_last_edited=&#8221;on|phone&#8221; custom_padding=&#8221;0px||||false|false&#8221; custom_padding_tablet=&#8221;0px||||false|false&#8221; custom_padding_phone=&#8221;&#8221; make_fullwidth=&#8221;off&#8221; use_custom_width=&#8221;off&#8221; width_unit=&#8221;on&#8221;][et_pb_column type=&#8221;2_5&#8243; _builder_version=&#8221;3.25&#8243; custom_padding=&#8221;|||&#8221; custom_padding__hover=&#8221;|||&#8221;][et_pb_text admin_label=&#8221;Text&#8221; _builder_version=&#8221;4.0.6&#8243; text_font=&#8221;||||||||&#8221; text_text_color=&#8221;#363636&#8243; text_font_size=&#8221;1.2vw&#8221; text_line_height=&#8221;1.4em&#8221; background_size=&#8221;initial&#8221; background_position=&#8221;top_left&#8221; background_repeat=&#8221;repeat&#8221; custom_margin=&#8221;10px||0px|&#8221; custom_margin_tablet=&#8221;0px||||false|false&#8221; custom_margin_phone=&#8221;&#8221; custom_margin_last_edited=&#8221;on|phone&#8221; custom_padding=&#8221;6px||25px||false|false&#8221; custom_padding_tablet=&#8221;||30px||false|false&#8221; custom_padding_phone=&#8221;||30px||false|false&#8221; custom_padding_last_edited=&#8221;on|tablet&#8221; text_font_size_tablet=&#8221;2.3vw&#8221; text_font_size_phone=&#8221;3.7vw&#8221; text_font_size_last_edited=&#8221;on|phone&#8221; use_border_color=&#8221;off&#8221; border_color=&#8221;#ffffff&#8221; border_style=&#8221;solid&#8221;]Innan dessa utflykter p\u00e5b\u00f6rjades, hade v\u00e5r g\u00e5rd den <strong>5 oktober\u00a0<\/strong>en mineralutst\u00e4llning som anordnades av professor Viguera inom ramen f\u00f6r v\u00e5rt <a href=\"https:\/\/stage.fincasolmark.com\/mer-an-400-personer-besokte-finca-solmark-under-deras-forsta-oppet-hus-om-miljo-ekologi-och-hallbar-turism\/\"><strong>f\u00f6rsta \u00d6ppet hus.<\/strong><\/a>. En tillst\u00e4llning som ocks\u00e5 blev en tr\u00e4ffpunkt f\u00f6r olika lokala f\u00f6retag och d\u00e4r Malagas provinspresident, Francisco Salado, och Carratracas borgm\u00e4starinna, Francisca Jim\u00e9nez n\u00e4rvarade.[\/et_pb_text][\/et_pb_column][et_pb_column type=&#8221;3_5&#8243; _builder_version=&#8221;3.25&#8243; custom_padding=&#8221;|||&#8221; custom_padding__hover=&#8221;|||&#8221;][et_pb_image src=&#8221;https:\/\/stage.fincasolmark.com\/wp-content\/uploads\/2019\/10\/finca_solmark_i_jornada_puertas_abiertas_medioambiente_ecologia_turismo_14.jpg&#8221; align=&#8221;center&#8221; _builder_version=&#8221;4.0.6&#8243; custom_padding=&#8221;28px|||||&#8221; box_shadow_style=&#8221;preset1&#8243;][\/et_pb_image][\/et_pb_column][\/et_pb_row][et_pb_row _builder_version=&#8221;3.29.3&#8243;][et_pb_column type=&#8221;4_4&#8243; _builder_version=&#8221;3.29.3&#8243;][et_pb_text admin_label=&#8221;Text&#8221; _builder_version=&#8221;4.0.6&#8243; text_font=&#8221;||||||||&#8221; text_text_color=&#8221;#363636&#8243; text_font_size=&#8221;1.2vw&#8221; text_line_height=&#8221;1.4em&#8221; background_size=&#8221;initial&#8221; background_position=&#8221;top_left&#8221; background_repeat=&#8221;repeat&#8221; custom_margin=&#8221;10px||0px|&#8221; text_font_size_tablet=&#8221;2.3vw&#8221; text_font_size_phone=&#8221;3.7vw&#8221; text_font_size_last_edited=&#8221;on|phone&#8221; use_border_color=&#8221;off&#8221; border_color=&#8221;#ffffff&#8221; border_style=&#8221;solid&#8221;]I <strong>Carratracas\u00a0<\/strong>omr\u00e5de fanns en viktig gruvverksamhet under 1900-talets f\u00f6rsta halva tack vare m\u00e4ngden mineraler som var intressanta f\u00f6r industrin, s\u00e5 som\u00a0<strong>nickel, krom eller j\u00e4rn<\/strong>, till dessa kan vi ocks\u00e5 l\u00e4gga till de som inte var intressanta f\u00f6r industrin men otroligt vackra att se p\u00e5, som kalkspat,\u00a0<strong>limonit<\/strong>\u00a0med kubformad struktur\u00a0<em>\u2013 relik av svavelkis som alternerats av geologiska processer, platina, turmalin, granater, vermikulit eller talk<\/em>. I omr\u00e5det finns ocks\u00e5 rester av en gammal diamantgruva som troligen \u00f6vergetts f\u00f6r sina l\u00e5ga l\u00f6nsamhet. M\u00e5nga av de beskrivna mineralerna \u00e4r f\u00f6rknippade med en vanlig sten i Sierra de Aguas och Alcapara\u00edn,\u00a0<strong>peridotit<\/strong>, en magmatisk och plutonisk sten fr\u00e5n jordens mantel, lagret som ligger under jordskorpan p\u00e5 mer \u00e4n 20 kilometers djup.[\/et_pb_text][\/et_pb_column][\/et_pb_row][et_pb_row column_structure=&#8221;1_2,1_2&#8243; _builder_version=&#8221;4.0.6&#8243;][et_pb_column type=&#8221;1_2&#8243; _builder_version=&#8221;4.0.6&#8243;][et_pb_image src=&#8221;https:\/\/stage.fincasolmark.com\/wp-content\/uploads\/2019\/11\/finca_solmark_aventura_tesoros_minerales_malaga_01.jpg&#8221; _builder_version=&#8221;4.0.6&#8243; box_shadow_style=&#8221;preset1&#8243;][\/et_pb_image][\/et_pb_column][et_pb_column type=&#8221;1_2&#8243; _builder_version=&#8221;4.0.6&#8243;][et_pb_image src=&#8221;https:\/\/stage.fincasolmark.com\/wp-content\/uploads\/2019\/11\/finca_solmark_aventura_tesoros_minerales_malaga_02.jpg&#8221; _builder_version=&#8221;4.0.6&#8243; box_shadow_style=&#8221;preset1&#8243;][\/et_pb_image][\/et_pb_column][\/et_pb_row][et_pb_row padding_mobile=&#8221;on&#8221; column_padding_mobile=&#8221;on&#8221; admin_label=&#8221;row&#8221; _builder_version=&#8221;3.25&#8243; background_size=&#8221;initial&#8221; background_position=&#8221;top_left&#8221; background_repeat=&#8221;repeat&#8221; custom_padding=&#8221;0px|||&#8221; make_fullwidth=&#8221;off&#8221; use_custom_width=&#8221;off&#8221; width_unit=&#8221;on&#8221;][et_pb_column type=&#8221;4_4&#8243; _builder_version=&#8221;3.25&#8243; custom_padding=&#8221;|||&#8221; custom_padding__hover=&#8221;|||&#8221;][et_pb_text admin_label=&#8221;Text&#8221; _builder_version=&#8221;4.0.6&#8243; text_font=&#8221;||||||||&#8221; text_text_color=&#8221;#363636&#8243; text_font_size=&#8221;1.2vw&#8221; text_line_height=&#8221;1.4em&#8221; background_size=&#8221;initial&#8221; background_position=&#8221;top_left&#8221; background_repeat=&#8221;repeat&#8221; custom_margin=&#8221;10px||0px|&#8221; text_font_size_tablet=&#8221;2.3vw&#8221; text_font_size_phone=&#8221;3.7vw&#8221; text_font_size_last_edited=&#8221;on|phone&#8221; use_border_color=&#8221;off&#8221; border_color=&#8221;#ffffff&#8221; border_style=&#8221;solid&#8221;]<strong>\u201dUtflykterna f\u00f6r att l\u00e4ra k\u00e4nna mineralerna\u201d<\/strong>\u00a0riktar sig till personer i alla \u00e5ldrar som vill njuta av de vackra formerna och f\u00e4rgerna som mineralerna fr\u00e5n omr\u00e5det har. Det \u00e4r en perfekt pedagogisk aktivitet f\u00f6r de allra minsta d\u00e5 det \u00e4r ett bra s\u00e4tt att l\u00e4ra sig att ha roligt i naturen och l\u00e4ra k\u00e4nna mineralerna i Malaga i f\u00f6rsta person.<\/p>\n<p><strong>H\u00e4nger du med?<\/strong>\u00a0Var uppm\u00e4rksam p\u00e5 v\u00e5ra webbsidor d\u00e4r vi publicerar all information.[\/et_pb_text][\/et_pb_column][\/et_pb_row][\/et_pb_section][et_pb_section fb_built=&#8221;1&#8243; _builder_version=&#8221;3.22.7&#8243; custom_padding=&#8221;20px||4px|||&#8221; bottom_divider_flip=&#8221;vertical&#8221;][et_pb_row use_custom_gutter=&#8221;on&#8221; gutter_width=&#8221;1&#8243; make_equal=&#8221;on&#8221; _builder_version=&#8221;3.25&#8243; width=&#8221;90%&#8221; max_width=&#8221;90%&#8221; custom_padding=&#8221;27px||62px|||&#8221;][et_pb_column type=&#8221;4_4&#8243; _builder_version=&#8221;3.25&#8243; custom_padding=&#8221;|||&#8221; custom_padding__hover=&#8221;|||&#8221;][et_pb_gallery gallery_ids=&#8221;242972,244590,244571,242975,244584,244581,244587,244578,244575&#8243; posts_number=&#8221;100&#8243; show_title_and_caption=&#8221;off&#8221; hover_icon=&#8221;%%52%%&#8221; module_class=&#8221;galeria-carratraca&#8221; _builder_version=&#8221;4.0.6&#8243; title_font=&#8221;Libre Baskerville||||||||&#8221; title_font_size=&#8221;16px&#8221; text_orientation=&#8221;center&#8221; title_font_size_tablet=&#8221;13px&#8221; title_font_size_phone=&#8221;8px&#8221; title_font_size_last_edited=&#8221;on|phone&#8221; custom_css_overlay_icon__hover_enabled=&#8221;off&#8221;][\/et_pb_gallery][\/et_pb_column][\/et_pb_row][\/et_pb_section][et_pb_section fb_built=&#8221;1&#8243; _builder_version=&#8221;3.29.3&#8243; custom_margin_tablet=&#8221;&#8221; custom_margin_phone=&#8221;&#8221; custom_margin_last_edited=&#8221;on|phone&#8221; custom_padding=&#8221;0px||0px||false|false&#8221;][et_pb_row column_structure=&#8221;1_2,1_2&#8243; _builder_version=&#8221;3.29.3&#8243;][et_pb_column type=&#8221;1_2&#8243; _builder_version=&#8221;3.29.3&#8243;][et_pb_image src=&#8221;https:\/\/stage.fincasolmark.com\/wp-content\/uploads\/2019\/10\/finca_solmark_i_jornada_puertas_abiertas_casita_rural.jpg&#8221; _builder_version=&#8221;3.29.3&#8243; box_shadow_style=&#8221;preset1&#8243;][\/et_pb_image][\/et_pb_column][et_pb_column type=&#8221;1_2&#8243; _builder_version=&#8221;3.29.3&#8243;][et_pb_text _builder_version=&#8221;4.2.1&#8243; text_font=&#8221;||||||||&#8221; text_text_color=&#8221;#363636&#8243; text_font_size=&#8221;1.2vw&#8221; text_line_height=&#8221;1.4em&#8221; background_size=&#8221;initial&#8221; background_position=&#8221;top_left&#8221; background_repeat=&#8221;repeat&#8221; custom_margin=&#8221;10px||0px|&#8221; custom_padding=&#8221;0px|||||&#8221; text_font_size_tablet=&#8221;2.3vw&#8221; text_font_size_phone=&#8221;3.7vw&#8221; text_font_size_last_edited=&#8221;on|phone&#8221;]<strong>OM FINCA SOLMARK<\/strong><\/p>\n<p><strong><em>Finca Solmark<\/em><\/strong><em> \u00e4r en<strong>\u00a0Ekoturism p\u00e5 landsbygden<\/strong>\u00a0med spansk-svenskt ursprung som \u00e4gnar sig \u00e5t framst\u00e4llning, f\u00f6rs\u00e4ljning och export till Europa av olivolja, avokado och andra ekologiska produkter. De har ett charmigt landsbygdsboende med flera projekt inom milj\u00f6medvetande, -f\u00f6rankring och -utbildning.<\/em><\/p>\n<p>&nbsp;<\/p>\n<p><strong>Web:<\/strong>\u00a0<a href=\"https:\/\/stage.fincasolmark.com\/\">https:\/\/stage.fincasolmark.com\/<\/a><\/p>\n<p><strong>E-mail:<\/strong>\u00a0<a href=\"mailto:hi@fincasolmark.com\">hi@fincasolmark.com<\/a>[\/et_pb_text][\/et_pb_column][\/et_pb_row][\/et_pb_section]<\/p>\n","protected":false},"excerpt":{"rendered":"<p>Provinsen Malaga g\u00f6mmer massor av naturskatter att uppt\u00e4cka. Magiska omr\u00e5den som g\u00f6mmer sig i t\u00e4t v\u00e4xtlighet, mystiska grottor, om\u00f6jliga klippor, otroliga utkiksplatser eller fantasisanddyner, bland m\u00e5nga andra, utg\u00f6r en varierande tavla med landskap fr\u00e5n Malaga. Och i alla dessa finns g\u00f6mda juveler att uppt\u00e4cka: mineralerna i Malaga<\/p>\n","protected":false},"author":1,"featured_media":244597,"comment_status":"closed","ping_status":"closed","sticky":false,"template":"","format":"standard","meta":{"_et_pb_use_builder":"on","_et_pb_old_content":"","_et_gb_content_width":"","footnotes":""},"categories":[106,94,102,1,101],"tags":[],"class_list":["post-245844","post","type-post","status-publish","format-standard","has-post-thumbnail","hentry","category-escapadas-sv","category-medioambiente-sv","category-naturaleza-sv","category-sin-categorizar","category-turismo-rural-sv"],"_links":{"self":[{"href":"https:\/\/stage.fincasolmark.com\/sv\/wp-json\/wp\/v2\/posts\/245844","targetHints":{"allow":["GET"]}}],"collection":[{"href":"https:\/\/stage.fincasolmark.com\/sv\/wp-json\/wp\/v2\/posts"}],"about":[{"href":"https:\/\/stage.fincasolmark.com\/sv\/wp-json\/wp\/v2\/types\/post"}],"author":[{"embeddable":true,"href":"https:\/\/stage.fincasolmark.com\/sv\/wp-json\/wp\/v2\/users\/1"}],"replies":[{"embeddable":true,"href":"https:\/\/stage.fincasolmark.com\/sv\/wp-json\/wp\/v2\/comments?post=245844"}],"version-history":[{"count":0,"href":"https:\/\/stage.fincasolmark.com\/sv\/wp-json\/wp\/v2\/posts\/245844\/revisions"}],"wp:featuredmedia":[{"embeddable":true,"href":"https:\/\/stage.fincasolmark.com\/sv\/wp-json\/wp\/v2\/media\/244597"}],"wp:attachment":[{"href":"https:\/\/stage.fincasolmark.com\/sv\/wp-json\/wp\/v2\/media?parent=245844"}],"wp:term":[{"taxonomy":"category","embeddable":true,"href":"https:\/\/stage.fincasolmark.com\/sv\/wp-json\/wp\/v2\/categories?post=245844"},{"taxonomy":"post_tag","embeddable":true,"href":"https:\/\/stage.fincasolmark.com\/sv\/wp-json\/wp\/v2\/tags?post=245844"}],"curies":[{"name":"wp","href":"https:\/\/api.w.org\/{rel}","templated":true}]}}