{"id":245853,"date":"2019-11-26T10:52:06","date_gmt":"2019-11-26T10:52:06","guid":{"rendered":"https:\/\/stage.fincasolmark.com\/utflykt-till-carratraca-vad-man-kan-besoka-i-denna-fina-by-i-malagas-berg\/"},"modified":"2026-08-13T13:47:36","modified_gmt":"2026-08-13T11:47:36","slug":"utflykt-till-carratraca-vad-man-kan-besoka-i-denna-fina-by-i-malagas-berg","status":"publish","type":"post","link":"https:\/\/stage.fincasolmark.com\/sv\/utflykt-till-carratraca-vad-man-kan-besoka-i-denna-fina-by-i-malagas-berg\/","title":{"rendered":"Utflykt till Carratraca: vad man kan bes\u00f6ka i denna fina by i Malagas berg"},"content":{"rendered":"\n<div class=\"et_pb_section_0 et_pb_section et_section_regular et_block_section\"><\/div><div class=\"et_pb_section_1 et_pb_section et_section_regular et_block_section\"><div class=\"et_pb_row_0 et_pb_row et_block_row\"><div class=\"et_pb_column_0 et_pb_column et_pb_column_1_3 et_block_column et_pb_css_mix_blend_mode_passthrough\"><div class=\"et_pb_text_0 et_pb_text et_pb_bg_layout_light et_pb_module et_block_module\"><div class=\"et_pb_text_inner\"><p>27<\/p>\n<\/div><\/div><div class=\"et_pb_divider_0 et_pb_divider et_pb_space et_pb_divider_position_top et_pb_module\"><div class=\"et_pb_divider_internal\"><\/div><\/div><div class=\"et_pb_text_1 et_pb_text et_pb_bg_layout_light et_pb_module et_block_module\"><div class=\"et_pb_text_inner\"><p>November, 2019<\/p>\n<\/div><\/div><\/div><div class=\"et_pb_column_1 et_pb_column et_pb_column_2_3 et-last-child et_block_column et_pb_css_mix_blend_mode_passthrough\"><div class=\"et_pb_text_2 et_pb_text et_pb_bg_layout_light et_pb_module et_block_module\"><div class=\"et_pb_text_inner\"><h1><strong>Utflykt till Carratraca: vad man kan bes\u00f6ka i denna fina by i Malagas berg<\/strong><\/h1>\n<\/div><\/div><div class=\"et_pb_divider_1 et_pb_divider et_pb_space et_pb_divider_position_top et_pb_module\"><div class=\"et_pb_divider_internal\"><\/div><\/div><\/div><\/div><div class=\"et_pb_row_1 et_pb_row et_block_row\"><div class=\"et_pb_column_2 et_pb_column et_pb_column_4_4 et-last-child et_block_column et_pb_css_mix_blend_mode_passthrough\"><div class=\"et_pb_text_3 et_pb_text et_pb_bg_layout_light et_pb_module et_block_module\"><div class=\"et_pb_text_inner\"><p>Ungef\u00e4r 50 km fr\u00e5n Malaga finns en liten skatt i provinsen Malaga, byn\u00a0<strong>Carratraca.<\/strong>\u00a0Smala gator och vita hus, denna kommun \u00e4r mycket attraktiv och detta g\u00f6r den till ett trevligt och unikt st\u00e4lle att bes\u00f6ka f\u00f6r de som vill uppleva magiken i de andalusiska bergsbyarna.<\/p>\n<p><strong>Carratraca\u00a0<\/strong>\u00e4r en av dessa byar med husv\u00e4ggar dekorerade med blomkrukor som ger f\u00e4rg \u00e5t de enkla andalusiska husen. N\u00e4r man tar sig \u00f6ver de gamla kullerstensgatorna kan bes\u00f6karen uppt\u00e4cka flera turistjuveler som <a href=\"http:\/\/www.carratraca.es\/3673\/balneario\"><strong>Carratracas SPA<\/strong><\/a><strong>,<\/strong> en av de st\u00f6rsta attraktionerna i denna ort i Sierra Blanquilla. Dessa badanstalter har funnits sedan romarnas och arabernas tid, och p\u00e5 1800-talet blev de mycket popul\u00e4ra och drog till sig bes\u00f6kare som Lord Byron och kejsarinnan Mar\u00eda Eugenia. Det svavelhaltiga vattnet kommer fr\u00e5n underjordiska k\u00e4llor och har en naturlig temperatur p\u00e5 18 grader, det har ocks\u00e5 kurerande och avkopplande egenskaper vilket g\u00f6r dem perfekta f\u00f6r en liten semestervistelse.<\/p>\n<\/div><\/div><\/div><\/div><div class=\"et_pb_row_2 et_pb_row et_block_row\"><div class=\"et_pb_column_3 et_pb_column et_pb_column_4_4 et-last-child et_block_column et_pb_css_mix_blend_mode_passthrough\"><div class=\"et_pb_image_0 et_pb_image et_pb_module et_block_module\"><span class=\"et_pb_image_wrap\"><img loading=\"lazy\" decoding=\"async\" src=\"https:\/\/stage.fincasolmark.com\/wp-content\/uploads\/2019\/11\/finca_solmark_escapada_a_carratraca_balneario.jpg\" width=\"800\" height=\"407\" srcset=\"https:\/\/stage.fincasolmark.com\/wp-content\/uploads\/2019\/11\/finca_solmark_escapada_a_carratraca_balneario.jpg 800w, https:\/\/stage.fincasolmark.com\/wp-content\/uploads\/2019\/11\/finca_solmark_escapada_a_carratraca_balneario-480x244.jpg 480w\" sizes=\"(min-width: 0px) and (max-width: 480px) 480px, (min-width: 481px) 800px, 100vw\" class=\"wp-image-244783\" \/><\/span><\/div><\/div><\/div><div class=\"et_pb_row_3 et_pb_row et_block_row\"><div class=\"et_pb_column_4 et_pb_column et_pb_column_4_4 et-last-child et_block_column et_pb_css_mix_blend_mode_passthrough\"><div class=\"et_pb_text_4 et_pb_text et_pb_bg_layout_light et_pb_module et_block_module\"><div class=\"et_pb_text_inner\"><p>Men badinr\u00e4ttningen med svavelhaltigt vatten \u00e4r inte det enda attraktiva med Carratraca. Om bes\u00f6karen forts\u00e4tter att flanera p\u00e5 de slingrande gatorna kan hen hitta fram till den gamla\u00a0<a href=\"http:\/\/www.carratraca.es\/3680\/toros\"><strong>tjurf\u00e4ktningsarenan<\/strong><\/a><strong>,\u00a0<\/strong>som byggdes 1878 och med en l\u00e4ktare utskuren direkt ur berget,\u00a0<strong>r\u00e5dhuset<\/strong>, i vacker neomud\u00e9jarisk stil eller <strong>kyrkan Nuestra Se\u00f1ora de la Salud<\/strong>, ett tempel fr\u00e5n 1800-talet ocks\u00e5 det i neomud\u00e9jarisk stil.<\/p>\n<\/div><\/div><\/div><\/div><div class=\"et_pb_row_4 et_pb_row et_block_row\"><div class=\"et_pb_column_5 et_pb_column et_pb_column_1_2 et_block_column et_pb_css_mix_blend_mode_passthrough\"><div class=\"et_pb_image_1 et_pb_image et_pb_module et_block_module\"><span class=\"et_pb_image_wrap\"><img loading=\"lazy\" decoding=\"async\" src=\"https:\/\/stage.fincasolmark.com\/wp-content\/uploads\/2019\/11\/finca_solmark_escapada_a_carratraca_plaza_de_toros.jpg\" width=\"500\" height=\"281\" srcset=\"https:\/\/stage.fincasolmark.com\/wp-content\/uploads\/2019\/11\/finca_solmark_escapada_a_carratraca_plaza_de_toros.jpg 500w, https:\/\/stage.fincasolmark.com\/wp-content\/uploads\/2019\/11\/finca_solmark_escapada_a_carratraca_plaza_de_toros-480x270.jpg 480w\" sizes=\"(min-width: 0px) and (max-width: 480px) 480px, (min-width: 481px) 500px, 100vw\" class=\"wp-image-244786\" \/><\/span><\/div><\/div><div class=\"et_pb_column_6 et_pb_column et_pb_column_1_2 et-last-child et_block_column et_pb_css_mix_blend_mode_passthrough\"><div class=\"et_pb_image_2 et_pb_image et_pb_module et_block_module\"><span class=\"et_pb_image_wrap\"><img loading=\"lazy\" decoding=\"async\" src=\"https:\/\/stage.fincasolmark.com\/wp-content\/uploads\/2019\/11\/finca_solmark_escapada_a_carratraca_ayuntamiento.jpg\" width=\"500\" height=\"281\" srcset=\"https:\/\/stage.fincasolmark.com\/wp-content\/uploads\/2019\/11\/finca_solmark_escapada_a_carratraca_ayuntamiento.jpg 500w, https:\/\/stage.fincasolmark.com\/wp-content\/uploads\/2019\/11\/finca_solmark_escapada_a_carratraca_ayuntamiento-480x270.jpg 480w\" sizes=\"(min-width: 0px) and (max-width: 480px) 480px, (min-width: 481px) 500px, 100vw\" class=\"wp-image-244789\" \/><\/span><\/div><\/div><\/div><div class=\"et_pb_row_5 et_pb_row et_block_row\"><div class=\"et_pb_column_7 et_pb_column et_pb_column_4_4 et-last-child et_block_column et_pb_css_mix_blend_mode_passthrough\"><div class=\"et_pb_text_5 et_pb_text et_pb_bg_layout_light et_pb_module et_block_module\"><div class=\"et_pb_text_inner\"><p>Denna by \u00e4r ocks\u00e5 k\u00e4nd f\u00f6r sin\u00a0<strong>traditionella andalusiska mat<\/strong>, som de typiska r\u00e4tterna callos (in\u00e4lvsgryta), kik\u00e4rtsgryta, kaningryta, potatisgryta och efterr\u00e4tter som tortas de aceite (tunna kakor med olja), citronkakor eller sockerkaka. Utan att gl\u00f6mma produkter som\u00a0<a href=\"https:\/\/stage.fincasolmark.com\/webbutik\/#aceite\"><strong>olivolja<\/strong><\/a>\u00a0eller\u00a0<a href=\"https:\/\/stage.fincasolmark.com\/webbutik\/#aguacate\"><strong>avokado<\/strong><\/a>\u00a0som odlas i n\u00e4rheten.<\/p>\n<\/div><\/div><\/div><\/div><div class=\"et_pb_row_6 et_pb_row et_block_row\"><div class=\"et_pb_column_8 et_pb_column et_pb_column_1_2 et_block_column et_pb_css_mix_blend_mode_passthrough\"><div class=\"et_pb_image_3 et_pb_image et_pb_module et_block_module\"><span class=\"et_pb_image_wrap\"><img loading=\"lazy\" decoding=\"async\" src=\"https:\/\/stage.fincasolmark.com\/wp-content\/uploads\/2019\/11\/finca_solmark_escapada_a_carratraca_la_bocacha.jpg\" width=\"600\" height=\"394\" srcset=\"https:\/\/stage.fincasolmark.com\/wp-content\/uploads\/2019\/11\/finca_solmark_escapada_a_carratraca_la_bocacha.jpg 600w, https:\/\/stage.fincasolmark.com\/wp-content\/uploads\/2019\/11\/finca_solmark_escapada_a_carratraca_la_bocacha-480x315.jpg 480w\" sizes=\"(min-width: 0px) and (max-width: 480px) 480px, (min-width: 481px) 600px, 100vw\" class=\"wp-image-244792\" \/><\/span><\/div><\/div><div class=\"et_pb_column_9 et_pb_column et_pb_column_1_2 et-last-child et_block_column et_pb_css_mix_blend_mode_passthrough\"><div class=\"et_pb_text_6 et_pb_text et_pb_bg_layout_light et_pb_module et_block_module\"><div class=\"et_pb_text_inner\"><p>N\u00e4r det g\u00e4ller det kulinariska f\u00e5r inte bes\u00f6karen hoppa \u00f6ver bes\u00f6ket p\u00e5\u00a0<a href=\"https:\/\/www.abc.es\/gurmemalaga\/reportajes-bares-y-restaurantes\/carratraca\/cocina-casera-y-hospitalidad-garantizada-asi-es-casa-pepa\/\"><strong>Casa Pepa<\/strong><\/a><strong>,<\/strong>\u00a0en restaurang som \u00e4r mer \u00e4n ett halvt sekel gammal och har haft m\u00e5nga k\u00e4nda bes\u00f6kare s\u00e5 som Antonio Banderas, Jes\u00fas Quintero, Antonio Gala, Carlos Argui\u00f1ano och\u00a0Prins Charles fr\u00e5n England. Bland deras traditionella recept sticker cazuela de patatas (potatisgrytan), magro con tomate (magra styckbitar i tomats\u00e5s), lamm och gazpachuelo (varm soppa) ut. Det finns ocks\u00e5 andra mysiga st\u00e4llen f\u00f6r att avnjuta typiska r\u00e4tter fr\u00e5n omr\u00e5det som t.ex.\u00a0<strong>El Punto\u00a0<\/strong>eller\u00a0<strong>La Venta del Trillo.\u00a0<\/strong>Och f\u00f6r att inta kaffe, te, cocktail, glass, en drink, n\u00e5got bakverk eller snacks f\u00e5r du inte missa\u00a0<a href=\"https:\/\/www.tripadvisor.es\/Restaurant_Review-g1078242-d10325746-Reviews-La_Bocacha-Carratraca_Province_of_Malaga_Andalucia.html\"><strong>La Bocacha<\/strong><\/a>, \u00e4rvd av Pepas barnbarn. Ett mycket trevligt och autentiskt st\u00e4lle med mycket charm.<\/p>\n<\/div><\/div><\/div><\/div><div class=\"et_pb_row_7 et_pb_row et_block_row\"><div class=\"et_pb_column_10 et_pb_column et_pb_column_4_4 et-last-child et_block_column et_pb_css_mix_blend_mode_passthrough\"><div class=\"et_pb_image_4 et_pb_image et_pb_module et_block_module\"><span class=\"et_pb_image_wrap\"><img loading=\"lazy\" decoding=\"async\" src=\"https:\/\/stage.fincasolmark.com\/wp-content\/uploads\/2019\/11\/finca_solmark_escapada_a_carratraca_johan_blanche.jpg\" width=\"800\" height=\"379\" srcset=\"https:\/\/stage.fincasolmark.com\/wp-content\/uploads\/2019\/11\/finca_solmark_escapada_a_carratraca_johan_blanche.jpg 800w, https:\/\/stage.fincasolmark.com\/wp-content\/uploads\/2019\/11\/finca_solmark_escapada_a_carratraca_johan_blanche-480x227.jpg 480w\" sizes=\"(min-width: 0px) and (max-width: 480px) 480px, (min-width: 481px) 800px, 100vw\" class=\"wp-image-244795\" \/><\/span><\/div><\/div><\/div><div class=\"et_pb_row_8 et_pb_row et_block_row\"><div class=\"et_pb_column_11 et_pb_column et_pb_column_4_4 et-last-child et_block_column et_pb_css_mix_blend_mode_passthrough\"><div class=\"et_pb_text_7 et_pb_text et_pb_bg_layout_light et_pb_module et_block_module\"><div class=\"et_pb_text_inner\"><p>Carratraca utm\u00e4rker sig ocks\u00e5 ut f\u00f6r allt man kan g\u00f6ra i omgivningen, d\u00e4r finns turistst\u00e4llen som sticker ut\u00a0<strong>i provinsen som\u00a0<\/strong><a href=\"https:\/\/stage.fincasolmark.com\/project\/caminito-del-rey\/\"><strong>Caminito del rey<\/strong><\/a><strong>, kandidat f\u00f6r att ing\u00e5 i UNESCO:s v\u00e4rldsarv, den gamla orten <\/strong><strong><a href=\"https:\/\/stage.fincasolmark.com\/project\/bobastro\/\">Bobastro<\/a>, la\u00a0<\/strong><a href=\"https:\/\/stage.fincasolmark.com\/project\/ardales-cave\/\"><strong>Cueva de los Ardales<\/strong><\/a>\u00a0(ocks\u00e5 k\u00e4nd som\u00a0<strong>cueva de do\u00f1a Trinidad Grund<\/strong>) eller den fina byn\u00a0<a href=\"https:\/\/stage.fincasolmark.com\/project\/casarabonela\/\"><strong>Casarabolena<\/strong><\/a><strong>.<\/strong>\u00a0I nya inl\u00e4gg avsl\u00f6jar vi efter hand spektakul\u00e4ra st\u00e4llen som inte \u00e4r s\u00e5 k\u00e4nda.<\/p>\n<p>Utan att gl\u00f6mma den enorma m\u00e4ngd\u00a0<a href=\"https:\/\/stage.fincasolmark.com\/aktiviteter\/\"><strong>aktiviteter<\/strong><\/a>\u00a0man kan utf\u00f6ra i denna naturomgivning, s\u00e5 som vandring, stj\u00e4rnsk\u00e5dning,\u00a0<a href=\"https:\/\/stage.fincasolmark.com\/aventyret-att-hitta-malagas-mineralskatter\/\"><strong>mineralutflykter<\/strong><\/a><strong>,<\/strong>\u00a0meditation, matlagningsdagar, olivoljeprovning, f\u00e5gelsk\u00e5dning eller workshops i start av biodling.<\/p>\n<\/div><\/div><div class=\"et_pb_image_5 et_pb_image et_pb_module et_block_module\"><span class=\"et_pb_image_wrap\"><img loading=\"lazy\" decoding=\"async\" src=\"https:\/\/stage.fincasolmark.com\/wp-content\/uploads\/2019\/05\/finca_solmark_actividades_running_trecking.jpg\" width=\"640\" height=\"426\" srcset=\"https:\/\/stage.fincasolmark.com\/wp-content\/uploads\/2019\/05\/finca_solmark_actividades_running_trecking.jpg 640w, https:\/\/stage.fincasolmark.com\/wp-content\/uploads\/2019\/05\/finca_solmark_actividades_running_trecking-300x200.jpg 300w, https:\/\/stage.fincasolmark.com\/wp-content\/uploads\/2019\/05\/finca_solmark_actividades_running_trecking-610x406.jpg 610w, https:\/\/stage.fincasolmark.com\/wp-content\/uploads\/2019\/05\/finca_solmark_actividades_running_trecking-600x399.jpg 600w\" sizes=\"(max-width: 640px) 100vw, 640px\" class=\"wp-image-239148\" \/><\/span><\/div><div class=\"et_pb_text_8 et_pb_text et_pb_bg_layout_light et_pb_module et_block_module\"><div class=\"et_pb_text_inner\"><p>Om du best\u00e4mmer dig f\u00f6r att uppt\u00e4cka Carratraca, gl\u00f6m inte att \u00e5ka f\u00f6rbi Finca Solmark f\u00f6r att\u00a0<a href=\"https:\/\/stage.fincasolmark.com\/adoptera-ett-olivtrad\/\"><strong>adoptera ett olivtr\u00e4d<\/strong><\/a><strong>,\u00a0<\/strong>prova\u00a0<a href=\"https:\/\/stage.fincasolmark.com\/webbutik\/\"><strong>v\u00e5ra produkter<\/strong><\/a>\u00a0eller bes\u00f6ka\u00a0<a href=\"https:\/\/stage.fincasolmark.com\/hyr-hus-pa-landet\/\"><strong>v\u00e5ra lugna installationer<\/strong><\/a><strong>.<\/strong><\/p>\n<p><strong>Vad v\u00e4ntar du p\u00e5 f\u00f6r att uppt\u00e4cka Carratraca?<\/strong><\/p>\n<\/div><\/div><\/div><\/div><\/div><div class=\"et_pb_section_2 et_pb_section et_section_regular et_block_section\"><div class=\"et_pb_row_9 et_pb_row et_block_row\"><div class=\"et_pb_column_12 et_pb_column et_pb_column_1_2 et_block_column et_pb_css_mix_blend_mode_passthrough\"><div class=\"et_pb_image_6 et_pb_image et_pb_module et_block_module\"><span class=\"et_pb_image_wrap\"><img loading=\"lazy\" decoding=\"async\" src=\"https:\/\/stage.fincasolmark.com\/wp-content\/uploads\/2019\/10\/finca_solmark_i_jornada_puertas_abiertas_casita_rural.jpg\" width=\"800\" height=\"643\" srcset=\"https:\/\/stage.fincasolmark.com\/wp-content\/uploads\/2019\/10\/finca_solmark_i_jornada_puertas_abiertas_casita_rural.jpg 800w, https:\/\/stage.fincasolmark.com\/wp-content\/uploads\/2019\/10\/finca_solmark_i_jornada_puertas_abiertas_casita_rural-480x386.jpg 480w\" sizes=\"(min-width: 0px) and (max-width: 480px) 480px, (min-width: 481px) 800px, 100vw\" class=\"wp-image-242400\" \/><\/span><\/div><\/div><div class=\"et_pb_column_13 et_pb_column et_pb_column_1_2 et-last-child et_block_column et_pb_css_mix_blend_mode_passthrough\"><div class=\"et_pb_text_9 et_pb_text et_pb_bg_layout_light et_pb_module et_block_module\"><div class=\"et_pb_text_inner\"><p><strong>OM FINCA SOLMARK<\/strong><\/p>\n<p><strong><em>Finca Solmark<\/em><\/strong><em> \u00e4r en<strong>\u00a0Ekoturism p\u00e5 landsbygden<\/strong>\u00a0med spansk-svenskt ursprung som \u00e4gnar sig \u00e5t framst\u00e4llning, f\u00f6rs\u00e4ljning och export till Europa av olivolja, avokado och andra ekologiska produkter. De har ett charmigt landsbygdsboende med flera projekt inom milj\u00f6medvetande, -f\u00f6rankring och -utbildning.<\/em><\/p>\n<p>&nbsp;<\/p>\n<p><strong>Web:<\/strong>\u00a0<a href=\"https:\/\/stage.fincasolmark.com\/\">https:\/\/stage.fincasolmark.com\/<\/a><\/p>\n<p><strong>E-mail:<\/strong>\u00a0<a href=\"mailto:hi@fincasolmark.com\">hi@fincasolmark.com<\/a><\/p>\n<\/div><\/div><\/div><\/div><\/div>\n","protected":false},"excerpt":{"rendered":"<p>Ungef\u00e4r 50 km fr\u00e5n Malaga finns en liten skatt i provinsen Malaga, byn Carratraca. Smala gator och vita hus, denna kommun \u00e4r mycket attraktiv och detta g\u00f6r den till ett trevligt och unikt st\u00e4lle att bes\u00f6ka f\u00f6r de som vill uppleva magiken i de andalusiska bergsbyarna.<\/p>\n","protected":false},"author":1,"featured_media":244804,"comment_status":"closed","ping_status":"closed","sticky":false,"template":"","format":"standard","meta":{"footnotes":""},"categories":[106,102,1,101],"tags":[],"class_list":["post-245853","post","type-post","status-publish","format-standard","has-post-thumbnail","hentry","category-escapadas-sv","category-naturaleza-sv","category-sin-categorizar","category-turismo-rural-sv"],"_links":{"self":[{"href":"https:\/\/stage.fincasolmark.com\/sv\/wp-json\/wp\/v2\/posts\/245853","targetHints":{"allow":["GET"]}}],"collection":[{"href":"https:\/\/stage.fincasolmark.com\/sv\/wp-json\/wp\/v2\/posts"}],"about":[{"href":"https:\/\/stage.fincasolmark.com\/sv\/wp-json\/wp\/v2\/types\/post"}],"author":[{"embeddable":true,"href":"https:\/\/stage.fincasolmark.com\/sv\/wp-json\/wp\/v2\/users\/1"}],"replies":[{"embeddable":true,"href":"https:\/\/stage.fincasolmark.com\/sv\/wp-json\/wp\/v2\/comments?post=245853"}],"version-history":[{"count":2,"href":"https:\/\/stage.fincasolmark.com\/sv\/wp-json\/wp\/v2\/posts\/245853\/revisions"}],"predecessor-version":[{"id":380919,"href":"https:\/\/stage.fincasolmark.com\/sv\/wp-json\/wp\/v2\/posts\/245853\/revisions\/380919"}],"wp:featuredmedia":[{"embeddable":true,"href":"https:\/\/stage.fincasolmark.com\/sv\/wp-json\/wp\/v2\/media\/244804"}],"wp:attachment":[{"href":"https:\/\/stage.fincasolmark.com\/sv\/wp-json\/wp\/v2\/media?parent=245853"}],"wp:term":[{"taxonomy":"category","embeddable":true,"href":"https:\/\/stage.fincasolmark.com\/sv\/wp-json\/wp\/v2\/categories?post=245853"},{"taxonomy":"post_tag","embeddable":true,"href":"https:\/\/stage.fincasolmark.com\/sv\/wp-json\/wp\/v2\/tags?post=245853"}],"curies":[{"name":"wp","href":"https:\/\/api.w.org\/{rel}","templated":true}]}}