{"id":246229,"date":"2020-02-05T00:02:00","date_gmt":"2020-02-05T00:02:00","guid":{"rendered":"https:\/\/stage.fincasolmark.com\/funderar-du-pa-att-flytta-till-spanien-carratraca-ar-stallet\/"},"modified":"2026-08-13T13:31:29","modified_gmt":"2026-08-13T11:31:29","slug":"funderar-du-pa-att-flytta-till-spanien-carratraca-ar-stallet","status":"publish","type":"post","link":"https:\/\/stage.fincasolmark.com\/sv\/funderar-du-pa-att-flytta-till-spanien-carratraca-ar-stallet\/","title":{"rendered":"Funderar du p\u00e5 att flytta till Spanien? Carratraca \u00e4r st\u00e4llet!"},"content":{"rendered":"\n<div class=\"et_pb_section_0 et_pb_section et_section_regular et_block_section\"><\/div><div class=\"et_pb_section_1 et_pb_section et_section_regular et_block_section\"><div class=\"et_pb_row_0 et_pb_row et_block_row\"><div class=\"et_pb_column_0 et_pb_column et_pb_column_1_3 et_block_column et_pb_css_mix_blend_mode_passthrough\"><div class=\"et_pb_text_0 et_pb_text et_pb_bg_layout_light et_pb_module et_block_module\"><div class=\"et_pb_text_inner\"><p>3<\/p>\n<\/div><\/div><div class=\"et_pb_divider_0 et_pb_divider et_pb_space et_pb_divider_position_top et_pb_module\"><div class=\"et_pb_divider_internal\"><\/div><\/div><div class=\"et_pb_text_1 et_pb_text et_pb_bg_layout_light et_pb_module et_block_module\"><div class=\"et_pb_text_inner\"><p id=\"tw-target-text\" class=\"tw-data-text tw-text-large tw-ta\" data-placeholder=\"Traducci\u00f3n\">Februari, 2020<\/p>\n<\/div><\/div><\/div><div class=\"et_pb_column_1 et_pb_column et_pb_column_2_3 et-last-child et_block_column et_pb_css_mix_blend_mode_passthrough\"><div class=\"et_pb_text_2 et_pb_text et_pb_bg_layout_light et_pb_module et_block_module et_pb_text_align_center\"><div class=\"et_pb_text_inner\"><h1><b><span style=\"font-size: xx-large;\">Funderar du p\u00e5 att flytta till Spanien? Carratraca \u00e4r st\u00e4llet!<\/span><\/b><\/h1>\n<\/div><\/div><div class=\"et_pb_divider_1 et_pb_divider et_pb_space et_pb_divider_position_top et_pb_module\"><div class=\"et_pb_divider_internal\"><\/div><\/div><\/div><\/div><div class=\"et_pb_row_1 et_pb_row et_block_row\"><div class=\"et_pb_column_2 et_pb_column et_pb_column_4_4 et-last-child et_block_column et_pb_css_mix_blend_mode_passthrough\"><div class=\"et_pb_text_3 et_pb_text et_pb_bg_layout_light et_pb_module et_block_module\"><div class=\"et_pb_text_inner\"><p dir=\"ltr\">V\u00e5r v\u00e4rld och milj\u00f6 upplever just nu stora f\u00f6r\u00e4ndringar. Den st\u00f6rsta delen av befolkningen bor i v\u00e5ra storst\u00e4der p\u00e5 grund av att utbudet av arbete, studier och n\u00f6jen \u00e4r stort d\u00e4r. Digitaliseringen m\u00f6jligg\u00f6r emellertid f\u00f6r att man allt oftare kan jobba digitalt p\u00e5 distans och det blir d\u00e4rmed att man v\u00e4ljer att jobba och bo i sm\u00e5 byar.<\/p>\n<p dir=\"ltr\"><b>Sk\u00e4len k\u00e4nns ofta sj\u00e4lvklara, att bo i en liten by \u00e4r synonymt med livskvalitet<\/b>. Bost\u00e4derna \u00e4r betydligt billigare och du f\u00e5r mer yta f\u00f6r pengarna, det vill s\u00e4ga st\u00f6rre komfort till l\u00e4gre kostnad.<\/p>\n<p dir=\"ltr\">Den aspekt som kanske de flesta s\u00e4tter st\u00f6rst v\u00e4rde p\u00e5 n\u00e4r de flyttar till en by, \u00e4r lugnet som vilar \u00f6ver byar - l\u00e5ngt fr\u00e5n stress i tunnelbanor eller trafik, f\u00f6roreningar och folk som r\u00f6r sig snabbt f\u00f6r att n\u00e5 sina m\u00e5l. I byarna \u00e4r rytmen annorlunda - lugnare och livet flyter p\u00e5 som \u00f6dmjukt vatten porlandes fram utan br\u00e5dska f\u00f6r att slutligen n\u00e5 havet.<\/p>\n<p dir=\"ltr\">I byarna finns det dessutom ekologiska f\u00e4rska livsmedel i \u00f6verfl\u00f6d som inneb\u00e4r att inv\u00e5narna kan leva ett h\u00e4lsosammare liv. Ut\u00f6ver den h\u00e4lsosamma maten s\u00e5 kan man ocks\u00e5 njuta av h\u00e4rligt frisk luft d\u00e5 man vandrar runt i byarna.<\/p>\n<p dir=\"ltr\">F\u00f6rdelarna som vi finner i de sm\u00e5 byarna g\u00e4ller alla - s\u00e5v\u00e4l f\u00f6r familjen som f\u00f6r n\u00e4ra och k\u00e4ra. Barn som v\u00e4xer upp n\u00e4ra naturen har mer utrymme f\u00f6r lek, l\u00e4r sig uppskatta lantliga promenader samt uppskatta ekologisk kost. \u00c4ven husdjuren m\u00e5r b\u00e4ttre av mer tillg\u00e4nglig yta att springa runt p\u00e5.<\/p>\n<p dir=\"ltr\">Sm\u00e5 byar annordnar ofta uppskattade aktiviteter som kan vara sv\u00e5ra att finna i storst\u00e4der, exempelvis odling av egna frukt- och gr\u00f6nsakstr\u00e4dg\u00e5rdar, vandringsturer i bergen eller f\u00e5gelsk\u00e5dning.<\/p>\n<\/div><\/div><div class=\"et_pb_image_0 et_pb_image et_pb_module et_block_module\"><span class=\"et_pb_image_wrap\"><img loading=\"lazy\" decoding=\"async\" src=\"https:\/\/stage.fincasolmark.com\/wp-content\/uploads\/2020\/01\/finca_solmark_actividades_visita_la_finca_cab.jpg\" width=\"1180\" height=\"558\" srcset=\"https:\/\/stage.fincasolmark.com\/wp-content\/uploads\/2020\/01\/finca_solmark_actividades_visita_la_finca_cab.jpg 1180w, https:\/\/stage.fincasolmark.com\/wp-content\/uploads\/2020\/01\/finca_solmark_actividades_visita_la_finca_cab-980x463.jpg 980w, https:\/\/stage.fincasolmark.com\/wp-content\/uploads\/2020\/01\/finca_solmark_actividades_visita_la_finca_cab-480x227.jpg 480w\" sizes=\"(min-width: 0px) and (max-width: 480px) 480px, (min-width: 481px) and (max-width: 980px) 980px, (min-width: 981px) 1180px, 100vw\" class=\"wp-image-245752\" \/><\/span><\/div><div class=\"et_pb_text_4 et_pb_text et_pb_bg_layout_light et_pb_module et_block_module\"><div class=\"et_pb_text_inner\"><p dir=\"ltr\">En str\u00e4van att \u00f6ka milj\u00f6medvetandet och alla de ovan n\u00e4mnda f\u00f6rdelarna var det som fick <b>Pelle Lundborg<\/b> att skapa <b>Finca Solmark<\/b> i det vackra landskapet <b>Carratraca <\/b>i M\u00e1laga. Carratraca \u00e4r en lugn och vacker by d\u00e4r solen skiner st\u00f6rsta delen av \u00e5ret och som har n\u00e4rhet till underbara st\u00e4llen s\u00e5som El Chorro, El caminito del Rey eller el Parque Nacional de Ardales.<\/p>\n<p dir=\"ltr\"><b>Finca Solmark<\/b> arrangerar uppskattade utflykter och\u00a0 har ekologiskt jordbruk (vi odlar v\u00e5ra egna avokador och tillverkar olivolja), vandring p\u00e5 landsbygden, utflykter f\u00f6r att l\u00e4ra k\u00e4nna de olika mineraler som finns i omr\u00e5det, fest f\u00f6r de som adopterat olivtr\u00e4d, guidad tur p\u00e5 fincan samt gastronomiska upplevelser f\u00f6r de som tycker om medelhavskost.<\/p>\n<p dir=\"ltr\">Om ni vill njuta av lugnet, sol och natur i Carratraca, kontakta oss s\u00e5 hj\u00e4lper vi g\u00e4rna till med att hitta ett bra boende i denna underbara andalusiska by, b\u00e5de f\u00f6r kortids- eller l\u00e5ngtidsboende.<\/p>\n<p dir=\"ltr\"><b>Skulle du v\u00e5ga ta steget och flytta ifr\u00e5n staden f\u00f6r att bo i en liten by?<\/b><\/p>\n<\/div><\/div><\/div><\/div><\/div><div class=\"et_pb_section_2 et_pb_section et_section_regular et_block_section\"><div class=\"et_pb_row_2 et_pb_row et_block_row\"><div class=\"et_pb_column_3 et_pb_column et_pb_column_1_2 et_block_column et_pb_css_mix_blend_mode_passthrough\"><div class=\"et_pb_image_1 et_pb_image et_pb_module et_block_module\"><span class=\"et_pb_image_wrap\"><img loading=\"lazy\" decoding=\"async\" src=\"https:\/\/stage.fincasolmark.com\/wp-content\/uploads\/2019\/10\/finca_solmark_i_jornada_puertas_abiertas_casita_rural.jpg\" width=\"800\" height=\"643\" srcset=\"https:\/\/stage.fincasolmark.com\/wp-content\/uploads\/2019\/10\/finca_solmark_i_jornada_puertas_abiertas_casita_rural.jpg 800w, https:\/\/stage.fincasolmark.com\/wp-content\/uploads\/2019\/10\/finca_solmark_i_jornada_puertas_abiertas_casita_rural-480x386.jpg 480w\" sizes=\"(min-width: 0px) and (max-width: 480px) 480px, (min-width: 481px) 800px, 100vw\" class=\"wp-image-242400\" \/><\/span><\/div><\/div><div class=\"et_pb_column_4 et_pb_column et_pb_column_1_2 et-last-child et_block_column et_pb_css_mix_blend_mode_passthrough\"><div class=\"et_pb_text_5 et_pb_text et_pb_bg_layout_light et_pb_module et_block_module\"><div class=\"et_pb_text_inner\"><p><strong>OM FINCA SOLMARK<\/strong><\/p>\n<p><strong><em>Finca Solmark<\/em><\/strong><em>\u00a0erbjuder eko-h\u00e5llbar landsbygdsturism med spanskt-svenskt ursprung med huvudsaklig aktivitet kring tillverkning, marknadsf\u00f6ring och export av olivolja virgen extra, avokador samt andra ekologiska produkter till Sverige och andra europeiska l\u00e4nder. Fincan erbjuder logi i lantlig milj\u00f6 i charmiga Carratraca, M\u00e1laga, en av de vackraste platserna i s\u00f6dra Spanien. D\u00e4r kan man ut\u00f6va aktiviteter inom turism,<br \/>\ngastronomi, kultur, vetenskap, sport, h\u00e4lsa och v\u00e4lbefinnande. Finca Solmark \u00e4r dessutom unik f\u00f6r sina projekt om att \u00f6ka medvetenhet och utbildning kring milj\u00f6h\u00e4nsyn.<\/em><\/p>\n<p>&nbsp;<\/p>\n<p><strong>Web:<\/strong>\u00a0<a href=\"https:\/\/stage.fincasolmark.com\/\">https:\/\/stage.fincasolmark.com\/<\/a><\/p>\n<p><strong>E-mail:<\/strong>\u00a0<a href=\"mailto:hi@fincasolmark.com\">hi@fincasolmark.com<\/a><\/p>\n<\/div><\/div><\/div><\/div><\/div>\n","protected":false},"excerpt":{"rendered":"<p>V\u00e5r v\u00e4rld och milj\u00f6 upplever just nu stora f\u00f6r\u00e4ndringar. Den st\u00f6rsta delen av befolkningen bor i v\u00e5ra storst\u00e4der p\u00e5 grund av att utbudet av arbete, studier och n\u00f6jen \u00e4r stort d\u00e4r. Digitaliseringen m\u00f6jligg\u00f6r emellertid f\u00f6r att man allt oftare kan jobba digitalt p\u00e5 distans och det blir d\u00e4rmed att man v\u00e4ljer att jobba och bo i sm\u00e5 byar.<\/p>\n","protected":false},"author":1,"featured_media":246234,"comment_status":"closed","ping_status":"closed","sticky":false,"template":"","format":"standard","meta":{"footnotes":""},"categories":[102,104],"tags":[],"class_list":["post-246229","post","type-post","status-publish","format-standard","has-post-thumbnail","hentry","category-naturaleza-sv","category-salud-bienestar-sv"],"_links":{"self":[{"href":"https:\/\/stage.fincasolmark.com\/sv\/wp-json\/wp\/v2\/posts\/246229","targetHints":{"allow":["GET"]}}],"collection":[{"href":"https:\/\/stage.fincasolmark.com\/sv\/wp-json\/wp\/v2\/posts"}],"about":[{"href":"https:\/\/stage.fincasolmark.com\/sv\/wp-json\/wp\/v2\/types\/post"}],"author":[{"embeddable":true,"href":"https:\/\/stage.fincasolmark.com\/sv\/wp-json\/wp\/v2\/users\/1"}],"replies":[{"embeddable":true,"href":"https:\/\/stage.fincasolmark.com\/sv\/wp-json\/wp\/v2\/comments?post=246229"}],"version-history":[{"count":1,"href":"https:\/\/stage.fincasolmark.com\/sv\/wp-json\/wp\/v2\/posts\/246229\/revisions"}],"predecessor-version":[{"id":380632,"href":"https:\/\/stage.fincasolmark.com\/sv\/wp-json\/wp\/v2\/posts\/246229\/revisions\/380632"}],"wp:featuredmedia":[{"embeddable":true,"href":"https:\/\/stage.fincasolmark.com\/sv\/wp-json\/wp\/v2\/media\/246234"}],"wp:attachment":[{"href":"https:\/\/stage.fincasolmark.com\/sv\/wp-json\/wp\/v2\/media?parent=246229"}],"wp:term":[{"taxonomy":"category","embeddable":true,"href":"https:\/\/stage.fincasolmark.com\/sv\/wp-json\/wp\/v2\/categories?post=246229"},{"taxonomy":"post_tag","embeddable":true,"href":"https:\/\/stage.fincasolmark.com\/sv\/wp-json\/wp\/v2\/tags?post=246229"}],"curies":[{"name":"wp","href":"https:\/\/api.w.org\/{rel}","templated":true}]}}