{"id":248188,"date":"2020-04-15T11:51:00","date_gmt":"2020-04-15T11:51:00","guid":{"rendered":"https:\/\/stage.fincasolmark.com\/finca-solmark-intervjuar-anna-fransson\/"},"modified":"2020-06-04T07:24:57","modified_gmt":"2020-06-04T07:24:57","slug":"finca-solmark-intervjuar-anna-fransson","status":"publish","type":"post","link":"https:\/\/stage.fincasolmark.com\/sv\/finca-solmark-intervjuar-anna-fransson\/","title":{"rendered":"Finca Solmark intervjuar Anna Fransson"},"content":{"rendered":"<p>[et_pb_section fb_built=&#8221;1&#8243; _builder_version=&#8221;4.4.2&#8243; background_image=&#8221;https:\/\/stage.fincasolmark.com\/wp-content\/uploads\/2020\/04\/finca_solmark_entrevista_anna_fransson_cab.jpg&#8221; custom_padding=&#8221;276px||226px|||&#8221;][\/et_pb_section][et_pb_section fb_built=&#8221;1&#8243; custom_padding_last_edited=&#8221;on|phone&#8221; admin_label=&#8221;Section&#8221; _builder_version=&#8221;3.29.3&#8243; background_enable_color=&#8221;off&#8221; custom_padding=&#8221;||3px|||&#8221; custom_padding_tablet=&#8221;50px|0|0px|0|false|false&#8221; custom_padding_phone=&#8221;&#8221; transparent_background=&#8221;off&#8221; make_fullwidth=&#8221;off&#8221; use_custom_width=&#8221;off&#8221; width_unit=&#8221;on&#8221;][et_pb_row column_structure=&#8221;1_3,2_3&#8243; padding_mobile=&#8221;on&#8221; column_padding_mobile=&#8221;on&#8221; admin_label=&#8221;row&#8221; _builder_version=&#8221;3.25&#8243; background_size=&#8221;initial&#8221; background_position=&#8221;top_left&#8221; background_repeat=&#8221;repeat&#8221; custom_padding=&#8221;0px||5px|||&#8221; make_fullwidth=&#8221;off&#8221; use_custom_width=&#8221;off&#8221; width_unit=&#8221;on&#8221;][et_pb_column type=&#8221;1_3&#8243; _builder_version=&#8221;3.25&#8243; custom_padding=&#8221;|||&#8221; custom_padding__hover=&#8221;|||&#8221;][et_pb_text admin_label=&#8221;Text&#8221; _builder_version=&#8221;4.4.2&#8243; text_font=&#8221;||||||||&#8221; text_text_color=&#8221;#323232&#8243; text_font_size=&#8221;5vw&#8221; text_line_height=&#8221;1.1em&#8221; background_size=&#8221;initial&#8221; background_position=&#8221;top_left&#8221; background_repeat=&#8221;repeat&#8221; custom_margin=&#8221;0px||0px|&#8221; text_font_size_tablet=&#8221;9vw&#8221; text_font_size_phone=&#8221;13vw&#8221; text_font_size_last_edited=&#8221;on|desktop&#8221; use_border_color=&#8221;off&#8221; border_color=&#8221;#ffffff&#8221; border_style=&#8221;solid&#8221;]<\/p>\n<p>16<\/p>\n<p>[\/et_pb_text][et_pb_divider color=&#8221;#aeaeac&#8221; admin_label=&#8221;Divider&#8221; _builder_version=&#8221;3.2&#8243; custom_css_main_element=&#8221;width:20px;&#8221; hide_on_mobile=&#8221;off&#8221;][\/et_pb_divider][et_pb_text admin_label=&#8221;Text&#8221; _builder_version=&#8221;4.4.2&#8243; text_font=&#8221;|700|||||||&#8221; text_text_color=&#8221;#363636&#8243; text_font_size=&#8221;18&#8243; background_size=&#8221;initial&#8221; background_position=&#8221;top_left&#8221; background_repeat=&#8221;repeat&#8221; custom_margin=&#8221;-10px||0px|&#8221; use_border_color=&#8221;off&#8221; border_color=&#8221;#ffffff&#8221; border_style=&#8221;solid&#8221;]<\/p>\n<p>April, 2020<\/p>\n<p>[\/et_pb_text][\/et_pb_column][et_pb_column type=&#8221;2_3&#8243; _builder_version=&#8221;3.25&#8243; custom_padding=&#8221;|||&#8221; custom_padding__hover=&#8221;|||&#8221;][et_pb_text admin_label=&#8221;Text&#8221; _builder_version=&#8221;4.4.2&#8243; text_font=&#8221;Libre Franklin||||||||&#8221; text_text_color=&#8221;#02b875&#8243; header_font=&#8221;Libre Franklin||||||||&#8221; header_text_color=&#8221;#ad9a6b&#8221; background_size=&#8221;initial&#8221; background_position=&#8221;top_left&#8221; background_repeat=&#8221;repeat&#8221; min_height=&#8221;45px&#8221; custom_margin=&#8221;20px||-10px|||&#8221; custom_padding=&#8221;||0px|||&#8221; use_border_color=&#8221;off&#8221; border_color=&#8221;#ffffff&#8221; border_style=&#8221;solid&#8221;]<\/p>\n<h1><strong>Finca Solmark intervjuar <\/strong><\/h1>\n<h1><strong>Anna Fransson<br \/><\/strong><\/h1>\n<p>[\/et_pb_text][et_pb_divider _builder_version=&#8221;3.29.2&#8243; custom_margin=&#8221;||-7px|||&#8221;][\/et_pb_divider][\/et_pb_column][\/et_pb_row][et_pb_row _builder_version=&#8221;4.2.2&#8243;][et_pb_column type=&#8221;4_4&#8243; _builder_version=&#8221;4.2.2&#8243;][et_pb_text admin_label=&#8221;Text&#8221; _builder_version=&#8221;4.4.2&#8243; text_font=&#8221;||||||||&#8221; text_text_color=&#8221;#363636&#8243; text_font_size=&#8221;1.2vw&#8221; text_line_height=&#8221;1.4em&#8221; background_size=&#8221;initial&#8221; background_position=&#8221;top_left&#8221; background_repeat=&#8221;repeat&#8221; custom_margin=&#8221;10px||0px|&#8221; custom_padding=&#8221;25px||5px|||&#8221; text_font_size_tablet=&#8221;2.3vw&#8221; text_font_size_phone=&#8221;3.7vw&#8221; text_font_size_last_edited=&#8221;on|phone&#8221; use_border_color=&#8221;off&#8221; border_color=&#8221;#ffffff&#8221; border_style=&#8221;solid&#8221;]September 2019 b\u00f6rjade <strong>Anna Fransson<\/strong> p\u00e5 <strong>svensk-spanska handelskammaren<\/strong> som <strong>VD<\/strong>. Hennes roll \u00e4r att \u00f6ka v\u00e4rdet av medlemskapet i handelskammaren och medlemmarnas n\u00e4rvaro i det spanska aff\u00e4rsn\u00e4tverket samt rapportera till styrelsens ordf\u00f6rande Luisa Alli, IKEAs kommunikationschef i Spanien.<\/p>\n<p>Anna har omfattande utbildning och utm\u00e4rker sig f\u00f6r sin entrepren\u00f6rsanda. Hennes yrkeserfarenhet bygger p\u00e5 <strong>internationella relationer, milj\u00f6 och h\u00e5llbarhet.<\/strong><\/p>\n<p>Hennes personlighet g\u00e5r inte obem\u00e4rkt f\u00f6rbi: <strong>socialt engagemang, ledarskap av grupper, empati, uth\u00e5llighet och kreativitet bland annat.<\/strong><\/p>\n<p>Innan hon b\u00f6rjade p\u00e5 spansk-svenska handelskammare, drev Anna ett spanskt dotterbolag till det svenska familjef\u00f6retaget <strong>Franssons Recycling Machines<\/strong>, som hon \u00e4r mycket stolt \u00f6ver. Ett banbrytande f\u00f6retag som tillverkar maskiner f\u00f6r hantering av industriavfalls\u00e5tervinning.<\/p>\n<p>Anna \u00e4r optimistisk, glad, energisk, nyfiken \u00f6ver naturen och har stor kapacitet f\u00f6r kontinuerligt l\u00e4rande. Hennes senaste <strong>studier<\/strong> \u00e4r en Master i internationella relationer p\u00e5 universitetet Freire i Berlin, samt en Master inom f\u00f6rhandling p\u00e5 Harvard Business School och global milj\u00f6ledning p\u00e5 Tekniska universitetet i Danmark.<\/p>\n<p>Med en <strong>positiv och konstruktiv attityd<\/strong> och en profil som kombinerar det b\u00e4sta av Sverige och Spanien, i en VUCA milj\u00f6 som den nuvarande, tar hon sig an utmaningen att f\u00f6rs\u00f6ka komma lite n\u00e4rmare medlemmarna under karant\u00e4nen. Detta genom att ge <strong>seminarier och m\u00f6ten<\/strong> <strong>online<\/strong> om de viktigaste utmaningarna som bekymrar oss alla i dessa tider. Och precis i \u00e5r, 2020, d\u00e5 svensk-spanska handelskammaren fyller 70 \u00e5r av historia i Spanien.<\/p>\n<p><strong>FR\u00c5GOR:<\/strong>[\/et_pb_text][\/et_pb_column][\/et_pb_row][et_pb_row column_structure=&#8221;1_2,1_2&#8243; _builder_version=&#8221;3.29.3&#8243;][et_pb_column type=&#8221;1_2&#8243; _builder_version=&#8221;3.29.3&#8243;][et_pb_image src=&#8221;https:\/\/stage.fincasolmark.com\/wp-content\/uploads\/2020\/04\/finca_solmark_entrevista_anna_fransson_01.jpg&#8221; align=&#8221;center&#8221; _builder_version=&#8221;4.4.2&#8243; max_width=&#8221;100%&#8221; module_alignment=&#8221;center&#8221; box_shadow_style=&#8221;preset1&#8243;][\/et_pb_image][\/et_pb_column][et_pb_column type=&#8221;1_2&#8243; _builder_version=&#8221;3.29.3&#8243;][et_pb_text admin_label=&#8221;Text&#8221; _builder_version=&#8221;4.4.2&#8243; text_font=&#8221;||||||||&#8221; text_text_color=&#8221;#363636&#8243; text_font_size=&#8221;1.2vw&#8221; text_line_height=&#8221;1.4em&#8221; background_size=&#8221;initial&#8221; background_position=&#8221;top_left&#8221; background_repeat=&#8221;repeat&#8221; custom_margin=&#8221;||26px||false|false&#8221; custom_margin_tablet=&#8221;0%||||false|false&#8221; custom_margin_phone=&#8221;&#8221; custom_margin_last_edited=&#8221;on|desktop&#8221; custom_padding=&#8221;0px||0px||false|false&#8221; text_font_size_tablet=&#8221;2.3vw&#8221; text_font_size_phone=&#8221;3.7vw&#8221; text_font_size_last_edited=&#8221;on|phone&#8221; use_border_color=&#8221;off&#8221; border_color=&#8221;#ffffff&#8221; border_style=&#8221;solid&#8221;]<strong>Du har varit VD f\u00f6r svensk-spanska handelskammaren i Spanien sedan sista kvartalet 2019. Kan du f\u00f6rklara vad kammarens huvudskliga arebete \u00e4r och vilken typ av medlemmar ni arbetar med s\u00e5 att v\u00e5ra l\u00e4sare kan l\u00e4ra k\u00e4nna er lite b\u00e4ttre? \u00a0<\/strong><\/p>\n<p>Kammaren \u00e4r en privat och oberoende ideell f\u00f6rening som har som m\u00e5l att fr\u00e4mja kommersiella och kulturella relationer mellan Spanien och Sverige. Vi har cirka 200 medlemmar, varav 70% \u00e4r svenska f\u00f6retag och 30% spanska. F\u00f6retagen \u00e4r fr\u00e5n olika sektorer och storlekar, allt fr\u00e5n j\u00e4ttarna IKEA, Scania och Securitas, bland andra, till mikrof\u00f6retag som entrepren\u00f6rer och digitala startups. Kammaren grundades \u00e5r 1950 i Madrid d\u00e4r vi fortfarande har v\u00e5rt kontor. Vi har sex delegationer som ligger i Valencia, Alicante, M\u00e1laga, Sevilla, Baskien och Sverige.[\/et_pb_text][\/et_pb_column][\/et_pb_row][et_pb_row _builder_version=&#8221;4.3.4&#8243;][et_pb_column type=&#8221;4_4&#8243; _builder_version=&#8221;4.3.4&#8243;][et_pb_text admin_label=&#8221;Text&#8221; _builder_version=&#8221;4.4.2&#8243; text_font=&#8221;||||||||&#8221; text_text_color=&#8221;#363636&#8243; text_font_size=&#8221;1.2vw&#8221; text_line_height=&#8221;1.4em&#8221; background_size=&#8221;initial&#8221; background_position=&#8221;top_left&#8221; background_repeat=&#8221;repeat&#8221; custom_margin=&#8221;||26px||false|false&#8221; custom_margin_tablet=&#8221;0%||||false|false&#8221; custom_margin_phone=&#8221;&#8221; custom_margin_last_edited=&#8221;on|desktop&#8221; custom_padding=&#8221;0px||0px||false|false&#8221; text_font_size_tablet=&#8221;2.3vw&#8221; text_font_size_phone=&#8221;3.7vw&#8221; text_font_size_last_edited=&#8221;on|phone&#8221; use_border_color=&#8221;off&#8221; border_color=&#8221;#ffffff&#8221; border_style=&#8221;solid&#8221;]<strong>Innan du b\u00f6rjade p\u00e5 kammaren ledde du ett spanskt dotterbolag till det svenska familjef\u00f6retaget Franssons Recycling Machines, ett banbrytande f\u00f6retag som tillverkar maskiner f\u00f6r hantering av industriavfalls\u00e5tervinning. Kan du ber\u00e4tta vad din erfarenhet var, vad du huvudsakligen l\u00e4rde dig d\u00e4r och om ditt intresse f\u00f6r allm\u00e4nt socialt f\u00f6retagsansvar f\u00f6ddes d\u00e4r? <\/strong><\/p>\n<p>Erfarenheten fr\u00e5n de tio \u00e5ren var otrolig och jag \u00e4r j\u00e4ttestolt \u00f6ver att ha varit med och f\u00e5tt uppleva den tiden i svensk industrihistoria. F\u00f6retaget grundades av min farfar 1945 i Sundsvall i norra Sverige. P\u00e5 den tiden var maskinerna avsedda att bearbeta tr\u00e4 och papper, den ledande inom branschen i omr\u00e5det, eftersom det inte fanns n\u00e5got avfall och plast&#8230; eller ingen pratade i alla fall om det. F\u00f6retaget utvecklades med tiden och min far b\u00f6rjade job ba p\u00e5 f\u00f6retaget p\u00e5\u00e5ttiotalet. Precis d\u00e5 b\u00f6rjade f\u00f6retaget tillverka maskiner f\u00f6r att behandla hush\u00e5llsavfall och en serie nya avfall varteftersom samh\u00e4llet och material moderniserades. Senare bytte f\u00f6retaget namn till \u201dFranssons Recycling Machines\u201d vilket var n\u00e4r vi som samh\u00e4lle b\u00f6rjade bli mer medvetna och f\u00f6retaget b\u00f6rjade internationalisera sig.<\/p>\n<p>Jag \u00e4lskar avfall. N\u00e4r jag s\u00e4ger detta tittar folk f\u00f6rv\u00e5nat p\u00e5 mig! Sedan f\u00e5r jag f\u00f6rklara att <strong>avfall <\/strong>\u00e4r egentligen en <strong>indikator p\u00e5 ett samh\u00e4lle<\/strong> av olika anledningar: ekonomin, politiken, demografin, geografin, vetenskapen och utbildningen. Beroende p\u00e5 i vilket land, i vilken region och vilken \u00e5rstid det \u00e4r, varierar inneh\u00e5llet och m\u00e4ngden vilket g\u00f6r att processen blir annorlunda. Till exempel, avfallet i Kenya inneh\u00e5ller mycket organiskt och lite plast. I Sverige inneh\u00e5ller avfallet v\u00e4ldigt mycket plast. Detta \u00e4r en indikator p\u00e5 landets ekonomi, dess politik och till och med dess sociala liv.<\/p>\n<p>Jag har tr\u00e4ffat m\u00e5nga f\u00f6retagare som inte bara vill ha ett l\u00f6nsamt f\u00f6retag utan ocks\u00e5 vill v\u00e4rna f\u00f6r milj\u00f6n. Men ofta \u00e4r administrationen v\u00e4ldigt l\u00e5ngsam med att utf\u00e4rda tillst\u00e5nd. Det g\u00e5r inte ihop eftersom politikerna inte reglerat avfallshanteringen. Dessutom finns det andra utmaningar som korruption och kommission\u00e4rer, beroende p\u00e5 land, n\u00e4ringslivskultur och lokal politik. Om vi stannar upp och t\u00e4nker p\u00e5 att avfall \u00e4r det som varje medborgare producerar mest av, det vill s\u00e4ga ett par kilo per person varje dag, beroende p\u00e5 land, s\u00e5 kan vi b\u00f6rja f\u00f6rst\u00e5 att det \u00e4r ett allvarligt tema. F\u00e5 politiker uppm\u00e4rksammar denna fr\u00e5ga tillr\u00e4ckligt eftersom tidsfristerna \u00e4r l\u00e5nga och de \u00f6verskrider deras period av lagstiftning. P\u00e5 grund av detta b\u00f6rjade jag studera Master i internationella relationer och global politik vid universitetet Freire i Berlin. Avfall \u00e4r ett problem, men det kan ocks\u00e5 vara en energik\u00e4lla om vi hanterar det p\u00e5 r\u00e4tt s\u00e4tt p\u00e5 en global politisk niv\u00e5.[\/et_pb_text][et_pb_text admin_label=&#8221;Text&#8221; _builder_version=&#8221;4.4.2&#8243; text_font=&#8221;||||||||&#8221; text_text_color=&#8221;#363636&#8243; text_font_size=&#8221;1.2vw&#8221; text_line_height=&#8221;1.4em&#8221; background_size=&#8221;initial&#8221; background_position=&#8221;top_left&#8221; background_repeat=&#8221;repeat&#8221; custom_margin=&#8221;||26px||false|false&#8221; custom_margin_tablet=&#8221;0%||||false|false&#8221; custom_margin_phone=&#8221;&#8221; custom_margin_last_edited=&#8221;on|desktop&#8221; custom_padding=&#8221;0px||0px||false|false&#8221; text_font_size_tablet=&#8221;2.3vw&#8221; text_font_size_phone=&#8221;3.7vw&#8221; text_font_size_last_edited=&#8221;on|phone&#8221; use_border_color=&#8221;off&#8221; border_color=&#8221;#ffffff&#8221; border_style=&#8221;solid&#8221;]<strong>Du har omfattande utbildning och yrkeserfarenhet inom milj\u00f6 och h\u00e5llbarhet. Tycker du att f\u00f6retag verkligen \u00e4r medvetna om klimatf\u00f6r\u00e4ndringarna? Har du n\u00e5gra f\u00f6rslag f\u00f6r f\u00f6retag s\u00e5 att de verkligen vidtar \u00e5tg\u00e4rder i detta allvarliga problem? <\/strong><\/p>\n<p>Ja, lyckligtvis tror jag att f\u00f6retag blir alltmer medvetna och att fler kommer haka p\u00e5 inom en snar framtid \u00e4ven om det fortfarande finns mycket kvar att g\u00f6ra. Jag \u00e4r av den \u00e5sikten att m\u00e4nniskor \u00e4r goda av naturen. Men f\u00f6retagare har m\u00e5nga g\u00e5nger inget val eftersom de m\u00e5ste se till att f\u00f6retaget \u00e4r l\u00f6nsamt. Det \u00e4r grunden f\u00f6r ett f\u00f6retag, annars kan f\u00f6retaget inte existera. Och det \u00e4r d\u00e4r politiken m\u00e5ste komma in och visa v\u00e4gen. Jag tycker att det borde finnas mer reglering, till exempel genom skatter och lagar f\u00f6r de som g\u00f6r \u201dfel\u201d och man b\u00f6r underl\u00e4tta f\u00f6r de som agerar \u201dbra\u201d.\u00a0 Men den regleringen kr\u00e4ver att det finns politiker med den tekniska kapaciteten. Jag har talat med flera av dem om detta och den allm\u00e4na \u00e5sikten \u00e4r att \u201ddetta \u00e4r v\u00e4ldigt komplicerat\u201d, n\u00e5got som inte ger r\u00f6ster p\u00e5 kort sikt. <em>\u201dFolk vill inte ha problem, de vill inte se avfall, de vill bara bli av med det och &#8230; simsalabim\u201d<\/em>, ber\u00e4ttade en politiker f\u00f6r mig vid ett tillf\u00e4lle. Ingen vill bo bredvid en avfallsbehandlingsanl\u00e4ggning. Det \u00e4r ett mycket stort problem som vi m\u00e5ste arbeta med mer och mer i framtiden. I nul\u00e4get, \u00e5tminstone i Spanien, ligger denna reglering l\u00e5ngt ifr\u00e5n verkligheten.[\/et_pb_text][et_pb_text admin_label=&#8221;Text&#8221; _builder_version=&#8221;4.4.2&#8243; text_font=&#8221;||||||||&#8221; text_text_color=&#8221;#363636&#8243; text_font_size=&#8221;1.2vw&#8221; text_line_height=&#8221;1.4em&#8221; background_size=&#8221;initial&#8221; background_position=&#8221;top_left&#8221; background_repeat=&#8221;repeat&#8221; custom_margin=&#8221;||26px||false|false&#8221; custom_margin_tablet=&#8221;0%||||false|false&#8221; custom_margin_phone=&#8221;&#8221; custom_margin_last_edited=&#8221;on|desktop&#8221; custom_padding=&#8221;0px||0px||false|false&#8221; text_font_size_tablet=&#8221;2.3vw&#8221; text_font_size_phone=&#8221;3.7vw&#8221; text_font_size_last_edited=&#8221;on|phone&#8221; use_border_color=&#8221;off&#8221; border_color=&#8221;#ffffff&#8221; border_style=&#8221;solid&#8221;]<strong>Vi har sett att kammaren samarbetar med olika initiativ f\u00f6r att fr\u00e4mja kvinnliga talanger och ledare. Kan du ber\u00e4tta om detta? Har du n\u00e5gra r\u00e5d du kan ge v\u00e5ra l\u00e4sare?<\/strong><\/p>\n<p>Ja, det vi g\u00f6r p\u00e5 kammaren \u00e4r att erbjuda ett utrymme f\u00f6r konversationer, utbildning och n\u00e4tverk. Svenska kvinnor har en h\u00f6g st\u00e4llning i fr\u00e5ga om utbildning och ledarskap. Vi har mycket att l\u00e4ra av dem. Jag har bott i Spanien i 25 \u00e5r s\u00e5 deras ber\u00e4ttelser \u00e4r nyheter f\u00f6r mig ocks\u00e5. Vi borde ocks\u00e5 l\u00e4ra oss av de svenska m\u00e4nnen. De har blivit tvungna att v\u00e4nja sig vid en k\u00f6nsblandad ledning vilken har m\u00e5nga f\u00f6rdelar. R\u00e5d? Keep the spirit! Ge inte upp![\/et_pb_text][et_pb_text admin_label=&#8221;Text&#8221; _builder_version=&#8221;4.4.2&#8243; text_font=&#8221;||||||||&#8221; text_text_color=&#8221;#363636&#8243; text_font_size=&#8221;1.2vw&#8221; text_line_height=&#8221;1.4em&#8221; background_size=&#8221;initial&#8221; background_position=&#8221;top_left&#8221; background_repeat=&#8221;repeat&#8221; custom_margin=&#8221;||26px||false|false&#8221; custom_margin_tablet=&#8221;0%||||false|false&#8221; custom_margin_phone=&#8221;&#8221; custom_margin_last_edited=&#8221;on|desktop&#8221; custom_padding=&#8221;0px||0px||false|false&#8221; text_font_size_tablet=&#8221;2.3vw&#8221; text_font_size_phone=&#8221;3.7vw&#8221; text_font_size_last_edited=&#8221;on|phone&#8221; use_border_color=&#8221;off&#8221; border_color=&#8221;#ffffff&#8221; border_style=&#8221;solid&#8221;]<strong>Vi k\u00e4nner redan till din erfarenhet i aff\u00e4rsledning och internationella relationer och din f\u00f6retagsamma mentalitet. F\u00f6r alla entrepren\u00f6rer, \u00e4ven om det inte finns magiska formler, har du n\u00e5got r\u00e5d f\u00f6r att n\u00e5 framg\u00e5ng? Tycker du inte att det borde finnas mer hj\u00e4lp f\u00f6r en av de mest utsatta sektorerna som t.e.x.landsbygden?<\/strong><\/p>\n<p>Jag tror att utbildning och kontaktn\u00e4tverk \u00e4r viktigt. N\u00e4r du \u00e4r entrepren\u00f6r kan du inte bara ha en bra id\u00e9, du m\u00e5ste \u00e4ven utveckla id\u00e9n och prova den p\u00e5 andra personer. Ibland kan en entrepren\u00f6r k\u00e4nna sig ensam, men det finns m\u00e5nga kontktn\u00e4tverk och inspirationsk\u00e4llor nuf\u00f6rtiden, leta efter och dra nytta av dem! Landsbygdsmilj\u00f6n \u00e4r en verklig utmaning. Det borde definitivt finnas mer hj\u00e4lp f\u00f6r denna sektor. Folk blir mer och mer medvetna om \u201ddet tomma Spanien\u201d eller \u201dden demografiska utmaningen och st\u00f6djer landsbygdsv\u00e4rlden mer i allm\u00e4nhet.[\/et_pb_text][\/et_pb_column][\/et_pb_row][et_pb_row column_structure=&#8221;1_2,1_2&#8243; _builder_version=&#8221;4.4.2&#8243;][et_pb_column type=&#8221;1_2&#8243; _builder_version=&#8221;4.4.2&#8243;][et_pb_image src=&#8221;https:\/\/stage.fincasolmark.com\/wp-content\/uploads\/2020\/02\/finca_solmark_cena_navidad_embajada_sueca_11.jpg&#8221; align=&#8221;center&#8221; _builder_version=&#8221;4.4.2&#8243; max_width=&#8221;100%&#8221; module_alignment=&#8221;center&#8221; box_shadow_style=&#8221;preset1&#8243;][\/et_pb_image][\/et_pb_column][et_pb_column type=&#8221;1_2&#8243; _builder_version=&#8221;4.4.2&#8243;][et_pb_text admin_label=&#8221;Text&#8221; _builder_version=&#8221;4.4.2&#8243; text_font=&#8221;||||||||&#8221; text_text_color=&#8221;#363636&#8243; text_font_size=&#8221;1.2vw&#8221; text_line_height=&#8221;1.4em&#8221; background_size=&#8221;initial&#8221; background_position=&#8221;top_left&#8221; background_repeat=&#8221;repeat&#8221; custom_margin=&#8221;||26px||false|false&#8221; custom_margin_tablet=&#8221;0%||||false|false&#8221; custom_margin_phone=&#8221;&#8221; custom_margin_last_edited=&#8221;on|desktop&#8221; custom_padding=&#8221;0px||0px||false|false&#8221; text_font_size_tablet=&#8221;2.3vw&#8221; text_font_size_phone=&#8221;3.7vw&#8221; text_font_size_last_edited=&#8221;on|phone&#8221; use_border_color=&#8221;off&#8221; border_color=&#8221;#ffffff&#8221; border_style=&#8221;solid&#8221;]<strong>Kammaren erbjuder en unik n\u00e4tverksplattform mellan svenska och spanska f\u00f6retag och \u00e4ven individer med bilaterala intressen. F\u00f6r de som inte inte k\u00e4nner till er \u00e4n och vill vara del av detta kontaktn\u00e4tverk, kan du ber\u00e4tta hur de kan bli delaktiga och vad de kan f\u00f6rv\u00e4nta sig n\u00e4r de blir medlemmar?<\/strong><\/p>\n<p>De kan g\u00e4rna kontakta mig direkt. De kommer att tr\u00e4ffa m\u00e5nga\u00a0 m\u00e4nniskor som vill ha kontakt och utbyta aff\u00f6rsupplevelser och som \u00e4r intreserade av svensk kultur och hur svenskar g\u00f6r aff\u00e4rer.[\/et_pb_text][\/et_pb_column][\/et_pb_row][et_pb_row padding_mobile=&#8221;on&#8221; column_padding_mobile=&#8221;on&#8221; admin_label=&#8221;row&#8221; _builder_version=&#8221;3.25&#8243; background_size=&#8221;initial&#8221; background_position=&#8221;top_left&#8221; background_repeat=&#8221;repeat&#8221; custom_padding=&#8221;0px||6px|||&#8221; make_fullwidth=&#8221;off&#8221; use_custom_width=&#8221;off&#8221; width_unit=&#8221;on&#8221;][et_pb_column type=&#8221;4_4&#8243; _builder_version=&#8221;3.25&#8243; custom_padding=&#8221;|||&#8221; custom_padding__hover=&#8221;|||&#8221;][et_pb_text admin_label=&#8221;Text&#8221; _builder_version=&#8221;4.4.2&#8243; text_font=&#8221;||||||||&#8221; text_text_color=&#8221;#363636&#8243; text_font_size=&#8221;1.2vw&#8221; text_line_height=&#8221;1.4em&#8221; background_size=&#8221;initial&#8221; background_position=&#8221;top_left&#8221; background_repeat=&#8221;repeat&#8221; custom_margin=&#8221;||26px||false|false&#8221; custom_margin_tablet=&#8221;0%||||false|false&#8221; custom_margin_phone=&#8221;&#8221; custom_margin_last_edited=&#8221;on|desktop&#8221; custom_padding=&#8221;0px||0px||false|false&#8221; text_font_size_tablet=&#8221;2.3vw&#8221; text_font_size_phone=&#8221;3.7vw&#8221; text_font_size_last_edited=&#8221;on|phone&#8221; use_border_color=&#8221;off&#8221; border_color=&#8221;#ffffff&#8221; border_style=&#8221;solid&#8221;]<strong>I den nuvarande situationen med coronaviruset h\u00e5ller ni era kontor st\u00e4ngda tills vidare i enlighet med h\u00e4lsoministeriet f\u00f6r att ta ert ansvar och f\u00f6rhindra spridning av Covid-19. Hur g\u00e5r arbetet online? Tror du att f\u00f6retagen nuf\u00f6rtiden \u00e4r f\u00f6rberedda och redo att arbeta hemifr\u00e5n?<\/strong><\/p>\n<p>Arbetet online g\u00e5r j\u00e4ttebra. Arbetsgruppen har bem\u00f6tt problemet p\u00e5 ett fantastiskt s\u00e4tt och vi h\u00e5ller v\u00e5ra m\u00f6ten via videokonferenser, \u00e4ven fikapauser! Jag tror att vi har l\u00e4rt oss genom att g\u00f6ra, p\u00e5 ett mycket intensivt s\u00e4tt. De flesta medlemsf\u00f6retag som har m\u00f6jlighet att arbeta hemifr\u00e5n har f\u00e5tt \u00e4ndra p\u00e5 sina rutiner snabbt. Det \u00e4r imponerande hur de anpassat sig! Men det finns \u00e4ven medlemmar som har tvingats st\u00e4nga sina verksamheter p\u00e5 grund av brist p\u00e5 f\u00f6rs\u00e4ljning, eftersom de inte kan tr\u00e4ffa sina kunder personligen eller av flera olika sk\u00e4l. Det \u00e4r verkligen tragiskt![\/et_pb_text][et_pb_text admin_label=&#8221;Text&#8221; _builder_version=&#8221;4.4.2&#8243; text_font=&#8221;||||||||&#8221; text_text_color=&#8221;#363636&#8243; text_font_size=&#8221;1.2vw&#8221; text_line_height=&#8221;1.4em&#8221; background_size=&#8221;initial&#8221; background_position=&#8221;top_left&#8221; background_repeat=&#8221;repeat&#8221; custom_margin=&#8221;||26px||false|false&#8221; custom_margin_tablet=&#8221;0%||||false|false&#8221; custom_margin_phone=&#8221;&#8221; custom_margin_last_edited=&#8221;on|desktop&#8221; custom_padding=&#8221;0px||0px||false|false&#8221; text_font_size_tablet=&#8221;2.3vw&#8221; text_font_size_phone=&#8221;3.7vw&#8221; text_font_size_last_edited=&#8221;on|phone&#8221; use_border_color=&#8221;off&#8221; border_color=&#8221;#ffffff&#8221; border_style=&#8221;solid&#8221;]<strong>Tror du att det kommer att bli n\u00f6dv\u00e4ndigt f\u00f6r alla f\u00f6retag att h\u00e4nga p\u00e5 den digitala transformationen f\u00f6r att kunna vara tillr\u00e4ckligt konkurrenskraftiga? Eller finns det ens alternativ?<\/strong><\/p>\n<p>Ja, jag tror att f\u00f6retagen m\u00e5ste h\u00e4nga p\u00e5 den digitala trasformationen. Fr\u00e4mst p\u00e5 grund av konkurrensen.[\/et_pb_text][et_pb_text admin_label=&#8221;Text&#8221; _builder_version=&#8221;4.4.2&#8243; text_font=&#8221;||||||||&#8221; text_text_color=&#8221;#363636&#8243; text_font_size=&#8221;1.2vw&#8221; text_line_height=&#8221;1.4em&#8221; background_size=&#8221;initial&#8221; background_position=&#8221;top_left&#8221; background_repeat=&#8221;repeat&#8221; custom_margin=&#8221;||26px||false|false&#8221; custom_margin_tablet=&#8221;0%||||false|false&#8221; custom_margin_phone=&#8221;&#8221; custom_margin_last_edited=&#8221;on|desktop&#8221; custom_padding=&#8221;0px||0px||false|false&#8221; text_font_size_tablet=&#8221;2.3vw&#8221; text_font_size_phone=&#8221;3.7vw&#8221; text_font_size_last_edited=&#8221;on|phone&#8221; use_border_color=&#8221;off&#8221; border_color=&#8221;#ffffff&#8221; border_style=&#8221;solid&#8221;]<strong>Som du vet blev vi p\u00e5 Finca Solmark medlemmar och vi \u00e4r verkligen n\u00f6jda med allt st\u00f6d vi f\u00e5r fr\u00e5n er, b\u00e5de fr\u00e5n huvudkontoret i Madrid och \u00e4ven fr\u00e5n det som finns p\u00e5 Costa del Sol som leds av v\u00e5r v\u00e4n Mats Bj\u00f6rkman. Anser du att era medlemmar kan lockas av de aktiviteter som vi lanserar som f\u00f6renar natur, ekologisk mat och h\u00e5llbar turism?<\/strong><\/p>\n<p>Utan tvekan. Pelle Lundborgs ber\u00e4ttelse \u00e4r sp\u00e4nnande! Och jag tror det kommer finnas \u00e4nnu mer intresse efter karant\u00e4nen. Denna tid har f\u00e5tt oss att dra ned p\u00e5 hastigheten, sakna naturen och uppskatta milj\u00f6n mer.[\/et_pb_text][et_pb_text admin_label=&#8221;Text&#8221; _builder_version=&#8221;4.4.2&#8243; text_font=&#8221;||||||||&#8221; text_text_color=&#8221;#363636&#8243; text_font_size=&#8221;1.2vw&#8221; text_line_height=&#8221;1.4em&#8221; background_size=&#8221;initial&#8221; background_position=&#8221;top_left&#8221; background_repeat=&#8221;repeat&#8221; custom_margin=&#8221;||26px||false|false&#8221; custom_margin_tablet=&#8221;0%||||false|false&#8221; custom_margin_phone=&#8221;&#8221; custom_margin_last_edited=&#8221;on|desktop&#8221; custom_padding=&#8221;0px||0px||false|false&#8221; text_font_size_tablet=&#8221;2.3vw&#8221; text_font_size_phone=&#8221;3.7vw&#8221; text_font_size_last_edited=&#8221;on|phone&#8221; use_border_color=&#8221;off&#8221; border_color=&#8221;#ffffff&#8221; border_style=&#8221;solid&#8221;]<strong>Svenska f\u00f6retag \u00e4r v\u00e4rldsledande inom innovation. K\u00e4nner du till n\u00e5got projekt inom detta omr\u00e5de fr\u00e5n n\u00e5gon av era medlemmar som arbetar i landsbyggdsbranshen? <\/strong><\/p>\n<p>Inte bland v\u00e5ra medlemmar&#8230; vi beh\u00f6ver fler initiativ som ert. Finca Solmark \u00e4r banbrytare. ;)[\/et_pb_text][\/et_pb_column][\/et_pb_row][et_pb_row column_structure=&#8221;1_2,1_2&#8243; _builder_version=&#8221;4.4.2&#8243;][et_pb_column type=&#8221;1_2&#8243; _builder_version=&#8221;4.4.2&#8243;][et_pb_image src=&#8221;https:\/\/stage.fincasolmark.com\/wp-content\/uploads\/2020\/04\/finca_solmark_entrevista_anna_fransson_02.jpg&#8221; align=&#8221;center&#8221; _builder_version=&#8221;4.4.2&#8243; max_width=&#8221;100%&#8221; module_alignment=&#8221;center&#8221; box_shadow_style=&#8221;preset1&#8243;][\/et_pb_image][\/et_pb_column][et_pb_column type=&#8221;1_2&#8243; _builder_version=&#8221;4.4.2&#8243;][et_pb_text admin_label=&#8221;Text&#8221; _builder_version=&#8221;4.4.2&#8243; text_font=&#8221;||||||||&#8221; text_text_color=&#8221;#363636&#8243; text_font_size=&#8221;1.2vw&#8221; text_line_height=&#8221;1.4em&#8221; background_size=&#8221;initial&#8221; background_position=&#8221;top_left&#8221; background_repeat=&#8221;repeat&#8221; custom_margin=&#8221;||26px||false|false&#8221; custom_margin_tablet=&#8221;0%||||false|false&#8221; custom_margin_phone=&#8221;&#8221; custom_margin_last_edited=&#8221;on|desktop&#8221; custom_padding=&#8221;0px||0px||false|false&#8221; text_font_size_tablet=&#8221;2.3vw&#8221; text_font_size_phone=&#8221;3.7vw&#8221; text_font_size_last_edited=&#8221;on|phone&#8221; use_border_color=&#8221;off&#8221; border_color=&#8221;#ffffff&#8221; border_style=&#8221;solid&#8221;]<strong>D\u00e5 hoppas vi p\u00e5 att du kommer och bes\u00f6ker oss snart och att vi kan starta m\u00e5nga initiativ tillsammans i framtiden. N\u00e5gon sista kommentar som inte tagits upp och som du vill ber\u00e4tta om? Till exempel, vad \u00e4r din dr\u00f6m?<\/strong><\/p>\n<p>Jag skulle j\u00e4tteg\u00e4rna \u00e5ka till fincan snart! Jag m\u00e5ste ocks\u00e5 bes\u00f6ka mitt lilla olivtr\u00e4d som jag adopterat och som ser fram emot att se. Tack f\u00f6r detta h\u00e5llbara och h\u00e4lsosamma initiativ!<\/p>\n<p>Och tack f\u00f6r denna intervju. Fr\u00e5gorna \u00e4r bra och jag ser fram emot att se svaren fr\u00e5n de andra kvinnorna ni kommer att intervjua. Det ska bli kul att h\u00f6ra deras ber\u00e4ttelser som s\u00e4kert blir till inspirationsk\u00e4llor f\u00f6r m\u00e5nga.<\/p>\n<p><strong>Min dr\u00f6m?<\/strong>\u00a0 Att ha ett stall uppe i de andalusiska bergen med tio renrasiga h\u00e4star, ta en doktorexamen i statsvetenskap och sedan skulle jag vilja bidra till milj\u00f6- och aff\u00e4rspolitiken p\u00e5 internationell niv\u00e5.[\/et_pb_text][\/et_pb_column][\/et_pb_row][et_pb_row _builder_version=&#8221;4.4.2&#8243;][et_pb_column type=&#8221;4_4&#8243; _builder_version=&#8221;4.4.2&#8243;][et_pb_text admin_label=&#8221;Text&#8221; _builder_version=&#8221;4.4.2&#8243; text_font=&#8221;||||||||&#8221; text_text_color=&#8221;#363636&#8243; text_font_size=&#8221;1.2vw&#8221; text_line_height=&#8221;1.4em&#8221; background_size=&#8221;initial&#8221; background_position=&#8221;top_left&#8221; background_repeat=&#8221;repeat&#8221; custom_margin=&#8221;||26px||false|false&#8221; custom_margin_tablet=&#8221;0%||||false|false&#8221; custom_margin_phone=&#8221;&#8221; custom_margin_last_edited=&#8221;on|desktop&#8221; custom_padding=&#8221;0px||0px||false|false&#8221; text_font_size_tablet=&#8221;2.3vw&#8221; text_font_size_phone=&#8221;3.7vw&#8221; text_font_size_last_edited=&#8221;on|phone&#8221; use_border_color=&#8221;off&#8221; border_color=&#8221;#ffffff&#8221; border_style=&#8221;solid&#8221;]<strong>Och f\u00f6r att avsluta, kan du ge oss en liten sammanfattning av din \u201dhistoria\u201d?<\/strong><\/p>\n<p>Jag brinner f\u00f6r historia, arkitektur, kultur, politik, natur, m\u00e4nniskor och spr\u00e5k, vilket var det som fick mig att komma till Spanien. H\u00e4r kan jag hitta allt detta som jag brinner f\u00f6r. Detta var anledningen till att jag studerade konsthistoria i den underbara staden Granada som f\u00f6renar historia med natur. Jag brinner f\u00f6r det spanska spr\u00e5ket. Det \u00e4r s\u00e5 omfattande och jag \u00e4lskar att prata det!<\/p>\n<p>Jag brinner \u00e4ven f\u00f6r h\u00e4star! F\u00f6r mig \u00e4r det elegans och natur i sin \u00e4dlaste form. Jag rider s\u00e5 ofta jag kan. Just nu njuter jag av att f\u00f6rdjupa mina kunskaper i dressyr vilket \u00e4r ett stort konststycke i Spanien.<\/p>\n<p>Jag fascineras av politik, den omfattar m\u00e5nga sociala fr\u00e5gor som intresserar mig och som jag anser viktiga.[\/et_pb_text][\/et_pb_column][\/et_pb_row][\/et_pb_section][et_pb_section fb_built=&#8221;1&#8243; _builder_version=&#8221;3.29.3&#8243; custom_margin_tablet=&#8221;&#8221; custom_margin_phone=&#8221;&#8221; custom_margin_last_edited=&#8221;on|phone&#8221; custom_padding=&#8221;0px||0px||false|false&#8221;][et_pb_row column_structure=&#8221;1_2,1_2&#8243; _builder_version=&#8221;3.29.3&#8243;][et_pb_column type=&#8221;1_2&#8243; _builder_version=&#8221;3.29.3&#8243;][et_pb_image src=&#8221;https:\/\/stage.fincasolmark.com\/wp-content\/uploads\/2019\/10\/finca_solmark_i_jornada_puertas_abiertas_casita_rural.jpg&#8221; _builder_version=&#8221;3.29.3&#8243; box_shadow_style=&#8221;preset1&#8243;][\/et_pb_image][\/et_pb_column][et_pb_column type=&#8221;1_2&#8243; _builder_version=&#8221;3.29.3&#8243;][et_pb_text _builder_version=&#8221;4.2.1&#8243; text_font=&#8221;||||||||&#8221; text_text_color=&#8221;#363636&#8243; text_font_size=&#8221;1.2vw&#8221; text_line_height=&#8221;1.4em&#8221; background_size=&#8221;initial&#8221; background_position=&#8221;top_left&#8221; background_repeat=&#8221;repeat&#8221; custom_margin=&#8221;10px||0px|&#8221; custom_padding=&#8221;0px|||||&#8221; text_font_size_tablet=&#8221;2.3vw&#8221; text_font_size_phone=&#8221;3.7vw&#8221; text_font_size_last_edited=&#8221;on|phone&#8221;]<strong>OM FINCA SOLMARK<\/strong><\/p>\n<p><strong><em>Finca Solmark<\/em><\/strong><em>\u00a0erbjuder eko-h\u00e5llbar landsbygdsturism med spanskt-svenskt ursprung med huvudsaklig aktivitet kring tillverkning, marknadsf\u00f6ring och export av olivolja virgen extra, avokador samt andra ekologiska produkter till Sverige och andra europeiska l\u00e4nder. Fincan erbjuder logi i lantlig milj\u00f6 i charmiga Carratraca, M\u00e1laga, en av de vackraste platserna i s\u00f6dra Spanien. D\u00e4r kan man ut\u00f6va aktiviteter inom turism,<br \/>\ngastronomi, kultur, vetenskap, sport, h\u00e4lsa och v\u00e4lbefinnande. Finca Solmark \u00e4r dessutom unik f\u00f6r sina projekt om att \u00f6ka medvetenhet och utbildning kring milj\u00f6h\u00e4nsyn.<\/em><\/p>\n<p>&nbsp;<\/p>\n<p><strong>Web:<\/strong>\u00a0<a href=\"https:\/\/stage.fincasolmark.com\/\">https:\/\/stage.fincasolmark.com\/<\/a><\/p>\n<p><strong>E-mail:<\/strong>\u00a0<a href=\"mailto:hi@fincasolmark.com\">hi@fincasolmark.com<\/a>[\/et_pb_text][\/et_pb_column][\/et_pb_row][\/et_pb_section]<\/p>\n","protected":false},"excerpt":{"rendered":"<p>September 2019 b\u00f6rjade Anna Fransson p\u00e5 svensk-spanska handelskammaren som VD. Hennes roll \u00e4r att \u00f6ka v\u00e4rdet av medlemskapet i handelskammaren och medlemmarnas n\u00e4rvaro i det spanska aff\u00e4rsn\u00e4tverket samt rapportera till styrelsens ordf\u00f6rande Luisa Alli, IKEAs kommunikationschef i Spanien.<br \/>\nAnna har omfattande utbildning och utm\u00e4rker sig f\u00f6r sin entrepren\u00f6rsanda. Hennes yrkeserfarenhet bygger p\u00e5 internationella relationer, milj\u00f6 och h\u00e5llbarhet.<br \/>\nHennes personlighet g\u00e5r inte obem\u00e4rkt f\u00f6rbi: socialt engagemang, ledarskap av grupper, empati, uth\u00e5llighet och kreativitet bland annat.<\/p>\n","protected":false},"author":1,"featured_media":247297,"comment_status":"closed","ping_status":"closed","sticky":false,"template":"","format":"standard","meta":{"_et_pb_use_builder":"on","_et_pb_old_content":"","_et_gb_content_width":"","footnotes":""},"categories":[122],"tags":[],"class_list":["post-248188","post","type-post","status-publish","format-standard","has-post-thumbnail","hentry","category-entrevistas-sv"],"_links":{"self":[{"href":"https:\/\/stage.fincasolmark.com\/sv\/wp-json\/wp\/v2\/posts\/248188","targetHints":{"allow":["GET"]}}],"collection":[{"href":"https:\/\/stage.fincasolmark.com\/sv\/wp-json\/wp\/v2\/posts"}],"about":[{"href":"https:\/\/stage.fincasolmark.com\/sv\/wp-json\/wp\/v2\/types\/post"}],"author":[{"embeddable":true,"href":"https:\/\/stage.fincasolmark.com\/sv\/wp-json\/wp\/v2\/users\/1"}],"replies":[{"embeddable":true,"href":"https:\/\/stage.fincasolmark.com\/sv\/wp-json\/wp\/v2\/comments?post=248188"}],"version-history":[{"count":0,"href":"https:\/\/stage.fincasolmark.com\/sv\/wp-json\/wp\/v2\/posts\/248188\/revisions"}],"wp:featuredmedia":[{"embeddable":true,"href":"https:\/\/stage.fincasolmark.com\/sv\/wp-json\/wp\/v2\/media\/247297"}],"wp:attachment":[{"href":"https:\/\/stage.fincasolmark.com\/sv\/wp-json\/wp\/v2\/media?parent=248188"}],"wp:term":[{"taxonomy":"category","embeddable":true,"href":"https:\/\/stage.fincasolmark.com\/sv\/wp-json\/wp\/v2\/categories?post=248188"},{"taxonomy":"post_tag","embeddable":true,"href":"https:\/\/stage.fincasolmark.com\/sv\/wp-json\/wp\/v2\/tags?post=248188"}],"curies":[{"name":"wp","href":"https:\/\/api.w.org\/{rel}","templated":true}]}}