{"id":249057,"date":"2020-09-23T16:08:24","date_gmt":"2020-09-23T16:08:24","guid":{"rendered":"https:\/\/stage.fincasolmark.com\/?p=249057"},"modified":"2020-09-23T16:23:03","modified_gmt":"2020-09-23T16:23:03","slug":"pelle-lundborg-utsedd-till-ny-ledamot-for-svensk-spanska-handelskammaren","status":"publish","type":"post","link":"https:\/\/stage.fincasolmark.com\/sv\/pelle-lundborg-utsedd-till-ny-ledamot-for-svensk-spanska-handelskammaren\/","title":{"rendered":"Pelle Lundborg utsedd till ny ledamot f\u00f6r Svensk-Spanska Handelskammaren"},"content":{"rendered":"<p>[et_pb_section fb_built=&#8221;1&#8243; _builder_version=&#8221;4.6.1&#8243; background_image=&#8221;https:\/\/stage.fincasolmark.com\/wp-content\/uploads\/2020\/09\/finca_solmark_pelle_lundborg_nuevo_Delegado_Camara_Comercio_Hispano-Sueca_cab.jpg&#8221; custom_padding=&#8221;276px||226px|||&#8221;][\/et_pb_section][et_pb_section fb_built=&#8221;1&#8243; custom_padding_last_edited=&#8221;on|phone&#8221; admin_label=&#8221;Section&#8221; _builder_version=&#8221;3.29.3&#8243; background_enable_color=&#8221;off&#8221; custom_padding=&#8221;||3px|||&#8221; custom_padding_tablet=&#8221;50px|0|0px|0|false|false&#8221; custom_padding_phone=&#8221;&#8221; transparent_background=&#8221;off&#8221; make_fullwidth=&#8221;off&#8221; use_custom_width=&#8221;off&#8221; width_unit=&#8221;on&#8221;][et_pb_row column_structure=&#8221;1_3,2_3&#8243; padding_mobile=&#8221;on&#8221; column_padding_mobile=&#8221;on&#8221; admin_label=&#8221;row&#8221; _builder_version=&#8221;3.25&#8243; background_size=&#8221;initial&#8221; background_position=&#8221;top_left&#8221; background_repeat=&#8221;repeat&#8221; custom_padding=&#8221;0px||5px|||&#8221; make_fullwidth=&#8221;off&#8221; use_custom_width=&#8221;off&#8221; width_unit=&#8221;on&#8221;][et_pb_column type=&#8221;1_3&#8243; _builder_version=&#8221;3.25&#8243; custom_padding=&#8221;|||&#8221; custom_padding__hover=&#8221;|||&#8221;][et_pb_text admin_label=&#8221;Text&#8221; _builder_version=&#8221;4.6.1&#8243; text_font=&#8221;||||||||&#8221; text_text_color=&#8221;#323232&#8243; text_font_size=&#8221;5vw&#8221; text_line_height=&#8221;1.1em&#8221; background_size=&#8221;initial&#8221; background_position=&#8221;top_left&#8221; background_repeat=&#8221;repeat&#8221; custom_margin=&#8221;0px||0px|&#8221; text_font_size_tablet=&#8221;9vw&#8221; text_font_size_phone=&#8221;13vw&#8221; text_font_size_last_edited=&#8221;on|desktop&#8221; use_border_color=&#8221;off&#8221; border_color=&#8221;#ffffff&#8221; border_style=&#8221;solid&#8221;]24[\/et_pb_text][et_pb_divider color=&#8221;#aeaeac&#8221; admin_label=&#8221;Divider&#8221; _builder_version=&#8221;3.2&#8243; custom_css_main_element=&#8221;width:20px;&#8221; hide_on_mobile=&#8221;off&#8221;][\/et_pb_divider][et_pb_text admin_label=&#8221;Text&#8221; _builder_version=&#8221;4.6.1&#8243; text_font=&#8221;|700|||||||&#8221; text_text_color=&#8221;#363636&#8243; text_font_size=&#8221;18&#8243; background_size=&#8221;initial&#8221; background_position=&#8221;top_left&#8221; background_repeat=&#8221;repeat&#8221; custom_margin=&#8221;-10px||0px|&#8221; use_border_color=&#8221;off&#8221; border_color=&#8221;#ffffff&#8221; border_style=&#8221;solid&#8221;]September, 2020[\/et_pb_text][\/et_pb_column][et_pb_column type=&#8221;2_3&#8243; _builder_version=&#8221;3.25&#8243; custom_padding=&#8221;|||&#8221; custom_padding__hover=&#8221;|||&#8221;][et_pb_text admin_label=&#8221;Text&#8221; _builder_version=&#8221;4.6.1&#8243; text_font=&#8221;Libre Franklin||||||||&#8221; text_text_color=&#8221;#02b875&#8243; header_font=&#8221;Libre Franklin||||||||&#8221; header_text_color=&#8221;#ad9a6b&#8221; background_size=&#8221;initial&#8221; background_position=&#8221;top_left&#8221; background_repeat=&#8221;repeat&#8221; min_height=&#8221;45px&#8221; custom_margin=&#8221;20px||-10px|||&#8221; custom_padding=&#8221;||0px|||&#8221; use_border_color=&#8221;off&#8221; border_color=&#8221;#ffffff&#8221; border_style=&#8221;solid&#8221;]<\/p>\n<h1><strong>Pelle Lundborg utsedd till ny ledamot f\u00f6r Svensk-Spanska Handelskammaren<br \/>\n<\/strong><\/h1>\n<p>[\/et_pb_text][et_pb_divider _builder_version=&#8221;3.29.2&#8243; custom_margin=&#8221;||-7px|||&#8221;][\/et_pb_divider][\/et_pb_column][\/et_pb_row][et_pb_row _builder_version=&#8221;4.6.1&#8243; _module_preset=&#8221;default&#8221;][et_pb_column type=&#8221;4_4&#8243; _builder_version=&#8221;4.6.1&#8243; _module_preset=&#8221;default&#8221;][et_pb_image src=&#8221;https:\/\/stage.fincasolmark.com\/wp-content\/uploads\/2020\/09\/logo-finca-solmark-camara-comercio-hispano-sueca.jpg&#8221; alt=&#8221;logo-fincasolmark&#8221; title_text=&#8221;logo-finca-solmark-camara-comercio-hispano-sueca&#8221; align=&#8221;center&#8221; _builder_version=&#8221;4.6.1&#8243; max_width=&#8221;100%&#8221; module_alignment=&#8221;center&#8221; custom_margin=&#8221;0px|||||&#8221; box_shadow_style=&#8221;preset1&#8243;][\/et_pb_image][\/et_pb_column][\/et_pb_row][et_pb_row _builder_version=&#8221;4.2.2&#8243; custom_padding=&#8221;5px||17px|||&#8221;][et_pb_column type=&#8221;4_4&#8243; _builder_version=&#8221;4.2.2&#8243;][et_pb_text admin_label=&#8221;Text&#8221; _builder_version=&#8221;4.6.1&#8243; text_font=&#8221;||||||||&#8221; text_text_color=&#8221;#363636&#8243; text_font_size=&#8221;1.2vw&#8221; text_line_height=&#8221;1.4em&#8221; background_size=&#8221;initial&#8221; background_position=&#8221;top_left&#8221; background_repeat=&#8221;repeat&#8221; custom_margin=&#8221;10px||0px|&#8221; custom_padding=&#8221;3px||5px|||&#8221; hover_enabled=&#8221;0&#8243; text_font_size_tablet=&#8221;2.3vw&#8221; text_font_size_phone=&#8221;3.7vw&#8221; text_font_size_last_edited=&#8221;on|phone&#8221; use_border_color=&#8221;off&#8221; border_color=&#8221;#ffffff&#8221; border_style=&#8221;solid&#8221; sticky_enabled=&#8221;0&#8243;]Svensk-Spanska Handelskammaren, som grundades 1950 och har mer \u00e4n 200 medlemmar i Spanien, har utn\u00e4mnt videospelsentrepren\u00f6ren Pelle Lundborg till ny ledamot p\u00e5 Solkusten. Han tar \u00f6ver efter Mats Bj\u00f6rkman och kommer att rapportera till kammarens vd Anna Fransson. <\/p>\n<p>Efter 25 framg\u00e5ngsrika \u00e5r i videospelbranschen best\u00e4mde sig Pelle Lundborg f\u00f6r att det var dags f\u00f6r n\u00e5got nytt. Hans stora intresse f\u00f6r den spanska matkulturen och passion f\u00f6r milj\u00f6, h\u00e4lsa och personligt v\u00e4lm\u00e5ende ledde honom 2018 till grundandet av Finca Solmark \u2013 en ekologisk g\u00e5rd i Carratraca utanf\u00f6r M\u00e1laga d\u00e4r han odlar oliver och avokados och har \u00f6ppnat upp sitt hem f\u00f6r en ny typ av h\u00e5llbar agrikulturell turism. Nu kliver han ocks\u00e5 in som ny delegat f\u00f6r den Svensk-Spanska Handelskammaren. <\/p>\n<p>\u2013 Vi \u00e4r mycket n\u00f6jda med Pelles intr\u00e4de i kammaren. Hans profil passar perfekt in med den typ av person som vi vill ha i v\u00e5rt team, en \u201dchangemaker\u201d med initiativ, kreativitet, bra id\u00e9er, positiv attityd, social skicklighet och en imponerande f\u00f6rm\u00e5ga att koppla ihop m\u00e4nniskor med varandra, s\u00e4ger Anna Fransson, vd p\u00e5 Svensk-Spanska Handelskammaren. <\/p>\n<p>\u2013 Jag k\u00e4nner mig lyckligt lottad att f\u00e5 ta mig an denna nya utmaning i kammaren. Mats har lagt ribban h\u00f6gt och har gjort ett utomordentligt arbete under alla dessa \u00e5r. V\u00e5rt fokus fram\u00f6ver ligger p\u00e5 att forts\u00e4tta \u00f6ka v\u00e4rdet p\u00e5 medlemskapet f\u00f6r v\u00e5ra medlemmar i delegationen p\u00e5 Solkusten genom att fr\u00e4mja kommersiella och kulturella relationer mellan Spanien och Sverige, och jag har redan nu n\u00e5gra id\u00e9er som jag hoppas att medlemmarna kommer att gilla, s\u00e4ger Pelle Lundborg. <\/p>\n<p>Pelle Lundborg f\u00f6ddes i \u00d6rebro och har en l\u00e5ng karri\u00e4r bakom sig. Uppvuxen med en stark entrepren\u00f6rsanda startade han sin f\u00f6rsta videospelsbutik vid 16 \u00e5rs \u00e5lder. Sedan dess har han fortsatt att starta projekt och nya f\u00f6retag och bland framg\u00e5ngarna finns bland annat lanseringen av den f\u00f6rsta kedjan av videospelbutiker i Sverige, Nordic Games, som senare utvecklades till b\u00f6rsnoterade Embracer Group, ett multinationellt bolag med \u00f6ver 4 000 anst\u00e4llda.<\/p>\n<p>Luisa Alli, styrelseordf\u00f6rande f\u00f6r Svensk-Spanska Handelskammaren och kommunikationsdirekt\u00f6r f\u00f6r IKEA Spanien, v\u00e4lkomnar kammarens senaste tillskott: <\/p>\n<p>\u2013 Att kombinera det b\u00e4sta av Sverige och Spanien, tillsammans med hans stora intresse f\u00f6r innovation, teknologi, h\u00e5llbarhet och m\u00e5ngfald, g\u00f6r Pelle till den perfekta kandidaten f\u00f6r denna nya fas i kammaren. Jag \u00f6nskar honom varmt v\u00e4lkommen och ett stort lycka till.<br \/>\n[\/et_pb_text][\/et_pb_column][\/et_pb_row][\/et_pb_section][et_pb_section fb_built=&#8221;1&#8243; _builder_version=&#8221;3.29.3&#8243; custom_margin_tablet=&#8221;&#8221; custom_margin_phone=&#8221;&#8221; custom_margin_last_edited=&#8221;on|phone&#8221; custom_padding=&#8221;0px||0px||false|false&#8221;][et_pb_row column_structure=&#8221;1_2,1_2&#8243; _builder_version=&#8221;3.29.3&#8243;][et_pb_column type=&#8221;1_2&#8243; _builder_version=&#8221;3.29.3&#8243;][et_pb_image src=&#8221;https:\/\/stage.fincasolmark.com\/wp-content\/uploads\/2019\/10\/finca_solmark_i_jornada_puertas_abiertas_casita_rural.jpg&#8221; _builder_version=&#8221;3.29.3&#8243; box_shadow_style=&#8221;preset1&#8243;][\/et_pb_image][\/et_pb_column][et_pb_column type=&#8221;1_2&#8243; _builder_version=&#8221;3.29.3&#8243;][et_pb_text _builder_version=&#8221;4.6.1&#8243; text_font=&#8221;||||||||&#8221; text_text_color=&#8221;#363636&#8243; text_font_size=&#8221;1.2vw&#8221; text_line_height=&#8221;1.4em&#8221; background_size=&#8221;initial&#8221; background_position=&#8221;top_left&#8221; background_repeat=&#8221;repeat&#8221; custom_margin=&#8221;10px||0px|&#8221; custom_padding=&#8221;0px|||||&#8221; hover_enabled=&#8221;0&#8243; text_font_size_tablet=&#8221;2.3vw&#8221; text_font_size_phone=&#8221;3.7vw&#8221; text_font_size_last_edited=&#8221;on|phone&#8221; sticky_enabled=&#8221;0&#8243;]<strong>OM FINCA SOLMARK<\/strong><\/p>\n<p><strong><em>Finca Solmark<\/em><\/strong><em>\u00a0erbjuder eko-h\u00e5llbar landsbygdsturism med spanskt-svenskt ursprung med huvudsaklig aktivitet kring tillverkning, marknadsf\u00f6ring och export av olivolja virgen extra, avokador samt andra ekologiska produkter till Sverige och andra europeiska l\u00e4nder. Fincan erbjuder logi i lantlig milj\u00f6 i charmiga Carratraca, M\u00e1laga, en av de vackraste platserna i s\u00f6dra Spanien. D\u00e4r kan man ut\u00f6va aktiviteter inom turism, gastronomi, kultur, vetenskap, sport, h\u00e4lsa och v\u00e4lbefinnande. Finca Solmark \u00e4r dessutom unik f\u00f6r sina projekt om att \u00f6ka medvetenhet och utbildning kring milj\u00f6h\u00e4nsyn.<\/em><\/p>\n<p>&nbsp;<\/p>\n<p><strong>Web:<\/strong>\u00a0<a href=\"https:\/\/stage.fincasolmark.com\/\">https:\/\/stage.fincasolmark.com\/<\/a><\/p>\n<p><strong>E-mail:<\/strong>\u00a0<a href=\"mailto:hi@fincasolmark.com\">hi@fincasolmark.com<\/a>[\/et_pb_text][\/et_pb_column][\/et_pb_row][\/et_pb_section]<\/p>\n","protected":false},"excerpt":{"rendered":"<p>Svensk-Spanska Handelskammaren, som grundades 1950 och har mer \u00e4n 200 medlemmar i Spanien, har utn\u00e4mnt videospelsentrepren\u00f6ren Pelle Lundborg till ny ledamot p\u00e5 Solkusten. Han tar \u00f6ver efter Mats Bj\u00f6rkman och kommer att rapportera till kammarens vd Anna Fransson.<\/p>\n","protected":false},"author":1,"featured_media":249034,"comment_status":"closed","ping_status":"closed","sticky":false,"template":"","format":"standard","meta":{"_et_pb_use_builder":"on","_et_pb_old_content":"","_et_gb_content_width":"","footnotes":""},"categories":[105],"tags":[],"class_list":["post-249057","post","type-post","status-publish","format-standard","has-post-thumbnail","hentry","category-allianser"],"_links":{"self":[{"href":"https:\/\/stage.fincasolmark.com\/sv\/wp-json\/wp\/v2\/posts\/249057","targetHints":{"allow":["GET"]}}],"collection":[{"href":"https:\/\/stage.fincasolmark.com\/sv\/wp-json\/wp\/v2\/posts"}],"about":[{"href":"https:\/\/stage.fincasolmark.com\/sv\/wp-json\/wp\/v2\/types\/post"}],"author":[{"embeddable":true,"href":"https:\/\/stage.fincasolmark.com\/sv\/wp-json\/wp\/v2\/users\/1"}],"replies":[{"embeddable":true,"href":"https:\/\/stage.fincasolmark.com\/sv\/wp-json\/wp\/v2\/comments?post=249057"}],"version-history":[{"count":0,"href":"https:\/\/stage.fincasolmark.com\/sv\/wp-json\/wp\/v2\/posts\/249057\/revisions"}],"wp:featuredmedia":[{"embeddable":true,"href":"https:\/\/stage.fincasolmark.com\/sv\/wp-json\/wp\/v2\/media\/249034"}],"wp:attachment":[{"href":"https:\/\/stage.fincasolmark.com\/sv\/wp-json\/wp\/v2\/media?parent=249057"}],"wp:term":[{"taxonomy":"category","embeddable":true,"href":"https:\/\/stage.fincasolmark.com\/sv\/wp-json\/wp\/v2\/categories?post=249057"},{"taxonomy":"post_tag","embeddable":true,"href":"https:\/\/stage.fincasolmark.com\/sv\/wp-json\/wp\/v2\/tags?post=249057"}],"curies":[{"name":"wp","href":"https:\/\/api.w.org\/{rel}","templated":true}]}}